{"id":9898,"date":"2011-09-26T10:07:26","date_gmt":"2011-09-26T15:07:26","guid":{"rendered":"http:\/\/www.travelbymexico.com\/blog\/?p=9898"},"modified":"2011-09-26T18:37:28","modified_gmt":"2011-09-26T23:37:28","slug":"herencia-africana-en-mexico-exposicion-en-chapultepec","status":"publish","type":"post","link":"https:\/\/www.travelbymexico.com\/blog\/9898-herencia-africana-en-mexico-exposicion-en-chapultepec\/","title":{"rendered":"Herencia Africana en M\u00e9xico, Exposici\u00f3n en Chapultepec"},"content":{"rendered":"<h2>&#8220;Abriendo los ojos: Afro Mexicano&#8221; es el t\u00edtulo del proyecto art\u00edstico creado por la fot\u00f3grafa Paulina Garc\u00eda Hubard y auspiciado por la Secretar\u00eda de Cultura del DF y, actualement en exhibici\u00f3n en la Galer\u00eda de las Rejas de Chapultepec, es decir, la parte de Prolongaci\u00f3n Reforma en la que se encuentra la zona de museos, hasta el 9 de octubre del 2011.<\/h2>\n<h3>La herencia africana, parte integrante del mapa cultural de M\u00e9xico<\/h3>\n<p>Esta exposici\u00f3n, conformada por fotograf\u00edas en blanco y negro y a color, tiene como prop\u00f3sito dar conciencia de la diversidad cultural (en el sentido antropol\u00f3gico) que existe en nuestro pa\u00eds mostrando escenas de la vida cotidiana, manifestaciones art\u00edsticas y otros aspectos culturales de los llamados &#8220;Pueblos Negros&#8221; o &#8220;Afrodescendientes&#8221; o &#8220;Afromexicanos&#8221;, presentes principalmente en los <strong>Estados de Guerrero<\/strong>, <strong>Oaxaca,\u00a0<\/strong> <strong>Veracruz, Michoac\u00e1n, Quintana Roo, Campeche<\/strong> y<strong> Yucat\u00e1n<\/strong>; con particular enf\u00e1sis en su car\u00e1cter alegre.<\/p>\n<p>Aunque por el momento la exposici\u00f3n solamente puede apreciarse en este lugar, se tiene planeado su presentaci\u00f3n virtual por Internet.<\/p>\n<p><strong>Ubicaci\u00f3n<\/strong>: Galer\u00eda de las Rejas de Chapultepec, Calzada de prolongaci\u00f3n Reforma esq. con Gandhi. Bosque de Chapultepec. D.F. M\u00e9xico.<\/p>\n<p><strong>\u00bfC\u00f3mo llegar?<\/strong> : Estaci\u00f3n de metro Auditorio, l\u00ednea 7. Horario: Exposici\u00f3n al exterior, horario libre.<br \/>\n<strong>Entrada<\/strong>: Libre toda la semana.<\/p>\n<h3>Liga de Inter\u00e9s:<\/h3>\n<p><a title=\"Atractivos Tur\u00edsticos en la ciudad de M\u00e9xico\" href=\"http:\/\/www.travelbymexico.com\/ciudaddemexico\/atractivos\" target=\"_blank\">Atractivos Tur\u00edsticos de la Ciudad de M\u00e9xico<\/a><\/p>\n<p>&nbsp;<\/p>\n","protected":false},"excerpt":{"rendered":"<p>&#8220;Abriendo los ojos: Afro Mexicano&#8221; es el t\u00edtulo del proyecto art\u00edstico creado por la fot\u00f3grafa Paulina Garc\u00eda Hubard y auspiciado<\/p>\n","protected":false},"author":2,"featured_media":9899,"comment_status":"closed","ping_status":"open","sticky":false,"template":"","format":"standard","meta":[],"categories":[9],"tags":[1967,1964,318,508,1966,1965],"_links":{"self":[{"href":"https:\/\/www.travelbymexico.com\/blog\/wp-json\/wp\/v2\/posts\/9898"}],"collection":[{"href":"https:\/\/www.travelbymexico.com\/blog\/wp-json\/wp\/v2\/posts"}],"about":[{"href":"https:\/\/www.travelbymexico.com\/blog\/wp-json\/wp\/v2\/types\/post"}],"author":[{"embeddable":true,"href":"https:\/\/www.travelbymexico.com\/blog\/wp-json\/wp\/v2\/users\/2"}],"replies":[{"embeddable":true,"href":"https:\/\/www.travelbymexico.com\/blog\/wp-json\/wp\/v2\/comments?post=9898"}],"version-history":[{"count":5,"href":"https:\/\/www.travelbymexico.com\/blog\/wp-json\/wp\/v2\/posts\/9898\/revisions"}],"predecessor-version":[{"id":9901,"href":"https:\/\/www.travelbymexico.com\/blog\/wp-json\/wp\/v2\/posts\/9898\/revisions\/9901"}],"wp:featuredmedia":[{"embeddable":true,"href":"https:\/\/www.travelbymexico.com\/blog\/wp-json\/wp\/v2\/media\/9899"}],"wp:attachment":[{"href":"https:\/\/www.travelbymexico.com\/blog\/wp-json\/wp\/v2\/media?parent=9898"}],"wp:term":[{"taxonomy":"category","embeddable":true,"href":"https:\/\/www.travelbymexico.com\/blog\/wp-json\/wp\/v2\/categories?post=9898"},{"taxonomy":"post_tag","embeddable":true,"href":"https:\/\/www.travelbymexico.com\/blog\/wp-json\/wp\/v2\/tags?post=9898"}],"curies":[{"name":"wp","href":"https:\/\/api.w.org\/{rel}","templated":true}]}}