{"id":9845,"date":"2011-09-22T19:53:25","date_gmt":"2011-09-23T00:53:25","guid":{"rendered":"http:\/\/www.travelbymexico.com\/blog\/?p=9845"},"modified":"2011-09-22T19:53:25","modified_gmt":"2011-09-23T00:53:25","slug":"radar-unam-2011-festival-de-exploracion-sonora","status":"publish","type":"post","link":"https:\/\/www.travelbymexico.com\/blog\/9845-radar-unam-2011-festival-de-exploracion-sonora\/","title":{"rendered":"Radar UNAM 2011: Festival de exploraci\u00f3n sonora"},"content":{"rendered":"<h2>Desde su creaci\u00f3n en 2002, Radar es conocido como el espacio de exploraci\u00f3n sonora del Festival de M\u00e9xico. Este a\u00f1o, contin\u00faa con la vocaci\u00f3n de mostrar lo m\u00e1s relevante en los \u00e1mbitos de la m\u00fasica experimental, la m\u00fasica contempor\u00e1nea y el arte sonoro iniciando una nueva etapa en sociedad con la Coordinaci\u00f3n de Difusi\u00f3n Cultural de la UNAM.<\/h2>\n<h3>El principal foro de la UNAM dedicado a la m\u00fasica actual<\/h3>\n<p><span style=\"text-decoration: underline;\"><strong>Objetivos de &#8220;Radar UNAM&#8221;<\/strong><\/span>:\u00a0 &#8220;<em>Dar a conocer las manifestaciones m\u00e1s relevantes de la actualidad musical, generar oportunidades para la formaci\u00f3n de profesionales de la m\u00fasica al acercar a los estudiantes a las tendencias actuales as\u00ed como organizar actividades que fomentan la vinculaci\u00f3n con artistas de talla internacional.<\/em>&#8221;<\/p>\n<h3>M\u00fasica Electr\u00f3nica, Cl\u00e1sica Contempor\u00e1nea, Multimedia y Free Improv<\/h3>\n<p>El programa del Festival Radar UNAM 2011 incluir\u00e1 una semana de actividades entre las cuales destacan los conciertos, presentaciones multimedia y actividades acad\u00e9micas y de divulgaci\u00f3n como conferencias y talleres con los artistas invitados.<\/p>\n<p><span style=\"text-decoration: underline;\"><strong>Del 27 de Septiembre al 2 de Octubre de 2011 <\/strong><\/span><\/p>\n<p><span style=\"text-decoration: underline;\"><strong>Sedes: Distintos espacios del Centro Cultural Universitario y la Escuela Nacional de M\u00fasica.<\/strong><\/span><\/p>\n<p><em>Direcci\u00f3n del Centro Cultural Universitario: Insurgentes Sur No.3000, \u2028Ruta 3 del Pumabus desde el Metro Universidad.<\/em><\/p>\n<h3>Conferencias y charlas con los artistas invitados:<\/h3>\n<p>&#8220;Perspectivas de m\u00fasica visual&#8221;, &#8220;M\u00fasica modular de resultado variable&#8221;, &#8220;Panor\u00e1mica, producci\u00f3n y difusi\u00f3n del arte sonoro Iberoamericano&#8221;; son unas de las tem\u00e1ticas que ser\u00e1n abordados durante las <span style=\"text-decoration: underline;\">conferencias y charlas gratuitas impartidas por los mismos artistas invitados<\/span>; entre ellas queremos mencionar<strong> una muy especial titulada &#8220;M\u00fasica C\u00f3smica&#8221;<\/strong> que tratar\u00e1 sobre los v\u00ednculos entre m\u00fasica y astronom\u00eda, as\u00ed como sobre perspectivas de futuros proyectos de colaboraci\u00f3n entre una disciplina y otra.<br \/>\n<strong>El 2 de octubre 2011 a las 12:00 hrs, en el Auditorio de la MUAC<\/strong>.<br \/>\nCon <strong>Jos\u00e9 Wolffer<\/strong>, Director del <a title=\"Sitio oficial del Festival M\u00e9xico 2011\" href=\"http:\/\/www.festival.org.mx\/fmx\/\" target=\"_blank\">Festival de M\u00e9xico<\/a> FMX, y <strong>Jos\u00e9 Franco, eminente cient\u00edfico e investigador mexicano<\/strong>, ex director del Instituto de Astronom\u00eda de la UNAM, Vicepresidente de la Academia Mexicana de Ciencias; es tambi\u00e9n uno de los promotores m\u00e1s activos en la astrof\u00edsica mexicana al ser uno de los principales organizadores del &#8220;A\u00f1o Internacional de la Astronom\u00eda en M\u00e9xico&#8221; (2009), as\u00ed como de la &#8220;<a title=\"Noche de las Estrellas en M\u00e9xico, 26 de Febrero 2011\" href=\"http:\/\/www.travelbymexico.com\/blog\/5637-noche-de-las-estrellas-en-tu-ciudad-26-de-febrero-2011\/\" target=\"_blank\">Noche de las Estrellas<\/a>&#8220;.<\/p>\n<h3>Artistas Invitados del Festival Radar UNAM 2011<\/h3>\n<p><strong>Morton Subotnick<\/strong> + <strong>Lillevan<\/strong> <em>(Estados Unidos \/ Alemania)<\/em><br \/>\n<span style=\"text-decoration: underline;\">Martes 27 de septiembre 2011<\/span> &#8211; Sala Miguel Covarrubias &#8211; 20:30 horas.<br \/>\nElectr\u00f3nica y video.<\/p>\n<p><strong>Antonio Fern\u00e1ndez Ros<\/strong> <em>(M\u00e9xico)<\/em><br \/>\n<span style=\"text-decoration: underline;\">Mi\u00e9rcoles 28 de septiembre 2011<\/span> &#8211; Espacio de Experimentaci\u00f3n MUAC &#8211; 19:00 horas.<br \/>\nObra: &#8220;Glossa, o el sonido del lenguaje&#8221;.<\/p>\n<p><strong>Nobukazu Takemura<\/strong> + <strong>Koota Tanimura<\/strong> <em>(Jap\u00f3n)<\/em><br \/>\n<span style=\"text-decoration: underline;\">Jueves 29 de septiembre 2011<\/span> &#8211; Sala Nezahualc\u00f3yotl &#8211; 20:30 horas.<br \/>\nM\u00fasica electr\u00f3nica experimental y video en tiempo real. Koota Tanimura, Guitarra.<\/p>\n<p><strong>Fred Frith<\/strong> + <strong>Mike Patton<\/strong> <em>(Inglaterra \/ Estados Unidos)<\/em><br \/>\n<span style=\"text-decoration: underline;\">Viernes 30 de septiembre 2011<\/span> &#8211; Sala Nezahualc\u00f3yotl, 20:30 horas.<br \/>\nSesi\u00f3n de free improv con Mike Patton (Faith No More, Fant\u00f4mas, Tomahawk) y Fred Frith (Henry Cow, Naked City, Chris Cutler).<\/p>\n<p><strong>Juan Jos\u00e9 B\u00e1rcenas<\/strong> + <strong>Carlos Iturralde<\/strong> <em>(M\u00e9xico)<\/em><br \/>\n<span style=\"text-decoration: underline;\">S\u00e1bado 1 de octubre 2011<\/span> &#8211; Auditorio MUAC &#8211; 12:00 horas.<br \/>\nVideo y electroac\u00fastica.<\/p>\n<p><strong>Miguel Angel Garc\u00eda<\/strong> +<strong> Jos\u00e9 Luis Hurtado<\/strong> <em>(M\u00e9xico)<\/em><br \/>\n<span style=\"text-decoration: underline;\">S\u00e1bado 1 de octubre 2011<\/span> &#8211; Sala Carlos Ch\u00e1vez &#8211; 17:00 horas.<br \/>\n&#8220;Nueva M\u00fasica D\u00fao&#8221;. Miguel \u00c1ngel Garc\u00eda, viol\u00edn; Jos\u00e9 Luis Hurtado, piano.<br \/>\nInterpretar\u00e1n obras del compositor ingl\u00e9s Jonathan Harvey y de los autores mexicanos Juan Jos\u00e9 B\u00e1rcenas, Germ\u00e1n Romero y el propio J-L. Hurtado.<\/p>\n<p><strong>Edu Comelles<\/strong> + <strong>Javier Pi\u00f1ango<\/strong> <em>(M\u00e9xico)<\/em><br \/>\n<span style=\"text-decoration: underline;\">S\u00e1bado 1 de octubre 2011<\/span> &#8211; Auditorio MUAC, 19:30 horas.<\/p>\n<p><strong>Wilfrido Terrazas<\/strong> <em>(M\u00e9xico)<\/em><br \/>\n<span style=\"text-decoration: underline;\">Domingo 2 de octubre 2011<\/span> &#8211; Sala Carlos Ch\u00e1vez a las 17:00 horas.<br \/>\nObra: &#8220;For Christian Wolff de Morton Feldman&#8221;. Wilfrido Terrazas, flauta; Jos\u00e9 Luis Hurtado, piano.<\/p>\n<h3>Enlaces:<\/h3>\n<p><strong><a title=\"Hoteles en la Ciudad de M\u00e9xico\" href=\"http:\/\/www.travelbymexico.com\/ciudaddemexico\/hoteles\" target=\"_blank\">Gu\u00eda de Hoteles en la Ciudad de M\u00e9xico<\/a> <\/strong><\/p>\n<p><strong><a title=\"Breve rese\u00f1a, fotograf\u00edas y mapa de ubicaci\u00f3n de la UNAM\" href=\"http:\/\/www.travelbymexico.com\/ciudaddemexico\/atractivos\/index.php?nom=kdfeunam\" target=\"_blank\">La UNAM &#8211; Universidad Aut\u00f3noma de M\u00e9xico<\/a><\/strong><\/p>\n<p><strong><a title=\"Sitio oficial del Festival Radar UNAM 2011\" href=\"http:\/\/www.radarunam.org\/ \" target=\"_blank\">Programa completo del Festival Radar UNAM 2011<\/a> <\/strong><\/p>\n<p><a title=\"Radar UNAM ediciones 2002 a 2011\" href=\"http:\/\/radar.org.mx\/ \" target=\"_blank\"><strong>Ediciones anteriores del Radar UNAM<\/strong><br \/>\n<\/a><\/p>\n","protected":false},"excerpt":{"rendered":"<p>Desde su creaci\u00f3n en 2002, Radar es conocido como el espacio de exploraci\u00f3n sonora del Festival de M\u00e9xico. Este a\u00f1o,<\/p>\n","protected":false},"author":2,"featured_media":9846,"comment_status":"closed","ping_status":"open","sticky":false,"template":"","format":"standard","meta":[],"categories":[37,14],"tags":[318,360,363,1952,1957,1951,1954,1953,1958,1959,1956,896,1955,1236],"_links":{"self":[{"href":"https:\/\/www.travelbymexico.com\/blog\/wp-json\/wp\/v2\/posts\/9845"}],"collection":[{"href":"https:\/\/www.travelbymexico.com\/blog\/wp-json\/wp\/v2\/posts"}],"about":[{"href":"https:\/\/www.travelbymexico.com\/blog\/wp-json\/wp\/v2\/types\/post"}],"author":[{"embeddable":true,"href":"https:\/\/www.travelbymexico.com\/blog\/wp-json\/wp\/v2\/users\/2"}],"replies":[{"embeddable":true,"href":"https:\/\/www.travelbymexico.com\/blog\/wp-json\/wp\/v2\/comments?post=9845"}],"version-history":[{"count":2,"href":"https:\/\/www.travelbymexico.com\/blog\/wp-json\/wp\/v2\/posts\/9845\/revisions"}],"predecessor-version":[{"id":9848,"href":"https:\/\/www.travelbymexico.com\/blog\/wp-json\/wp\/v2\/posts\/9845\/revisions\/9848"}],"wp:featuredmedia":[{"embeddable":true,"href":"https:\/\/www.travelbymexico.com\/blog\/wp-json\/wp\/v2\/media\/9846"}],"wp:attachment":[{"href":"https:\/\/www.travelbymexico.com\/blog\/wp-json\/wp\/v2\/media?parent=9845"}],"wp:term":[{"taxonomy":"category","embeddable":true,"href":"https:\/\/www.travelbymexico.com\/blog\/wp-json\/wp\/v2\/categories?post=9845"},{"taxonomy":"post_tag","embeddable":true,"href":"https:\/\/www.travelbymexico.com\/blog\/wp-json\/wp\/v2\/tags?post=9845"}],"curies":[{"name":"wp","href":"https:\/\/api.w.org\/{rel}","templated":true}]}}