{"id":9811,"date":"2011-09-20T20:26:51","date_gmt":"2011-09-21T01:26:51","guid":{"rendered":"http:\/\/www.travelbymexico.com\/blog\/?p=9811"},"modified":"2011-09-20T20:32:07","modified_gmt":"2011-09-21T01:32:07","slug":"festival-internacional-de-santa-lucia-2011-en-monterrey","status":"publish","type":"post","link":"https:\/\/www.travelbymexico.com\/blog\/9811-festival-internacional-de-santa-lucia-2011-en-monterrey\/","title":{"rendered":"Festival Internacional de Santa Luc\u00eda 2011 en Monterrey"},"content":{"rendered":"<h2>Durante 18 d\u00edas, la Ciudad de Monterrey te invita a dar un paseo por la cultura, la historia y las artes.\u00a0 Esta cuarta edici\u00f3n del Festival Internacional de Santa Luc\u00eda ofrecer\u00e1 m\u00e1s de 170 eventos en los que participar\u00e1n cientos de artistas provenientes de 33 pa\u00edses.<\/h2>\n<h3>\u00bfD\u00f3nde y cu\u00e1ndo se realizar\u00e1 el Festival de Santa Luc\u00eda 2011?<\/h3>\n<p><span style=\"text-decoration: underline;\"><strong>Del 22 de septiembre al 9 de octubre de 2011.\u00a0<\/strong><\/span><\/p>\n<p>En la Explanada de Santa Luc\u00eda, el Gran Parque Fundidora y <strong>*<\/strong>varios foros culturales de la Ciudad de Monterrey, Estado de Nuevo Le\u00f3n.<\/p>\n<h3>Expresiones culturales, Exposiciones, D\u00edalogos, Arte, Danza, Teatro, Folklore, Literatura, Ciclo de Poesia, Ciclo de Cine, Conferencias, etc.<\/h3>\n<p>El Festival Internacional de Santa Luc\u00eda es un evento anual de \u00edndole cultural de car\u00e1cter internacional que privilegia los valores de la igualdad, la justicia y la democracia, busca abrir horizontes a la reflexi\u00f3n a trav\u00e9s de los Di\u00e1logos, las Exposiciones y las Expresiones Culturales, cimentados en el desarrollo de una sociedad contempor\u00e1nea que entra en un nuevo siglo basada en el conocimiento.<\/p>\n<h3>Artistas Extranjeros:<\/h3>\n<p>Participar\u00e1n cientos de artistas provenientes de 33 pa\u00edses, quienes los sorprender\u00e1n con su cultura, colorido, creatividad y profesionalismo. <span style=\"text-decoration: underline;\"><strong>Pa\u00edses:<\/strong><\/span> <em>Argentina, Brasil, Canad\u00e1, Colombia, Croacia, Cuba,\u00a0 Ecuador, Espa\u00f1a, Estados Unidos, Guatemala,M\u00e9xico Rumania, Serbia, Suiza, Vietnam, etc.<\/em><\/p>\n<h3>Inauguraci\u00f3n del Festival de Santa Luc\u00eda 2011 &#8211; Jueves 22 de septiembre 2011<\/h3>\n<p><strong>Ballet Folkl\u00f3rico de M\u00e9xico de Amalia Hern\u00e1ndez<\/strong><\/p>\n<p><em>Recrea las esencias del folklore mexicano con diversas t\u00e9cnicas de la danza cl\u00e1sica y moderna.<\/em><br \/>\n<span style=\"text-decoration: underline;\"><strong>Lugar:<\/strong><\/span> Explanada Santa Luc\u00eda Entrada libre a las 19:30 hrs.<\/p>\n<p><strong>Presentaci\u00f3n Revista Musical 65 An\u0303os de la Facultad de Arquitectura, UANL<\/strong><\/p>\n<p><em>Revista musical que cuenta la historia de la facultad enmarc\u00e1ndola con las corrientes musicales de cada d\u00e9cada.<\/em><br \/>\n<span style=\"text-decoration: underline;\"><strong>Lugar:<\/strong><\/span> Sala Polivalente de la Facultad de Arquitectura \/ UANL.<\/p>\n<h3>Viernes 23 de Septiembre 2011<\/h3>\n<p><strong>Ely Guerra en concierto<\/strong><\/p>\n<p>Compositora y cantante mexicana.<br \/>\n<span style=\"text-decoration: underline;\"><strong>Lugar:<\/strong><\/span> Explanada Santa Luc\u00eda a las 20:00 hrs. Entrada libre.<\/p>\n<p><strong>Concierto con el Cuarteto latinoamericano y la pianista uzbeka Nargiza Kamilova<\/strong>El Cuarteto Latinoamericano es una de las agrupaciones m\u00e1s importantes de M\u00e9xico, su calidad y talento los han llevado a los escenarios de mayor prestigio a nivel mundial. En esta ocasi\u00f3n, junto a la pianista uzbeka Nargiza Kamilova, nos presentar\u00e1n por primera vez en Monterrey el Quinteto con piano del compositor Cesar Franck.<br \/>\n<span style=\"text-decoration: underline;\"><strong>Lugar:<\/strong><\/span> Teatro Centro de las Artes CONARTE a las 20:00 horas. Costo: $60 y $40.<\/p>\n<p><strong>El Lago de los Cisnes<\/strong><\/p>\n<p><em>El Ballet de Monterrey representa esta obra \u00fanica, captando la esencia, la belleza de la historia y la armon\u00eda de la m\u00fasica de Tchaikovsky.<\/em><br \/>\n<span style=\"text-decoration: underline;\"><strong>Lugar:<\/strong><\/span> Gran Sala del Teatro de la Ciudad de Monterrey a las 20:30 horas. Costo de admisi\u00f3n: $50 y $80.<\/p>\n<p><!--nextpage--><\/p>\n<p><strong>Festival de Trova Yucateca<\/strong><\/p>\n<p><em>Concierto a cargo del conjunto &#8220;Las Mayas Internacional&#8221; &#8211; a las 19:00 hrs.<\/em><br \/>\n<span style=\"text-decoration: underline;\"><strong>Lugar:<\/strong><\/span> Aula Magna del Colegio Civil Centro Cultural Universitario.<br \/>\nCosto de admisi\u00f3n: $100 p\u00fablico en general &#8211; $50 maestros, estudiantes y miembros del INAPAM.<\/p>\n<p><strong>Las Marionetas Acu\u00e1ticas de Vietnam<\/strong><\/p>\n<p>(23 de septiembre y 14 fechas m\u00e1s). <span style=\"text-decoration: underline;\"><strong>Lugar:<\/strong><\/span> Teatro de la Ciudad \/ Aire Libre<br \/>\n<em>Una de las asombrosas expresiones culturales del arte vietnamita, cuyo escenario es el agua y m\u00fasica en vivo. Las marionetas de este espect\u00e1culo, elegido como &#8220;insignia&#8221; del Festival Internacional Santa Luc\u00eda 2011, transmiten una visi\u00f3n espec\u00edfica de la vida oriental con un toque de iron\u00eda y una buena dosis de humor sat\u00edrico y cr\u00edtico.\u00a0 <\/em><\/p>\n<h3>S\u00e1bado 24 de septiembre 2011<strong> <\/strong><\/h3>\n<p><strong>Daniel Armas y la Camarata Mexicana<\/strong><br \/>\nSelecci\u00f3n de m\u00fasica cl\u00e1sica y m\u00fasica tradicional mexicana para salterio y grupo de c\u00e1mara.<br \/>\nL<span style=\"text-decoration: underline;\"><strong>ugar:<\/strong><\/span> Teatro del Centro de las Artes CONARTE a las 20:00 hrs. Costo de admisi\u00f3n:\u00a0 $60 y $40.<\/p>\n<p><strong>Voces Injuve 2011 en concierto<\/strong><\/p>\n<p>Interior Parque Fundidora, Plaza BOF. De 12:00 a 21:00 hrs. Entrada libre.<\/p>\n<h3><span style=\"text-decoration: underline;\">Algunos de los 17o eventos art\u00edsticos<\/span> y culturales que conforman la cartelera del Festival de Santa Luc\u00eda 2011<\/h3>\n<p><strong>5\u00ba Festival Internacional Vallenato De Monterrey<\/strong>\u00a0 &#8211; Colombia- <em>Concurso de acordeoneros semi- profesionales y canci\u00f3n in\u00e9dita.<\/em><\/p>\n<p><strong>Desfile de Muestra Internacional de Folclore y Artes Tradicionales CIOFF<\/strong>: Grupos de Serbia, Rumania, Suiza, Croacia y Ecuador. Convivencia y mu\u00fasica.<\/p>\n<p><strong>Concierto homenaje a Queen<\/strong> &#8211; Voces UDEM en Concierto.<\/p>\n<p><strong>Curso de Apreciaci\u00f3n de Obras Maestras de La M\u00fasica Cl\u00e1sica<\/strong><\/p>\n<p><strong>Presentaci\u00f3n 1er Libro de Butoh en espa\u00f1ol<\/strong>.<\/p>\n<p><strong>25 Aniversario Pl\u00e1stica de San Pedro<\/strong><\/p>\n<p><strong>1er Encuentro de Rock: &#8220;J\u00f3venes de Coraz\u00f3n&#8221;<\/strong><\/p>\n<p><strong>&#8220;C\u00f3mo Ayudar a los hijos en las decisiones importantes de la vida: Selecci\u00f3n de Carrera&#8221;<\/strong> &#8211; Direcci\u00f3n de Desarrollo Institucional.<\/p>\n<h3>*Locaciones &#8211; Festival Internacional Santa Luc\u00eda 2011.<\/h3>\n<p><strong>Plaza B.O.F<\/strong>: Parque Fundirora, junto al Lago Aceraci\u00f3n. Ave. Fundidora y Ave. Obrera s\/n Col. Obrera, Monterrey, N.L.<br \/>\n<strong>Centro Convex<\/strong>: Centro de Convenciones y Exposiciones Direcci\u00f3n: Av. Morones Prieto No.1500 Monterrey, N.L.<br \/>\n<strong>Plaza Gr\u00faa Portal<\/strong>: Interior Parque Fundidora. Avenida Fundidora y Adolfo Prieto s\/n Col. Obrera, Monterrey, N.L.<br \/>\n<strong>Centro de las Artes CONARTE<\/strong>: Interior Parque Fundidora. Av. Fundidora y Adolfo Prieto s\/n, Col. Obrera, Monterrey, N.L.<br \/>\n<strong>Explanada Santa Luc\u00eda<\/strong>: Exterior del Museo de Historia Mexicana. Doctor Coss No.445 Sur. Col. Centro, Monterrey N.L.<br \/>\n<strong>Teatro del Centro de Las Artes CONARTE<\/strong>: Interior del Parque Fundidora. Av. Fundidora y Adolfo Prieto s\/n, Colonia Obrera, Monterrey, N.L.<br \/>\n<strong>Teatro de la Ciudad<\/strong>: Matamoros No.132 esq. Zuazua, Col. Centro, Monterrey N.L.<\/p>\n<h3>Enlaces:<\/h3>\n<p><a title=\"Sitio Oficial del Festival de Santa Luc\u00eda 2011 \" href=\"http:\/\/www.festivalsantalucia.org\" target=\"_blank\">Consultar el Programa Completo del Festival de Santa Luc\u00eda en Monterrey, 2011<\/a><\/p>\n<p><a title=\"Reserva un Hotel en Monterrey\" href=\"http:\/\/www.travelbymexico.com\/monterrey\/hoteles\/\" target=\"_blank\">Reservar un Hotel en la Ciudad de Monterrey<\/a><\/p>\n<p><a title=\"Atractivos en la ciudad de Monterrey\" href=\"http:\/\/www.travelbymexico.com\/monterrey\/atractivos\" target=\"_blank\">Conocer los Atractivos Tur\u00edsticos de la Ciudad de Monterrey y alrededores<\/a><\/p>\n","protected":false},"excerpt":{"rendered":"<p>Durante 18 d\u00edas, la Ciudad de Monterrey te invita a dar un paseo por la cultura, la historia y las<\/p>\n","protected":false},"author":2,"featured_media":9812,"comment_status":"closed","ping_status":"open","sticky":false,"template":"","format":"standard","meta":[],"categories":[37,14],"tags":[97,360,363,9799,400,1516,509,1939,9812,1940,834,896,950,9808,1224],"_links":{"self":[{"href":"https:\/\/www.travelbymexico.com\/blog\/wp-json\/wp\/v2\/posts\/9811"}],"collection":[{"href":"https:\/\/www.travelbymexico.com\/blog\/wp-json\/wp\/v2\/posts"}],"about":[{"href":"https:\/\/www.travelbymexico.com\/blog\/wp-json\/wp\/v2\/types\/post"}],"author":[{"embeddable":true,"href":"https:\/\/www.travelbymexico.com\/blog\/wp-json\/wp\/v2\/users\/2"}],"replies":[{"embeddable":true,"href":"https:\/\/www.travelbymexico.com\/blog\/wp-json\/wp\/v2\/comments?post=9811"}],"version-history":[{"count":7,"href":"https:\/\/www.travelbymexico.com\/blog\/wp-json\/wp\/v2\/posts\/9811\/revisions"}],"predecessor-version":[{"id":9819,"href":"https:\/\/www.travelbymexico.com\/blog\/wp-json\/wp\/v2\/posts\/9811\/revisions\/9819"}],"wp:featuredmedia":[{"embeddable":true,"href":"https:\/\/www.travelbymexico.com\/blog\/wp-json\/wp\/v2\/media\/9812"}],"wp:attachment":[{"href":"https:\/\/www.travelbymexico.com\/blog\/wp-json\/wp\/v2\/media?parent=9811"}],"wp:term":[{"taxonomy":"category","embeddable":true,"href":"https:\/\/www.travelbymexico.com\/blog\/wp-json\/wp\/v2\/categories?post=9811"},{"taxonomy":"post_tag","embeddable":true,"href":"https:\/\/www.travelbymexico.com\/blog\/wp-json\/wp\/v2\/tags?post=9811"}],"curies":[{"name":"wp","href":"https:\/\/api.w.org\/{rel}","templated":true}]}}