{"id":9767,"date":"2011-09-16T16:23:07","date_gmt":"2011-09-16T21:23:07","guid":{"rendered":"http:\/\/www.travelbymexico.com\/blog\/?p=9767"},"modified":"2011-09-18T15:17:32","modified_gmt":"2011-09-18T20:17:32","slug":"festival-suelta-de-globos-2011-en-san-andres-tuxtla-veracruz","status":"publish","type":"post","link":"https:\/\/www.travelbymexico.com\/blog\/9767-festival-suelta-de-globos-2011-en-san-andres-tuxtla-veracruz\/","title":{"rendered":"Festival Suelta de Globos 2011 en San Andr\u00e9s Tuxtla, Veracruz"},"content":{"rendered":"<h2>A partir del viernes 16 hasta el domingo 18 de Septiembre, los cielos de San Andr\u00e9s, Tuxtla se ver\u00e1n iluminados y adornados por hermosos globos artesanales, que flotaran por los aires en conmemoraci\u00f3n a la Independencia de M\u00e9xico.<\/h2>\n<p>La tradici\u00f3n oral de la ciudad cuenta que la suelta de globos de cantoya es herencia de los <strong>migrantes chinos<\/strong> que estuvieron en la ciudad durante la creaci\u00f3n del <strong>Ferrocarril Nacional de Tehuantepec<\/strong>.<\/p>\n<p>Una de las versiones oficiales establece que en 1892 en la celebraci\u00f3n de los 400 a\u00f1os del descubrimiento de Am\u00e9rica fueron soltados cientos de globos de papel de china en esta ciudad, estableci\u00e9ndose as\u00ed esta vol\u00e1til costumbre.<\/p>\n<p>La <strong>suelta de globos<\/strong> es considerada <strong>una tradici\u00f3n lugare\u00f1a<\/strong> con m\u00e1s de cien a\u00f1os de antig\u00fcedad como tambi\u00e9n lo es su creaci\u00f3n y dise\u00f1o. Dicha costumbre envuelve en una activa competencia a las\u00a0 familias, los artesanos y las escuelas, quienes dedican cientos de horas de trabajo en su elaboraci\u00f3n con la finalidad de ser los mejores durante el festival.<\/p>\n<p>Dentro de las figuras que navegan por los cielos de San Andr\u00e9s Tuxtla se pueden identificar: cubos, personajes, trompos, pirinolas, balones y las <strong>&#8220;ilamas&#8221;<\/strong> esferas con decenas de picos a su alrededor que pudiesen parecer una pi\u00f1ata. En esta suelta no solo importa la forma sino el tama\u00f1o de cada globo, <strong>los m\u00e1s peque\u00f1os son de unos ochenta cent\u00edmetros y los m\u00e1s grandes son de unos diez metros<\/strong>.<\/p>\n<p>Los globos son creados de papel de china como principal componente, se utiliza tambi\u00e9n un alambre en forma de c\u00edrculo con una cruz que se sit\u00faa en la parte posterior de cada figura, pues es de esta parte que se engancha una estopa empapada de aguarr\u00e1s quien al ser encendida se convierte en\u00a0 el sistema de vuelo de cada nave.<\/p>\n<h3>Programa del Festival &#8220;Suelta de Globos&#8221; &#8211; San Andr\u00e9s Tuxtla del 16 al 18 de Septiembre 2011<\/h3>\n<p>Este a\u00f1o el festival dar\u00e1 comienzo el viernes en punto de las 4 de la tarde con la suelta de globos en los principales barrios de la ciudad. Para el s\u00e1bado se tiene preparado un taller de elaboraci\u00f3n de globos en el parque central de la ciudad, mismo sitio donde el domingo levantar\u00e1n el vuelo las figuras gigantes de los artesanos y globeros de todos barrios.<\/p>\n<p><span style=\"text-decoration: underline;\"><strong>Viernes 16 de Septiembre 2011 a partir de las 16:00 hrs<\/strong><\/span>.<\/p>\n<p><strong>Suelta de Globos<\/strong>, en la Colonia 1ro. de Mayo.<br \/>\nParticipar\u00e1n el Grupo ETZNA de Gualupita (Edo. de M\u00e9xico) y el Grupo del Municipio de Zozocolco (Edo. de Veracruz).<\/p>\n<p><strong>Suelta de globos en los principales barrios<\/strong> de la ciudad con artesanos globeros locales.<\/p>\n<p><span style=\"text-decoration: underline;\"><strong>S\u00e1bado 17 de Septiembre 2011 de 10:00 a 18:00 hrs<\/strong><\/span>.<\/p>\n<p><strong>Taller de Elaboraci\u00f3n de Globos<\/strong>, en el parque central de San Andr\u00e9 Tuxtla, Ver.<\/p>\n<p><span style=\"text-decoration: underline;\"><strong>Domingo 18 de Septiembre 2011 a las 16:30 hrs<\/strong><\/span>.<\/p>\n<p><strong>Suelta de Globos Gigantes<\/strong> en el parque central de la ciudad con la participaci\u00f3n de los artesanos loberos de todos los barrio y colonias.<\/p>\n<h3>Enlaces:<\/h3>\n<p><strong><a title=\"Mapa interactivo del Estado de Veracruz\" href=\"http:\/\/www.travelbymexico.com\/estados\/veracruz_edo\" target=\"_blank\">Ver el Mapa Interactivo de la Ciudad y Estado de Veracruz<\/a> <\/strong><\/p>\n<p><strong><a title=\"Portal del Ayuntamiento de San Andr\u00e9s Tuxtla\" href=\"http:\/\/sanandrestuxtla.net\/ayuntamiento\/\" target=\"_blank\">San Andr\u00e9s Tuxtla<\/a><\/strong> se localiza en el sur del Estado de Veracruz, entre las ciudades de Veracruz y Coatzacoalcos. <em><\/em><\/p>\n<p><em><br \/>\n<em><strong>Por:<\/strong> Karla Lisandra Cisneros Cort\u00e9s <\/em> <\/em><\/p>\n","protected":false},"excerpt":{"rendered":"<p>A partir del viernes 16 hasta el domingo 18 de Septiembre, los cielos de San Andr\u00e9s, Tuxtla se ver\u00e1n iluminados<\/p>\n","protected":false},"author":2,"featured_media":9768,"comment_status":"closed","ping_status":"open","sticky":false,"template":"","format":"standard","meta":[],"categories":[37,14],"tags":[1435,1921,1919,1923,1922,1920,1886],"_links":{"self":[{"href":"https:\/\/www.travelbymexico.com\/blog\/wp-json\/wp\/v2\/posts\/9767"}],"collection":[{"href":"https:\/\/www.travelbymexico.com\/blog\/wp-json\/wp\/v2\/posts"}],"about":[{"href":"https:\/\/www.travelbymexico.com\/blog\/wp-json\/wp\/v2\/types\/post"}],"author":[{"embeddable":true,"href":"https:\/\/www.travelbymexico.com\/blog\/wp-json\/wp\/v2\/users\/2"}],"replies":[{"embeddable":true,"href":"https:\/\/www.travelbymexico.com\/blog\/wp-json\/wp\/v2\/comments?post=9767"}],"version-history":[{"count":4,"href":"https:\/\/www.travelbymexico.com\/blog\/wp-json\/wp\/v2\/posts\/9767\/revisions"}],"predecessor-version":[{"id":9770,"href":"https:\/\/www.travelbymexico.com\/blog\/wp-json\/wp\/v2\/posts\/9767\/revisions\/9770"}],"wp:featuredmedia":[{"embeddable":true,"href":"https:\/\/www.travelbymexico.com\/blog\/wp-json\/wp\/v2\/media\/9768"}],"wp:attachment":[{"href":"https:\/\/www.travelbymexico.com\/blog\/wp-json\/wp\/v2\/media?parent=9767"}],"wp:term":[{"taxonomy":"category","embeddable":true,"href":"https:\/\/www.travelbymexico.com\/blog\/wp-json\/wp\/v2\/categories?post=9767"},{"taxonomy":"post_tag","embeddable":true,"href":"https:\/\/www.travelbymexico.com\/blog\/wp-json\/wp\/v2\/tags?post=9767"}],"curies":[{"name":"wp","href":"https:\/\/api.w.org\/{rel}","templated":true}]}}