{"id":9304,"date":"2011-09-02T21:51:19","date_gmt":"2011-09-03T02:51:19","guid":{"rendered":"http:\/\/www.travelbymexico.com\/blog\/?p=9304"},"modified":"2012-11-01T21:30:33","modified_gmt":"2012-11-02T03:30:33","slug":"cartelera-de-conciertos-feria-nacional-de-zacatecas-2011","status":"publish","type":"post","link":"https:\/\/www.travelbymexico.com\/blog\/9304-cartelera-de-conciertos-feria-nacional-de-zacatecas-2011\/","title":{"rendered":"Cartelera de Conciertos &#8211; Feria Nacional de Zacatecas 2011"},"content":{"rendered":"<h2>Como cada a\u00f1o, la cartelera\u00a0 art\u00edstica de la Feria Nacional de Zacatecas (FENAZA) abarca muchos g\u00e9neros musicales que van desde lo tradicional hasta el Pop. Este a\u00f1o, se presentar\u00e1n los siguientes artistas: Mariachi Los Reyes de Zacatecas, Guadalupe Pineda, Ballet Folcl\u00f3rico del Estado de Colima, Armando Manzanero y Francisco C\u00e9spedes, Mijares, Alejandra Guzm\u00e1n y Moderatto, Belanova, Ha-Ash, Reily, entre muchos m\u00e1s. Los conciertos se llevar\u00e1n a cabo en el Palenque del Recinto Ferial y el Teatro del Pueblo de la Ciudad de Zacatecas.<\/h2>\n<h3>Conciertos en otros lugares:<\/h3>\n<p><strong>Manuel Mijares\u00a0<\/strong><\/p>\n<p>Viernes 2 de Septiembre de 2011 &#8211; Ceremonia de Coronaci\u00f3n<br \/>\n<em>Plaza de Armas a las 20:00 hrs.<\/em><\/p>\n<p><strong>Guadalupe Pineda<\/strong><\/p>\n<p>Jueves 15 de Septiembre de 2011 &#8211; Grito de Independencia<br \/>\n<em>Plaza de Armas a las 23:00 hrs.<\/em><\/p>\n<p><strong>Camila<\/strong><\/p>\n<p>Lunes 19 de Septiembre de 2011 &#8211; Gran Cierre de la Feria<br \/>\n<em>Estadio Francisco Villa a las 20:30 hrs.<\/em><\/p>\n<h3>Conciertos en el Teatro del Pueblo, Domo de la Feria<\/h3>\n<p><span style=\"text-decoration: underline;\"><strong>S\u00e1bado 3 de Septiembre de 2011 <\/strong><\/span><\/p>\n<p><strong>Adonay<\/strong> &#8211; a las 18:00 hrs.<br \/>\n<strong>Dellag &#8211; Guffers<\/strong> a las 19:00 hrs.<br \/>\n<strong>Belanova<\/strong> a las 20:00 hrs.<\/p>\n<p><span style=\"text-decoration: underline;\"><strong>Domingo 4 de Septiembre de 2011<\/strong><\/span><\/p>\n<p><strong>Banda Espa\u00f1a<\/strong> a las 18:00 hrs.<br \/>\n<strong>Julio Guerra Blonda Paola<\/strong> a las 19:00 hrs.<br \/>\n<strong>Diego Verdaguer<\/strong> a las 20:00 hrs.<\/p>\n<p><span style=\"text-decoration: underline;\"><strong>Lunes 5 de Septiembre de 2011<\/strong><\/span><\/p>\n<p><strong>Banda Convoy<\/strong> a las 18:00 hrs.<br \/>\n<strong>Banda Mi Tierra Villanovense<\/strong> a las 19:00 hrs.<br \/>\n<strong>Original Banda Lim\u00f3n<\/strong> a las 20:00 hrs.<\/p>\n<p><span style=\"text-decoration: underline;\"><strong>Martes 6 de Septiembre de 2011<\/strong><\/span><\/p>\n<p><strong>T-P-CH<\/strong> a las 18:00 hrs.<br \/>\n<strong>Luis D\u00edaz<\/strong> a las 19:00 hrs.<br \/>\n<strong>Paty Cant\u00fa<\/strong> a las 20:00 hrs.<\/p>\n<p><span style=\"text-decoration: underline;\"><strong>Mi\u00e9rcoles 7 de Septiembre de 2011<\/strong><\/span><\/p>\n<p><strong>Gloria Trevi<\/strong> a las 20:00 hrs.<\/p>\n<p><span style=\"text-decoration: underline;\"><strong>Jueves 8 de Septiembre de 2011<\/strong><\/span><\/p>\n<p><strong>Boltatac<\/strong> a las 18:00 hrs.<br \/>\n<strong>Inuay<\/strong> a las 19:00 hrs.<br \/>\n<strong>Benny Ibarra<\/strong> a las 20:00 hrs.<\/p>\n<p><span style=\"text-decoration: underline;\"><strong>Viernes 9 de Septiembre de 2011<\/strong><\/span><\/p>\n<p><strong>Mariachi Los Reyes de Zacatecas<\/strong> a las 19:00 hrs.<br \/>\n<strong>Ballet Folcl\u00f3rico del Estado de Colima<\/strong> a las 20:00 hrs.<\/p>\n<p><span style=\"text-decoration: underline;\"><strong>S\u00e1bado 10 de Septiembre de 2011<\/strong><\/span><\/p>\n<p><strong>Grupo Estilo<\/strong> a las 20:30 hrs.<br \/>\n<strong>Benjam\u00edn Medrano<\/strong> a las 21:30 hrs.<br \/>\n<strong>Armando Manzanero y Francisco C\u00e9spedes<\/strong> a las 22:30 hrs.<\/p>\n<p><!--nextpage--><\/p>\n<p><span style=\"text-decoration: underline;\"><strong>Domingo 11 de Septiembre de 2011<\/strong><\/span><\/p>\n<p><strong>Ermitania<\/strong> a las 18:00 hrs.<br \/>\n<strong>Alan\u00edz<\/strong> a las 19:00 hrs.<br \/>\n<strong>OV7<\/strong> a las 20:00 hrs.<\/p>\n<p><span style=\"text-decoration: underline;\"><strong>Lunes 12 de Septiembre de 2011<\/strong><\/span><\/p>\n<p><strong>Banda Jerezano<\/strong> a las 18:00 hrs.<br \/>\n<strong>Irasema<\/strong> a las 19:00 hrs.<br \/>\n<strong>Ana B\u00e1rbara<\/strong> a las 20:00 hrs.<\/p>\n<p><span style=\"text-decoration: underline;\"><strong>Martes 13 de Septiembre de 2011<\/strong><\/span><\/p>\n<p><strong>Grupo Piropo<\/strong> a las 18:00 hrs.<br \/>\n<strong>Juan y Lupita<\/strong> a las 19:00 hrs.<br \/>\n<strong>Banda La Adictiva San Jos\u00e9 de Mesillas<\/strong> a las 20:00 hrs.<\/p>\n<p><span style=\"text-decoration: underline;\"><strong>Mi\u00e9rcoles 14 de Septiembre de 2011<\/strong><\/span><\/p>\n<p><strong>Alejandra Guzm\u00e1n y Moderatto<\/strong> a las 20:00 hrs.<\/p>\n<p><span style=\"text-decoration: underline;\"><strong>Jueves 15 de Septiembre de 2011<\/strong><\/span><\/p>\n<p><strong>Banda Tierra Zacatecana<\/strong> a las 18:00 hrs.<br \/>\n<strong>Mariachi Los Reyes de Zacatecas<\/strong> a las 20:00 hrs.<\/p>\n<p><strong>Guadalupe Pineda<\/strong> a las 23:00 hrs. <strong>Grito de Independencia en la Plaza de Armas<\/strong><\/p>\n<p><span style=\"text-decoration: underline;\"><strong>Viernes 16 de Septiembre de 2011<\/strong><\/span><\/p>\n<p><strong>Mariell Galldri<\/strong> a las 18:00 hrs.<br \/>\n<strong>Planeta<\/strong> a las 19:00 hrs.<br \/>\n<strong>Aleks Syntek<\/strong> a las 20:00 hrs.<\/p>\n<p><span style=\"text-decoration: underline;\"><strong>Mi\u00e9rcoles 17 de Septiembre de 2011<\/strong><\/span><\/p>\n<p><strong>Grupo Confidentes del Rock<\/strong> a las 18:00 hrs.<br \/>\n<strong>Latitudes<\/strong> a las 19:00 hrs.<br \/>\n<strong>Ha-Ash<\/strong> a las 20:00 hrs.<\/p>\n<p><span style=\"text-decoration: underline;\"><strong>Domingo 18 de Septiembre de 2011<\/strong><\/span><\/p>\n<p><strong>Ana Torroja<\/strong> a las 20:00 hrs.<\/p>\n<p><span style=\"text-decoration: underline;\"><strong>Lunes 19 de Septiembre de 2011<\/strong><\/span> &#8211; Gran Cierre de la FENAZA.<\/p>\n<p><strong>Camila<\/strong> a las 20:30 en el Estadio Francisco Villa<\/p>\n<h3>Conciertos en el Palenque de la Feria Nacional de Zacatecas 2011<\/h3>\n<p><strong>Vicente Fern\u00e1ndez.<\/strong><br \/>\nViernes 2 y S\u00e1bado 3 de Septiembre 2011 &#8211; 23:30 hrs.<\/p>\n<p><strong>Mar\u00eda Jos\u00e9.<\/strong><br \/>\nDomingo 4 de Septiembre 2011 &#8211; 23:30 hrs.<\/p>\n<p><strong>Joan Sebastian. \u00a0<\/strong><br \/>\nJueves 8 de Septiembre 2011 &#8211; 23:30 hrs.<\/p>\n<p><strong>Juli\u00f3n Alvarez<\/strong><br \/>\nViernes 9 de Septiembre 2011 &#8211; 23:30 hrs.<\/p>\n<p><strong>Reily<\/strong><br \/>\nS\u00e1bado 10 de Septiembre 2011 &#8211; 23:30 hrs.<\/p>\n<p><strong>Guerra de Chistes<\/strong><br \/>\nMi\u00e9rcoles 14 de Septiembre 2011 &#8211; 23:30 hrs.<\/p>\n<p><strong>Enrique Guzm\u00e1n<\/strong><br \/>\nJueves 15 de Septiembre &#8211; 23:30 hrs.<\/p>\n<p><strong>Jenni Rivera<\/strong><br \/>\nViernes 16 de Septiembre &#8211; 23:30 hrs.<\/p>\n<p><strong>Yuridia<\/strong><br \/>\nS\u00e1bado 17 de Septiembre &#8211; 23:30 hrs.<\/p>\n","protected":false},"excerpt":{"rendered":"<p>Como cada a\u00f1o, la cartelera\u00a0 art\u00edstica de la Feria Nacional de Zacatecas (FENAZA) abarca muchos g\u00e9neros musicales que van desde<\/p>\n","protected":false},"author":2,"featured_media":9305,"comment_status":"closed","ping_status":"open","sticky":false,"template":"","format":"standard","meta":[],"categories":[36,14],"tags":[71,1796,1489,203,521,531,1794,1666,896,1052,1795],"_links":{"self":[{"href":"https:\/\/www.travelbymexico.com\/blog\/wp-json\/wp\/v2\/posts\/9304"}],"collection":[{"href":"https:\/\/www.travelbymexico.com\/blog\/wp-json\/wp\/v2\/posts"}],"about":[{"href":"https:\/\/www.travelbymexico.com\/blog\/wp-json\/wp\/v2\/types\/post"}],"author":[{"embeddable":true,"href":"https:\/\/www.travelbymexico.com\/blog\/wp-json\/wp\/v2\/users\/2"}],"replies":[{"embeddable":true,"href":"https:\/\/www.travelbymexico.com\/blog\/wp-json\/wp\/v2\/comments?post=9304"}],"version-history":[{"count":5,"href":"https:\/\/www.travelbymexico.com\/blog\/wp-json\/wp\/v2\/posts\/9304\/revisions"}],"predecessor-version":[{"id":13070,"href":"https:\/\/www.travelbymexico.com\/blog\/wp-json\/wp\/v2\/posts\/9304\/revisions\/13070"}],"wp:featuredmedia":[{"embeddable":true,"href":"https:\/\/www.travelbymexico.com\/blog\/wp-json\/wp\/v2\/media\/9305"}],"wp:attachment":[{"href":"https:\/\/www.travelbymexico.com\/blog\/wp-json\/wp\/v2\/media?parent=9304"}],"wp:term":[{"taxonomy":"category","embeddable":true,"href":"https:\/\/www.travelbymexico.com\/blog\/wp-json\/wp\/v2\/categories?post=9304"},{"taxonomy":"post_tag","embeddable":true,"href":"https:\/\/www.travelbymexico.com\/blog\/wp-json\/wp\/v2\/tags?post=9304"}],"curies":[{"name":"wp","href":"https:\/\/api.w.org\/{rel}","templated":true}]}}