{"id":9239,"date":"2011-08-29T23:07:52","date_gmt":"2011-08-30T04:07:52","guid":{"rendered":"http:\/\/www.travelbymexico.com\/blog\/?p=9239"},"modified":"2011-08-29T23:10:12","modified_gmt":"2011-08-30T04:10:12","slug":"primer-encuentro-internacional-de-periodistas-en-vallarta","status":"publish","type":"post","link":"https:\/\/www.travelbymexico.com\/blog\/9239-primer-encuentro-internacional-de-periodistas-en-vallarta\/","title":{"rendered":"Primer Encuentro Internacional de Periodistas en Vallarta"},"content":{"rendered":"<h2>En el marco de los primeros diez a\u00f1os de vida de Radio Universidad de Guadalajara en Puerto Vallarta, Medios UDG y Radio Universidad de Guadalajara organizar\u00e1n los d\u00edas 8 y 9 de septiembre 2011 el primer Encuentro Internacional de Periodistas.<\/h2>\n<h3>Objetivos del encuentro:<\/h3>\n<p>&#8211; Invitar a la discusi\u00f3n y reflexi\u00f3n a la<strong> comunidad universitaria y la sociedad en general,<\/strong> a conocer el punto de vista sobre temas actuales de algunos de los personajes m\u00e1s destacados en el ramo period\u00edstico a nivel nacional e internacional.<\/p>\n<p>&#8211; Fomentar el intercambio de ideas y experiencias entre los <strong>periodistas a nivel local y regional con sus pares de M\u00e9xico y los Estados Unidos<\/strong>.<\/p>\n<p>&#8211; Incentivar la reflexi\u00f3n acerca de la labor informativa y el papel de los medios de comunicaci\u00f3n en el M\u00e9xico de hoy.<\/p>\n<p><span style=\"text-decoration: underline;\"><strong>Direcci\u00f3n y horarios:<\/strong><\/span><\/p>\n<p><strong>Evento gratuito y abierto al p\u00fablico en general.<\/strong><\/p>\n<p>Centro Universitario de la Costa (CUCosta) de la Universidad de Guadalajara (UDG). Auditorio &#8220;Juan Luis Cifuentes Lemus&#8221;.<br \/>\n<em>Av. Universidad de Guadalajara No.203, Delegaci\u00f3n Ixtapa. Puerto Vallarta, Jalisco. Tel\u00e9fono: 322 6 22 33. Lada sin Costo: 01 800 33 76 3 14<\/em><\/p>\n<h3>Ponentes del Encuentro Internacional de Periodistas Vallarta-Riviera Nayarit 2011<\/h3>\n<p><strong>Luc\u00eda Navarro<\/strong>, Periodista Mexicana<br \/>\n<strong>Javier Sol\u00f3rzano Z\u00ednser<\/strong>, Periodista y Conductor del programa &#8220;Mesa de Di\u00e1logo&#8221; transmitido en el Canal del Congreso<br \/>\n<strong>Jos\u00e9 Ram\u00f3n Fern\u00e1ndez \u00c1lvarez<\/strong><strong><\/strong>: <em>Periodista deportivo<\/em><br \/>\n<strong>Andr\u00e9s Bustamente &#8220;G\u00fciri G\u00fciri&#8221;<\/strong><em><strong><\/strong>: Comunic\u00f3logo y humorista<\/em><br \/>\n<strong>Jos\u00e9 Ignacio Sol\u00f3rzano &#8220;Jis&#8221;<\/strong><strong><\/strong>: <em>Fundador de Galimat\u00edas<\/em><br \/>\n<strong>Jos\u00e9 Trinidad Camacho Orozco<\/strong><em><strong><\/strong>: Comunicador y caricaturista<\/em><br \/>\n<strong>Edgardo Mattei<\/strong><strong><\/strong>: <em>Productor y director de televisi\u00f3n<\/em><br \/>\n<strong>Obed Arango Hisijara<\/strong><strong><\/strong>: <em>Periodista y productor de medios con sede en Filadelfia<\/em><br \/>\n<strong>Aleida Calleja Guti\u00e9rrez<\/strong><em><strong><\/strong>: Comunicadora. Vicepresidenta Internacional y Directora del Programa de Legislaciones para Am\u00e9rica Latina y el Caribe de la Asociaci\u00f3n Mundial de Radios Comunitarias, AMARC.<\/em><br \/>\n<strong>Ernesto Vel\u00e1zquez Brise\u00f1o<\/strong><strong><\/strong>: A<em>ctual Director de TVUNAM y presidente del Consejo Directivo de la Asociaci\u00f3n de las Televisoras Educativas y Culturales de Iberoam\u00e9rica, ATEI.<\/em><br \/>\n<strong>Patricia Ortega Ram\u00edrez<\/strong><em><strong><\/strong>: Doctora en Ciencias Pol\u00edticas de la Facultad de Ciencias Pol\u00edticas y Sociales de la UNAM.<\/em><br \/>\n<strong>Javier Valdez C\u00e1rdenas<\/strong><strong><\/strong>: <em>Corresponsal del diario La Jornada desde 1998 y fundador del peri\u00f3dico semanal R\u00edo Doce.<\/em><br \/>\n<strong>Aim\u00e9e Vega Montiel<\/strong><em><strong><\/strong>: Doctora y Maestra en Periodismo y Comunicaci\u00f3n de la Universidad Aut\u00f3noma de Barcelona y Maestra y Licenciada en Ciencias de la Comunicaci\u00f3n de la UNAM.<\/em><br \/>\n<strong>Rogelio Campos Cornejo<\/strong>: <em>Abogado y licenciado en Estudios Pol\u00edticos y Gobierno. Es editorialista del peri\u00f3dico Mural, Consejero del Consejo Consultivo del Canal del Congreso de la Uni\u00f3n y actual Director general de Medios de la Universidad de Guadalajara.<\/em><br \/>\n<strong>V\u00edctor Hugo Arteaga Mart\u00ednez<\/strong>: <em>Periodista y Comunic\u00f3logo.<\/em><br \/>\n<strong>Jos\u00e9 Luis Garc\u00eda &#8220;Josel&#8221;<\/strong>: <em>Egresado de la Carrera de Ciencias de la Comunicaci\u00f3n en el ITESO. Miembro de la revista Galimat\u00edas.<\/em><br \/>\n<strong>Julio Ochoa<\/strong>: <em><em>De origen m\u00e9xico-estadounidense, e<\/em>s consultor filantr\u00f3pico y procurador internacional de recursos. <\/em><br \/>\n<strong>Luc\u00eda Lagunes Huerta<\/strong>: <em>Directora general de la agencia de noticias con perspectiva de g\u00e9nero, &#8220;Comunicaci\u00f3n e informaci\u00f3n de la mujer AC&#8221; (CIMAC).<\/em><br \/>\n<strong>Ram\u00f3n Ojeda Mestre<\/strong>: <em>Periodista mexicano Doctor en Administraci\u00f3n P\u00fablica por la UNAM, Director del programa de Radio Red &#8220;Desde Contreras&#8221;; as\u00ed como Presidente de la Academia Mexicana de Derecho Ambiental y Secretario General de la Corte Internacional de Arbitraje y Conciliaci\u00f3n Ambiental<\/em><br \/>\n<strong>Juan Carlos Reyna<\/strong>: <em>Colaborador del Colectivo Nortec, ahora Bostich + Fussible, con quienes ha sido nominado tres veces al Grammy Internacional, trabaja en los l\u00edmites entre la escritura, la m\u00fasica y las artes visuales.<\/em><br \/>\n<strong>Alejandro Almaz\u00e1n<\/strong>: <em>Periodista mexicano y Ganador en tres ocasiones del Premio Nacional de Periodismo en la categor\u00eda de cr\u00f3nica. Es autor de la novela &#8220;Entre perros&#8221;.<\/em><\/p>\n<p><strong>M\u00e1s informaci\u00f3n acerca de este evento,\u00a0 <a title=\"Radio de la Universidad de Guadalajara\" href=\"http:\/\/www.radio.udg.mx\/eperiodistaspv\/\" target=\"_blank\">aqu\u00ed<\/a>.<\/strong><\/p>\n<p><strong><a title=\"Gu\u00eda Tur\u00edstica de Puerto Vallarta, Estado de Jalisco\" href=\"http:\/\/www.travelbymexico.com\/puertovallarta\" target=\"_blank\">Gu\u00eda Tur\u00edstica de Puerto Vallarta<\/a><\/strong><\/p>\n<p>&nbsp;<\/p>\n","protected":false},"excerpt":{"rendered":"<p>En el marco de los primeros diez a\u00f1os de vida de Radio Universidad de Guadalajara en Puerto Vallarta, Medios UDG<\/p>\n","protected":false},"author":2,"featured_media":9240,"comment_status":"closed","ping_status":"open","sticky":false,"template":"","format":"standard","meta":[],"categories":[36],"tags":[1775,1774,1068,1485,1483],"_links":{"self":[{"href":"https:\/\/www.travelbymexico.com\/blog\/wp-json\/wp\/v2\/posts\/9239"}],"collection":[{"href":"https:\/\/www.travelbymexico.com\/blog\/wp-json\/wp\/v2\/posts"}],"about":[{"href":"https:\/\/www.travelbymexico.com\/blog\/wp-json\/wp\/v2\/types\/post"}],"author":[{"embeddable":true,"href":"https:\/\/www.travelbymexico.com\/blog\/wp-json\/wp\/v2\/users\/2"}],"replies":[{"embeddable":true,"href":"https:\/\/www.travelbymexico.com\/blog\/wp-json\/wp\/v2\/comments?post=9239"}],"version-history":[{"count":3,"href":"https:\/\/www.travelbymexico.com\/blog\/wp-json\/wp\/v2\/posts\/9239\/revisions"}],"predecessor-version":[{"id":9242,"href":"https:\/\/www.travelbymexico.com\/blog\/wp-json\/wp\/v2\/posts\/9239\/revisions\/9242"}],"wp:featuredmedia":[{"embeddable":true,"href":"https:\/\/www.travelbymexico.com\/blog\/wp-json\/wp\/v2\/media\/9240"}],"wp:attachment":[{"href":"https:\/\/www.travelbymexico.com\/blog\/wp-json\/wp\/v2\/media?parent=9239"}],"wp:term":[{"taxonomy":"category","embeddable":true,"href":"https:\/\/www.travelbymexico.com\/blog\/wp-json\/wp\/v2\/categories?post=9239"},{"taxonomy":"post_tag","embeddable":true,"href":"https:\/\/www.travelbymexico.com\/blog\/wp-json\/wp\/v2\/tags?post=9239"}],"curies":[{"name":"wp","href":"https:\/\/api.w.org\/{rel}","templated":true}]}}