{"id":9122,"date":"2011-08-23T10:02:49","date_gmt":"2011-08-23T15:02:49","guid":{"rendered":"http:\/\/www.travelbymexico.com\/blog\/?p=9122"},"modified":"2011-08-24T21:35:35","modified_gmt":"2011-08-25T02:35:35","slug":"la-noche-de-los-publivoros-2011-en-monterrey-pachuca-y-mas-ciudades","status":"publish","type":"post","link":"https:\/\/www.travelbymexico.com\/blog\/9122-la-noche-de-los-publivoros-2011-en-monterrey-pachuca-y-mas-ciudades\/","title":{"rendered":"La Noche de los Publ\u00edvoros 2011 en Monterrey, Pachuca y m\u00e1s ciudades"},"content":{"rendered":"<h2>La Noche de los Publ\u00edvoros es un espect\u00e1culo internacional presente en m\u00e1s de 40 pa\u00edses que naci\u00f3 en francia en los a\u00f1os 80. Creado y producido por Jean Marie Boursicot bajo la marca registrada &#8220;La Nuit des Publivores\u00ae&#8221;, se presenta desde 1997 en varias ciudades de la Rep\u00fablica Mexicana.<\/h2>\n<h3>Este evento se convirti\u00f3 en un verdadero fen\u00f3meno cultural<\/h3>\n<p>En cada une de sus ediciones, &#8220;La Noche de los Publ\u00edvoros&#8221; presenta la producci\u00f3n publicitaria de sesenta nacionalidades y ofrece a sus asistentes la oportunidad de incursionarse en el alucinante mundo de los Publ\u00edvoros: los devoradores de publicidad, a trav\u00e9s de una selecci\u00f3n de <strong>cientos de sorprendentes comerciale<\/strong>s; ex\u00f3ticos, hist\u00f3ricos o de reciente producci\u00f3n, que reflejan la vitalidad y las tendencias de la publicidad global.<\/p>\n<blockquote><p>Un recorrido por m\u00e1s de 30 pa\u00edses,<br \/>\n5 Horas de espect\u00e1culo,<br \/>\nM\u00e1s de 300 comerciales del mundo entero en una gran fiesta nocturna,<br \/>\n2 Megapantallas.<\/p><\/blockquote>\n<h3>Programa de la Noche de los Publ\u00edvoros<\/h3>\n<p>Central Beheer, la creatividad en campa\u00f1as de seguro,<br \/>\nLo mejor de Argentina e Inglaterra,<br \/>\nUnas joyas del acervo: walter lantz para coca cola en 1948,<br \/>\nEl comercial mas corto de la historia,<br \/>\nLos signos del zodiaco seg\u00fan Isabelle Wedding Cake,<br \/>\nLo mejor de los 15 a\u00f1os,<br \/>\nCuando Star Wwars inspira a las marcas,<br \/>\nCampa\u00f1as sociales,<br \/>\nAnunciar una funeraria? como M\u00e9xico lo logr\u00f3,<br \/>\nMicrosoft Jap\u00f3n, una verdadera telenovela,<br \/>\nVolkswagen, Cadbury, MTV, Axe, Nike, Adidas y <a title=\"Men\u00fa de la Noche de los Publ\u00edvoros\" href=\"http:\/\/www.publivoros.com.mx\/elmenu.php\" target=\"_blank\">mucho m\u00e1s<\/a>&#8230;<\/p>\n<h3>Noche de los Publ\u00edvoros 2011 en Monterrey<\/h3>\n<p><strong>23 de Septiembre 2011 a las 20:00 hrs.<\/strong><br \/>\n<strong>Cintermex<\/strong>, Sal\u00f3n M\u00e9xico. <em>Ave. Fundidora No. 501, Col. Obrera Monterrey, Nuevo Leon. M\u00e9xico.<\/em><\/p>\n<h3>Noche de los Publ\u00edvoros 2011 en Pachuca<\/h3>\n<p><strong>Viernes 2 de Septiembre a las 19:00 hrs. <\/strong><br \/>\n<strong>Auditorio Gota de Plata<\/strong>, <em>Camino Real de la Plata , Parque Cultural David Ben Guri\u00f3n, Col. Venta Prieta, Pachuca, HGO.<\/em> M\u00e9xico.<\/p>\n<p><a title=\"Gira de la Noche de los Publ\u00edvoros en M\u00e9xico\" href=\"http:\/\/www.publivoros.com.mx\/lagira.php\" target=\"_blank\">En Cuernavaca, el 14 de Octubre 2011, En Irapuato el 28 de Octubre 2011, En M\u00e9rida, el 5 de Noviembre 2011<\/a>.<\/p>\n<p>Y ciudades por confirmar: Quer\u00e9taro, Le\u00f3n, Guadalajara y Torre\u00f3n.<\/p>\n<h3>Ligas de Inter\u00e9s:<\/h3>\n<p><a title=\"Gu\u00eda Tur\u00edstica de la Ciudad de Monterrey\" href=\"http:\/\/www.travelbymexico.com\/monterrey\" target=\"_blank\">Gu\u00eda Tur\u00edstica de Monterrey<\/a><\/p>\n<p><a title=\"Hoteles en la Ciudad de Pachuca\" href=\"http:\/\/www.travelbymexico.com\/pachuca\/\" target=\"_blank\">Hoteles en Pachuca <\/a><\/p>\n<p><a title=\"La Nuit des Publivores en Francia\" href=\"http:\/\/www.nuitdespublivores.com\" target=\"_blank\">Noche de los Publivoros en Francia &#8220;La Nuit des Publivores&#8221;<\/a><\/p>\n","protected":false},"excerpt":{"rendered":"<p>La Noche de los Publ\u00edvoros es un espect\u00e1culo internacional presente en m\u00e1s de 40 pa\u00edses que naci\u00f3 en francia en<\/p>\n","protected":false},"author":2,"featured_media":9123,"comment_status":"closed","ping_status":"open","sticky":false,"template":"","format":"standard","meta":[],"categories":[36],"tags":[1406,465,834,1714,1463,1713],"_links":{"self":[{"href":"https:\/\/www.travelbymexico.com\/blog\/wp-json\/wp\/v2\/posts\/9122"}],"collection":[{"href":"https:\/\/www.travelbymexico.com\/blog\/wp-json\/wp\/v2\/posts"}],"about":[{"href":"https:\/\/www.travelbymexico.com\/blog\/wp-json\/wp\/v2\/types\/post"}],"author":[{"embeddable":true,"href":"https:\/\/www.travelbymexico.com\/blog\/wp-json\/wp\/v2\/users\/2"}],"replies":[{"embeddable":true,"href":"https:\/\/www.travelbymexico.com\/blog\/wp-json\/wp\/v2\/comments?post=9122"}],"version-history":[{"count":4,"href":"https:\/\/www.travelbymexico.com\/blog\/wp-json\/wp\/v2\/posts\/9122\/revisions"}],"predecessor-version":[{"id":9215,"href":"https:\/\/www.travelbymexico.com\/blog\/wp-json\/wp\/v2\/posts\/9122\/revisions\/9215"}],"wp:featuredmedia":[{"embeddable":true,"href":"https:\/\/www.travelbymexico.com\/blog\/wp-json\/wp\/v2\/media\/9123"}],"wp:attachment":[{"href":"https:\/\/www.travelbymexico.com\/blog\/wp-json\/wp\/v2\/media?parent=9122"}],"wp:term":[{"taxonomy":"category","embeddable":true,"href":"https:\/\/www.travelbymexico.com\/blog\/wp-json\/wp\/v2\/categories?post=9122"},{"taxonomy":"post_tag","embeddable":true,"href":"https:\/\/www.travelbymexico.com\/blog\/wp-json\/wp\/v2\/tags?post=9122"}],"curies":[{"name":"wp","href":"https:\/\/api.w.org\/{rel}","templated":true}]}}