{"id":8882,"date":"2011-07-25T19:16:56","date_gmt":"2011-07-26T00:16:56","guid":{"rendered":"http:\/\/travelbymexico.com\/blog\/?p=8882"},"modified":"2011-07-25T19:16:56","modified_gmt":"2011-07-26T00:16:56","slug":"cumbre-tajin-firma-convenio-con-museo-nacional-del-indigena-americano-en-washington","status":"publish","type":"post","link":"https:\/\/www.travelbymexico.com\/blog\/8882-cumbre-tajin-firma-convenio-con-museo-nacional-del-indigena-americano-en-washington\/","title":{"rendered":"Cumbre Taj\u00edn firma convenio con Museo Nacional del Ind\u00edgena Americano en Washington"},"content":{"rendered":"<h2>El 21 de julio pasado en la ciudad de Washington D.C, Cumbre Taj\u00edn firm\u00f3 con el Museo Nacional del Ind\u00edgena Americano un convenio de colaboraci\u00f3n para publicaci\u00f3n de libros, realizaci\u00f3n de congresos y simposiums, montaje de exposiciones, intercambio a trav\u00e9s de residencias y programas art\u00edsticos, y la presencia constante de la cultura Totonaca en los recintos culturales m\u00e1s destacados de Estados Unidos.<\/h2>\n<p>Con esta firma se refuerza el car\u00e1cter internacional del <strong>Festival Cumbre Taj\u00edn<\/strong> y se ampl\u00eda el reconocimiento al trabajo de regeneraci\u00f3n cultural que se realiza en la regi\u00f3n del Totonacapan.<\/p>\n<p>A trav\u00e9s de su afamado <a title=\"Marzo 2011, Cumbre Taj\u00edn Festival de la Identidad\" href=\"http:\/\/travelbymexico.com\/blog\/5654-cumbre-tajin-2011-programa-de-actividades-y-conciertos\/\" target=\"_blank\">Festival de la Identidad<\/a>, Cumbre Taj\u00edn celebra cada a\u00f1o la entrada de la primavera y ofrece lo mejor de la creaci\u00f3n occidental e ind\u00edgena mediante ceremonias, juegos, conferencias de sensibilizaci\u00f3n a la preservaci\u00f3n del patrimonio cultural, conciertos, dramaturgia, foros art\u00edsticos, talleres, deportes de aventura, terapias alternativas, animaci\u00f3n y danza.<\/p>\n<h3>\u00bfQui\u00e9n firm\u00f3 el convenio?<\/h3>\n<p>El convenio fue firmado por Kevin Gover, director del Museo Nacional del Ind\u00edgena Americano y miembro de la naci\u00f3n Pawnee de Oklahoma, y Salom\u00f3n Bazbaz Lapidus, director general de Cumbre Taj\u00edn, en representaci\u00f3n del Gobierno del estado de Veracruz.<\/p>\n<h3>Acerca del Museo Nacional del Ind\u00edgena Americano (NMAI):<\/h3>\n<p>Situado frente a la Casa Blanca, en Washington D.C, con sedes tambi\u00e9n en Nueva York y San Antonio; el Museo Nacional del Ind\u00edgena Americano (NMAI) es el centro cultural m\u00e1s importante del mundo para las culturas ind\u00edgenas; se ubica dentro del complejo cultural m\u00e1s grande de Am\u00e9rica, el <strong>Instituto Smithsonian<\/strong>.<\/p>\n<h3>Ligas de Inter\u00e9s:<\/h3>\n<p><a title=\"Acerca de la Zona Arqueol\u00f3gica El Taj\u00edn, Estado de Veracruz\" href=\"http:\/\/travelbymexico.com\/blog\/1766-tajin-zona-arqueologica\/\" target=\"_blank\">Zona Arqueol\u00f3gica El Taj\u00edn<\/a><\/p>\n<p><a title=\"Informaci\u00f3n acerca de la Cumbre Taj\u00edn 2011 que se llev\u00f3 a cabo en el mes de Marzo\" href=\"http:\/\/travelbymexico.com\/blog\/5654-cumbre-tajin-2011-programa-de-actividades-y-conciertos\" target=\"_blank\">Programa del Festival de La Identidad, Cumbre Taj\u00edn &#8211; 17 a 21 de Marzo 2011<\/a><\/p>\n","protected":false},"excerpt":{"rendered":"<p>El 21 de julio pasado en la ciudad de Washington D.C, Cumbre Taj\u00edn firm\u00f3 con el Museo Nacional del Ind\u00edgena<\/p>\n","protected":false},"author":2,"featured_media":8884,"comment_status":"closed","ping_status":"open","sticky":false,"template":"","format":"standard","meta":[],"categories":[15],"tags":[1646,9799,397,1435,1644,1642,1645,1647,1643,1217,1219],"_links":{"self":[{"href":"https:\/\/www.travelbymexico.com\/blog\/wp-json\/wp\/v2\/posts\/8882"}],"collection":[{"href":"https:\/\/www.travelbymexico.com\/blog\/wp-json\/wp\/v2\/posts"}],"about":[{"href":"https:\/\/www.travelbymexico.com\/blog\/wp-json\/wp\/v2\/types\/post"}],"author":[{"embeddable":true,"href":"https:\/\/www.travelbymexico.com\/blog\/wp-json\/wp\/v2\/users\/2"}],"replies":[{"embeddable":true,"href":"https:\/\/www.travelbymexico.com\/blog\/wp-json\/wp\/v2\/comments?post=8882"}],"version-history":[{"count":2,"href":"https:\/\/www.travelbymexico.com\/blog\/wp-json\/wp\/v2\/posts\/8882\/revisions"}],"predecessor-version":[{"id":8886,"href":"https:\/\/www.travelbymexico.com\/blog\/wp-json\/wp\/v2\/posts\/8882\/revisions\/8886"}],"wp:featuredmedia":[{"embeddable":true,"href":"https:\/\/www.travelbymexico.com\/blog\/wp-json\/wp\/v2\/media\/8884"}],"wp:attachment":[{"href":"https:\/\/www.travelbymexico.com\/blog\/wp-json\/wp\/v2\/media?parent=8882"}],"wp:term":[{"taxonomy":"category","embeddable":true,"href":"https:\/\/www.travelbymexico.com\/blog\/wp-json\/wp\/v2\/categories?post=8882"},{"taxonomy":"post_tag","embeddable":true,"href":"https:\/\/www.travelbymexico.com\/blog\/wp-json\/wp\/v2\/tags?post=8882"}],"curies":[{"name":"wp","href":"https:\/\/api.w.org\/{rel}","templated":true}]}}