{"id":8864,"date":"2011-07-23T14:58:17","date_gmt":"2011-07-23T19:58:17","guid":{"rendered":"http:\/\/travelbymexico.com\/blog\/?p=8864"},"modified":"2011-07-23T14:59:22","modified_gmt":"2011-07-23T19:59:22","slug":"xxxiii-festival-internacional-de-musica-de-camara-de-san-miguel-de-allende","status":"publish","type":"post","link":"https:\/\/www.travelbymexico.com\/blog\/8864-xxxiii-festival-internacional-de-musica-de-camara-de-san-miguel-de-allende\/","title":{"rendered":"XXXIII Festival Internacional de M\u00fasica de C\u00e1mara de San Miguel de Allende"},"content":{"rendered":"<h2>Cada verano desde 1979, la ciudad de <a title=\"Gu\u00eda Tur\u00edstica de San Miguel de Allende, Guanajuato. M\u00e9xico\" href=\"http:\/\/www.travelbymexico.com\/sanmigueldeallende\" target=\"_blank\">San Miguel de Allende<\/a> es la sede del mayor Festival Internacional de M\u00fasica de C\u00e1mara en M\u00e9xico. Durante dos semanas se llevan a cabo conciertos de artistas internacionales en diversos recintos de la ciudad. A\u00f1o tras a\u00f1o, el Festival ha consolidado su fama y ha apoyado a m\u00e1s de 1,000 j\u00f3venes m\u00fasicos. En el marco de su 33ava. edici\u00f3n el tema del festival ser\u00e1 &#8220;\u00bfNo es rom\u00e1ntico?&#8221; y contar\u00e1 con la participaci\u00f3n de Parker Quartet, Miro String Quartet y Henschel Quartet, entre otros.<\/h2>\n<p>Desde su creaci\u00f3n, este festival ofrece un programa de Estudiantes Avanzados de M\u00fasica y el Programa de Composici\u00f3n que ofrece a los j\u00f3venes estudiantes de nivel avanzado de M\u00e9xico y Am\u00e9rica del Norte la oportunidad de participar en talleres y clases magistrales dirigidas por el cuarteto en residencia del Festival, as\u00ed como por los grupos invitados que se presentan en concierto.<\/p>\n<h3>Festival Internacional de M\u00fasica de C\u00e1mara en San Miguel de Allende<br \/>\nDel 29 de Julio al 14 de Agosto de 2011<\/h3>\n<p>Conciertos, Conciertos gratuitos, Renombrados conjuntos musicales, Recitales diarios, J\u00f3venes Interpretes, Clases Magistrales, etc.<\/p>\n<p><strong><a title=\"Programa de Eventos y venta de boletos para el 33avo. Festival Internacional de M\u00fasica de C\u00e1mara\" href=\"http:\/\/www.festivalsanmiguel.com\/program-of-events-2011.php\" target=\"_blank\">M\u00e1s informaci\u00f3n y Boletos<\/a><\/strong>.<\/p>\n<h3>Concierto de Artistas Internacionales:<\/h3>\n<p><strong><a title=\"Parker Quartet, Official Website\" href=\"http:\/\/www.parkerquartet.com\/biography\/\" target=\"_blank\">Parker Quartet<\/a><\/strong> &#8211; Conciertos los d\u00edas 29, 30, 31 de Julio 2011 en el <a title=\"Teatro Angela Peralta, rese\u00f1a, fotos y mapa de ubicaci\u00f3n\" href=\"http:\/\/travelbymexico.com\/sanmigueldeallende\/atractivos\/index.php?nom=ksmateatroperalta\" target=\"_blank\">Teatro Angela Peralta<\/a>, San Miguel de Allende\u2028.<br \/>\nDaniel Chong, violin; Karen Kim, violin; Jessica Bodner,viola; Kee-Hyun Kim, cello.<\/p>\n<p><strong>Viernes 29 julio 2011 a las 19:00 hrs.<\/strong><br \/>\nFranz Joseph Haydn (1732-1809), Anton\u00edn Dvo\u0159\u00e1k (1841-1904), Gy\u00f6rgy Kurt\u00e1g (b. 1926), Robert Schumann (1810-1856),<br \/>\n<br title=\"Teatro Angela Peralta, rese\u00f1a, fotos y mapa de ubicaci\u00f3n\" \/><strong>S\u00e1bado 30 julio 2011 a las 19:00 hrs.<\/strong><br \/>\nFranz Joseph Haydn, Gy\u00f6rgy Ligeti, Johannes Brahms.<\/p>\n<p><strong>\u202831 julio 2011 a las 19:00 hrs.<\/strong><br \/>\nFranz Joseph Haydn (1732-1809), Anton\u00edn Dvo\u0159\u00e1k (1841-1904), Gy\u00f6rgy Kurt\u00e1g (b. 1926), Robert Schumann (1810-1856),<\/p>\n<p><strong><a title=\"Miro String Quartet, Official Website\" href=\"http:\/\/www.miroquartet.com\/\" target=\"_blank\">Miro String Quartet<\/a><\/strong> &#8211; Conciertos los d\u00edas 4, 5, 6, 7 de Agosto 2011 en el <a title=\"Teatro Angela Peralta, rese\u00f1a, fotos y mapa de ubicaci\u00f3n\" href=\"http:\/\/travelbymexico.com\/sanmigueldeallende\/atractivos\/index.php?nom=ksmateatroperalta\" target=\"_blank\">Teatro Angela Peralta<\/a>, San Miguel de Allende\u2028.<br \/>\nDaniel Ching, Sandy Yamamoto, violines; John Largess, viola; Joshua Gindele, cello.<\/p>\n<p><strong>Jueves 4 agosto 2011 a las 19:00 hrs.<\/strong><br \/>\nFranz Schubert (1797-1828), Philip Glass (1937- ), Johannes Brahms (1833-1897)<\/p>\n<p><strong>Viernes 5 agosto 2011 a las 19:00 hrs.<\/strong><br \/>\nJoseph Haydn, Samuel Barber, Felix Mendelssohn Bartoldy.<\/p>\n<p><strong>S\u00e1bado 6 agosto 2011 a las 19:00 hrs.<\/strong><br \/>\nGiacomo Puccini (1858-1924), Dmitri Shostakovich (1906-1975) Franz Joseph Haydn (1732-1809).<\/p>\n<p><strong>Domingo 7 agosto 2011 a las 19:0 hrs.<\/strong><br \/>\nAnton Webern (1883-1945), Carlos Gardel (1890-1935), Jerome Kern (1885-1945), Jacob Gade (1879-1963), Anton\u00edn Dvo\u0159\u00e1k (1841-1904).<\/p>\n<p><strong><a title=\"Henschel Quartet, Official Website\" href=\"http:\/\/www.henschel-quartett.de\/henschel.html\" target=\"_blank\">Henschel Quartet<\/a><\/strong> &#8211; Conciertos los d\u00edas 11, 12, 13 de Agosto 2011 en el <a title=\"Teatro Angela Peralta, rese\u00f1a, fotos y mapa de ubicaci\u00f3n\" href=\"http:\/\/travelbymexico.com\/sanmigueldeallende\/atractivos\/index.php?nom=ksmateatroperalta\" target=\"_blank\">Teatro Angela Peralta<\/a>, San Miguel de Allende\u2028.<br \/>\nChristoph Henschel, violin; Markus Henschel, violin; Monika Henschel, Viola; Mathias Beyer-Karlsh\u00f8j, Violoncello.<\/p>\n<p><strong>Jueves 11 Agosto 2011 a las 19:00 hrs.<\/strong><br \/>\nErwin Schulhoff (1894-1942), Wolfgang Amadeus Mozart(1756-1791), Felix Mendelssohn Bartoldy (1809-1847).<\/p>\n<p><strong>Viernes 12 Agosto 2011 a las 19:00 hrs.\u00a0<\/strong><br \/>\nAlberto Ginastera (1916-1983), Franz Joseph Haydn (1732-1809), Franz Schubert (1797-1828).<\/p>\n<p><strong>S\u00e1bado 13 Agosto 2011 a las 19:00 hrs las 19:00 hrs.<\/strong><br \/>\nLudwig van Beethoven (1770-1827), Robert Schumann (1810-1856).<\/p>\n<h3>Conciertos Gratuitos<\/h3>\n<p>Recitales de los grupos ganadores de la edici\u00f3n 2010 del Programa de J\u00f3venes Int\u00e9rpretes de M\u00fasica y Composici\u00f3n: 1, 2, 3, 8, 9 y 10 de Agosto 2011.<\/p>\n<h3>Recitales Diarios<\/h3>\n<p>Varios grupos de estudiantes que participan en la edici\u00f3n 2011 del Programa de J\u00f3venes Int\u00e9rpretes de M\u00fasica y Composici\u00f3n se presentar\u00e1n diariamente en sitios p\u00fablicos, incluyendo el <a title=\"Museo Casa Allende: rese\u00f1a, fotograf\u00edas y mapa de ubicaci\u00f3n\" href=\"http:\/\/travelbymexico.com\/sanmigueldeallende\/atractivos\/index.php?nom=ksmamusallende\" target=\"_blank\">Museo Allende<\/a>, los Portales, Bellas Artes, Oficina de Turismo, y F\u00e1brica la Aurora.<\/p>\n<h3><a title=\"Programa de Eventos de los 6 conciertos de J\u00f3venes Interpretes, conciertos gratuitos\" href=\"http:\/\/www.festivalsanmiguel.com\/program-of-events-2011-free-events.php\" target=\"_blank\">Seis conciertos de J\u00f3venes Int\u00e9rpretes (Eventos gratuitos) \/ Rising Star (Free Concerts).\u00a0 <\/a><\/h3>\n<p><strong>Orishas Guitar Quartet<\/strong> &#8211; Martes 2 agosto 2011 a las 19:00 hrs.<br \/>\nEn el Hotel Imperio de \u00c1ngeles.<\/p>\n<p><strong>J\u00f3venes compositors del A\u00f1o \/ This Years&#8217; Young Composers \u00a0<\/strong><br \/>\nMi\u00e9rcoles 3 agosto 2011 a las 19:00 hrs.<br \/>\nPrograma dirigido por <strong>Jame Aikman<\/strong>.<br \/>\n<span style=\"text-decoration: underline;\">J\u00f3venes compositores:<\/span> Craig Davis, Jos\u00e9 Julio D\u00edaz, Charles Halka, Daniel Knaggs, Evan Rogers.<br \/>\nTeatro Angela Peralta, Av. Mesones No. 82, Centro Hist\u00f3rico. San Miguel de Allende, GTO.<\/p>\n<p><strong>Maderas Del Desierto Quartet<\/strong>\u00a0 &#8211; Lunes 8 agosto 2011 a las 19:00 hrs.<br \/>\nTeatro Angela Peralta, Av. Mesones No. 82, Centro Hist\u00f3rico. San Miguel de Allende, GTO.<\/p>\n<p><strong>Eros Metales<\/strong> &#8211; Martes 9 Agosto 2011 a las 18:00 hrs.<br \/>\nRancho Los Labradores, Carretera San Miguel a Dolores Km13.5 San Miguel de Allende, GTO.<\/p>\n<p><strong>J\u00f3venes compositors del A\u00f1o \/ This Years&#8217; Young Composers\u00a0<\/strong> &#8211; Mi\u00e9rcoles 10 agosto 2011<br \/>\nTeatro Angela Peralta, Av. Mesones No. 82, Centro Hist\u00f3rico. San Miguel de Allende, GTO.<\/p>\n<p>Programa dirigido por <strong>Jame Aikman.<\/strong><br \/>\n<span style=\"text-decoration: underline;\">J\u00f3venes compositores<\/span>: Craig Davis, Jos\u00e9 Julio D\u00edaz, Charles Halka, Daniel Knaggs, Evan Rogers.<\/p>\n<h3>Ligas de Inter\u00e9s:<\/h3>\n<p><a title=\"Sitio Oficial del Festival Internacional de M\u00fasica de C\u00e1mara, San Miguel de Allende 2011\" href=\"http:\/\/www.festivalsanmiguel.com\" target=\"_blank\">Festival de M\u00fasica de C\u00e1mara San Miguel de Allende <\/a><\/p>\n<p><a title=\"Gu\u00eda de Hoteles en la Ciudad de San Miguel de Allende\" href=\"http:\/\/www.travelbymexico.com\/sanmigueldeallende\/hoteles\" target=\"_blank\">Hoteles en la Ciudad de San Miguel de Allende<\/a><\/p>\n","protected":false},"excerpt":{"rendered":"<p>Cada verano desde 1979, la ciudad de San Miguel de Allende es la sede del mayor Festival Internacional de M\u00fasica<\/p>\n","protected":false},"author":2,"featured_media":8865,"comment_status":"closed","ping_status":"open","sticky":false,"template":"","format":"standard","meta":[],"categories":[37,14],"tags":[1379,1634,1637,664,1636,897,1635,1052],"_links":{"self":[{"href":"https:\/\/www.travelbymexico.com\/blog\/wp-json\/wp\/v2\/posts\/8864"}],"collection":[{"href":"https:\/\/www.travelbymexico.com\/blog\/wp-json\/wp\/v2\/posts"}],"about":[{"href":"https:\/\/www.travelbymexico.com\/blog\/wp-json\/wp\/v2\/types\/post"}],"author":[{"embeddable":true,"href":"https:\/\/www.travelbymexico.com\/blog\/wp-json\/wp\/v2\/users\/2"}],"replies":[{"embeddable":true,"href":"https:\/\/www.travelbymexico.com\/blog\/wp-json\/wp\/v2\/comments?post=8864"}],"version-history":[{"count":2,"href":"https:\/\/www.travelbymexico.com\/blog\/wp-json\/wp\/v2\/posts\/8864\/revisions"}],"predecessor-version":[{"id":8867,"href":"https:\/\/www.travelbymexico.com\/blog\/wp-json\/wp\/v2\/posts\/8864\/revisions\/8867"}],"wp:featuredmedia":[{"embeddable":true,"href":"https:\/\/www.travelbymexico.com\/blog\/wp-json\/wp\/v2\/media\/8865"}],"wp:attachment":[{"href":"https:\/\/www.travelbymexico.com\/blog\/wp-json\/wp\/v2\/media?parent=8864"}],"wp:term":[{"taxonomy":"category","embeddable":true,"href":"https:\/\/www.travelbymexico.com\/blog\/wp-json\/wp\/v2\/categories?post=8864"},{"taxonomy":"post_tag","embeddable":true,"href":"https:\/\/www.travelbymexico.com\/blog\/wp-json\/wp\/v2\/tags?post=8864"}],"curies":[{"name":"wp","href":"https:\/\/api.w.org\/{rel}","templated":true}]}}