{"id":8697,"date":"2011-07-10T20:48:46","date_gmt":"2011-07-11T01:48:46","guid":{"rendered":"http:\/\/travelbymexico.com\/blog\/?p=8697"},"modified":"2011-07-10T21:22:41","modified_gmt":"2011-07-11T02:22:41","slug":"feria-del-mezcal-2011-en-la-ciudad-de-oaxaca","status":"publish","type":"post","link":"https:\/\/www.travelbymexico.com\/blog\/8697-feria-del-mezcal-2011-en-la-ciudad-de-oaxaca\/","title":{"rendered":"Feria del Mezcal 2011 en la Ciudad de Oaxaca"},"content":{"rendered":"<h2>Con el objetivo de promocionar, difundir\u00a0y posicionar el mezcal de mano con la cultura de Oaxaca, la XIV Feria del Mezcal Oaxaca 2011 se llevar\u00e1 a cabo en el <a title=\"Parque El Llano Paseo Ju\u00e1rez en la ciudad de Oaxaca\" href=\"http:\/\/travelbymexico.com\/oaxaca\/atractivos\/index.php?nom=eoaxparquellano\" target=\"_blank\">Parque Paseo Ju\u00e1rez el Llano<\/a> de la ciudad de Oaxaca, paralelamente a la celebraci\u00f3n anual de la tradicional <a title=\"Programa de Eventos de la Guelaguetza 2011\" href=\"http:\/\/travelbymexico.com\/blog\/8701-programa-de-la-guelaguetza-y-lunes-de-cerro-2011-en-oaxaca\/\" target=\"_blank\">Guelaguetza<\/a>.<\/h2>\n<p>Esta fiesta nacional del mezcal se llevar\u00e1 a cabo <strong>del 22 julio al 02 de Agosto 2011<\/strong> de las 9:00 a las 23:00 horas.<\/p>\n<p>Contar\u00e1 con la participaci\u00f3n de m\u00e1s de <strong>50 empresas mezcaleras<\/strong> de los estados de Oaxaca (el principal productor y comercializador de mezcal del pa\u00eds), Guerrero, Zacatecas, Durango, Tamaulipas, San Luis Potos\u00ed y Guanajuato.<\/p>\n<h3>Recreaci\u00f3n de una F\u00e1brica de Mezcal:<\/h3>\n<p>Entre los puestos de la feria podr\u00e1s descubrir parte del proceso de elaboraci\u00f3n del mezcal gracias a la recreaci\u00f3n de una f\u00e1brica artesanal de mezcal.<\/p>\n<h3>Costo de entrada a la XIV Feria del Mezcal:<\/h3>\n<p>$35 pesos por persona.<\/p>\n<h3>Conciertos en el Parque Paseo Ju\u00e1rez El Llano, Ciudad de Oaxaca:<\/h3>\n<p><strong><span style=\"text-decoration: underline;\">Costo de entrada por persona a los conciertos<\/span>: <\/strong>$250 pesos.<\/p>\n<p>S\u00e1bado 23 de julio: <strong>C\u00f3digo de Barras<\/strong>,<br \/>\nDomingo 24 de julio: <strong>Julion \u00c1lvarez<\/strong>,<br \/>\nLunes 25 de julio: <strong>La Sonora Dinamita<\/strong>,<br \/>\nLunes 25 de julio: <strong>Rayito Colombiano<\/strong>,<br \/>\nMi\u00e9rcoles 27 de julio: <strong>Platanito Show<\/strong>,<br \/>\nJueves 28 de julio: <strong>Mar\u00eda Jose<\/strong>,<br \/>\nS\u00e1bado 30 de julio: <strong>Pablo Montero<\/strong>,<br \/>\nDomingo 31 de julio: <strong>Karenka<\/strong>,<br \/>\nLunes 01 de agosto: <strong>La Apuesta<\/strong>.<\/p>\n<h3>Ligas de Inter\u00e9s:<\/h3>\n<p><a title=\"V\u00eddeo del Proceso de elaboraci\u00f3n artesanal del Mezcal en Oaxaca\" href=\"http:\/\/travelbymexico.com\/oaxaca\/video\/index.php?nom=WSboaxmezcalart\" target=\"_blank\">Video del Proceso de Elaboraci\u00f3n Artesanal del Mezcal<\/a><\/p>\n<p><a title=\"El Mezcal, etapas de su elaboraci\u00f3n artesanal y consejos de degustaci\u00f3n\" href=\"http:\/\/www.travelbymexico.com\/oaxaca\/reportajes\/index.php?nom=eoaxmezcal2&amp;don=0\" target=\"_blank\">El Mezcal (reportaje)<\/a><\/p>\n<p><a title=\"Mezcal Oro de Oaxaca, Familia L\u00f3pez Mateo\" href=\"http:\/\/travelbymexico.com\/oaxa\/orodeoaxaca\/\" target=\"_blank\">Mezcal Oro de Oaxaca<\/a><\/p>\n<p><a title=\"Gu\u00eda de Hoteles, solicitud de reservaci\u00f3n, informaci\u00f3n,tarifas,fotos,ubicaci\u00f3n \" href=\"http:\/\/travelbymexico.com\/oaxaca\/hoteles\" target=\"_blank\">Hoteles en la Ciudad de Oaxaca<\/a><\/p>\n<p><a title=\"Atractivos tur\u00edsticos de la ciudad de oaxaca y alrededores, Travel by M\u00e9xico\" href=\"http:\/\/travelbymexico.com\/oaxaca\/atractivos\" target=\"_blank\">Atractivos Tur\u00edsticos en Oaxaca y alrededores<\/a><\/p>\n","protected":false},"excerpt":{"rendered":"<p>Con el objetivo de promocionar, difundir\u00a0y posicionar el mezcal de mano con la cultura de Oaxaca, la XIV Feria del<\/p>\n","protected":false},"author":2,"featured_media":8698,"comment_status":"closed","ping_status":"open","sticky":false,"template":"","format":"standard","meta":[],"categories":[36,14],"tags":[321,1597,733,820,1596],"_links":{"self":[{"href":"https:\/\/www.travelbymexico.com\/blog\/wp-json\/wp\/v2\/posts\/8697"}],"collection":[{"href":"https:\/\/www.travelbymexico.com\/blog\/wp-json\/wp\/v2\/posts"}],"about":[{"href":"https:\/\/www.travelbymexico.com\/blog\/wp-json\/wp\/v2\/types\/post"}],"author":[{"embeddable":true,"href":"https:\/\/www.travelbymexico.com\/blog\/wp-json\/wp\/v2\/users\/2"}],"replies":[{"embeddable":true,"href":"https:\/\/www.travelbymexico.com\/blog\/wp-json\/wp\/v2\/comments?post=8697"}],"version-history":[{"count":3,"href":"https:\/\/www.travelbymexico.com\/blog\/wp-json\/wp\/v2\/posts\/8697\/revisions"}],"predecessor-version":[{"id":8700,"href":"https:\/\/www.travelbymexico.com\/blog\/wp-json\/wp\/v2\/posts\/8697\/revisions\/8700"}],"wp:featuredmedia":[{"embeddable":true,"href":"https:\/\/www.travelbymexico.com\/blog\/wp-json\/wp\/v2\/media\/8698"}],"wp:attachment":[{"href":"https:\/\/www.travelbymexico.com\/blog\/wp-json\/wp\/v2\/media?parent=8697"}],"wp:term":[{"taxonomy":"category","embeddable":true,"href":"https:\/\/www.travelbymexico.com\/blog\/wp-json\/wp\/v2\/categories?post=8697"},{"taxonomy":"post_tag","embeddable":true,"href":"https:\/\/www.travelbymexico.com\/blog\/wp-json\/wp\/v2\/tags?post=8697"}],"curies":[{"name":"wp","href":"https:\/\/api.w.org\/{rel}","templated":true}]}}