{"id":8104,"date":"2011-06-23T10:09:19","date_gmt":"2011-06-23T15:09:19","guid":{"rendered":"http:\/\/travelbymexico.com\/blog\/?p=8104"},"modified":"2011-07-07T18:03:02","modified_gmt":"2011-07-07T23:03:02","slug":"los-trabajos-de-ampliacion-del-tamayo-no-afectaran-las-visitas","status":"publish","type":"post","link":"https:\/\/www.travelbymexico.com\/blog\/8104-los-trabajos-de-ampliacion-del-tamayo-no-afectaran-las-visitas\/","title":{"rendered":"Los trabajos de ampliaci\u00f3n del Tamayo no afectar\u00e1n las visitas"},"content":{"rendered":"<h2>Encomendadas por el INBA al arquitecto Teodoro Gonz\u00e1lez de Le\u00f3n quien particip\u00f3 en el proyecto original del edificio junto a Abraham Zabludovsky, las obras de ampliaci\u00f3n del Museo Rufino Tamayo se llevar\u00e1n a cabo hasta la primavera del 2012, no obstante durante este per\u00edodo el p\u00fablico podr\u00e1 acceder con toda la normalidad a sus exposiciones permanentes y temporales.<\/h2>\n<h3>El proyecto de ampliaci\u00f3n de este recinto contempla la construcci\u00f3n\u00a0de 1,600 m2 en los que se habilitar\u00e1n los siguientes espacios:<\/h3>\n<p>&#8211; dos salas de exposici\u00f3n: una para mostrar la obra de Rufino Tamayo y la otra para exhibir su colecci\u00f3n permanente;<br \/>\n&#8211; un restaurante,<br \/>\n&#8211; una biblioteca\u00a0de arte contempor\u00e1neo completa, amplia y funcional<br \/>\n&#8211; as\u00ed como espacios m\u00e1s amplios para los talleres infantiles y la tienda del museo.<\/p>\n<h3>Cursos de verano y XV Bienal de Arte Contempor\u00e1neo<\/h3>\n<p>Los renombrados <strong>cursos de verano para ni\u00f1os<\/strong> del Tamayo, as\u00ed como su tradicional Concierto Cl\u00e1sico y la codiciada Noche de jazz contrastan con los <a title=\"Revista en l\u00ednea del Museo Rufino Tamayo\" href=\"http:\/\/www.rufino.mx\" target=\"_blank\">nuevos ciclos de conferencias<\/a> con temas de actualidad y del arte contempor\u00e1neo tienen una excelente calidad.<\/p>\n<p>La <strong>XV Bienal de Arte Contempor\u00e1neo<\/strong> que est\u00e1 en proceso de convocatoria y los distintos esfuerzos que el museo ha desarrollado para acercase al p\u00fablico nacional e internacional lo convierten en un destino cultural sin comparaci\u00f3n.<\/p>\n<h3>Exposiciones Temporales del Museo Rufino Tamayo &#8211; Verano 2011<\/h3>\n<p>La exposici\u00f3n <strong>&#8220;Se desvaneci\u00f3 sin dejar rastro&#8221; de Roman Ond\u00e1k<\/strong>, es un esfuerzo por presentar el arte perform\u00e1tico de este artista esloveno qui\u00e9n pretende reconciliar lo an\u00f3nimo de la multitud y lo \u00edntimo de lo individual en una pieza especialmente creada para el museo y desarrollada en el andador entre el Museo Nacional de Antropolog\u00eda e Historia y el Museo Tamayo. Expo abierta <strong>del 9 de abril al 31 de julio de 2011<\/strong>.<\/p>\n<p><strong>Abstracci\u00f3n posible \/ Abstract Possible <\/strong>del 26 de marzo al 7 de agosto de 2011.<\/p>\n<p><strong>Proyecto especial: &#8220;Escalera de incendios&#8221; Monika Sosnowska<\/strong> &#8211; del 9 de abril a 7 de agosto de 2011.<\/p>\n<p><a title=\"Incidentes de viaje espejo en Yucat\u00e1n y otros lugares, exposici\u00f3n en Museo Tamayo\" href=\"http:\/\/travelbymexico.com\/blog\/8621-incidentes-de-viaje-espejo-en-yucatan-y-otros-lugares-en-el-tamayo\/\" target=\"_blank\">&#8220;Incidentes de Viaje Espejo en Yucat\u00e1n y otros lugares&#8221;<\/a> Inauguraci\u00f3n: jueves 7 de julio de 2011 a las 7:30 p.m.<\/p>\n<h3>Direcci\u00f3n, horarios y precios del Museo Tamayo:<\/h3>\n<p>Paseo de la Reforma y Gandhi s\/n, Bosque de Chapultepec.<br \/>\nAbierto de Martes a domingo de\u00a010 am a 6 p.m.<br \/>\nAdmisi\u00f3n: $15. Domingos entrada libre.<br \/>\nEntrada gratuita a estudiantes, profesores y adultos mayores,\u00a0con credencial vigente.<\/p>\n<h3>Ligas de Inter\u00e9s:<\/h3>\n<p><a title=\"Proyecto de Ampliaci\u00f3n del Museo Rufino Tamayo\" href=\"http:\/\/www.museotamayo.org\/proyecto\/ \" target=\"_blank\">Ver video del proyecto de ampliaci\u00f3n<\/a><\/p>\n<p><a title=\"Rese\u00f1a, fotos y mapa de ubicaci\u00f3n del Museo Rufino Tamayo\" href=\"http:\/\/www.travelbymexico.com\/ciudaddemexico\/atractivos\/index.php?nom=1309488410&amp;don=0\" target=\"_blank\">Museo Rufino Tamayo en la Ciudad de M\u00e9xico<\/a><\/p>\n<p><a title=\"Gu\u00eda Tur\u00edstica de la Ciudad de M\u00e9xico: hoteles, mapas, videos, fotos, atractivos\" href=\"http:\/\/www.travelbymexico.com\/ciudaddemexico\" target=\"_blank\">Gu\u00eda Tur\u00edstica de la Ciudad de M\u00e9xico<\/a><\/p>\n<p>&nbsp;<\/p>\n","protected":false},"excerpt":{"rendered":"<p>Encomendadas por el INBA al arquitecto Teodoro Gonz\u00e1lez de Le\u00f3n quien particip\u00f3 en el proyecto original del edificio junto a<\/p>\n","protected":false},"author":2,"featured_media":8105,"comment_status":"closed","ping_status":"open","sticky":false,"template":"","format":"standard","meta":[],"categories":[24],"tags":[9797,318,509,851,1535,1536],"_links":{"self":[{"href":"https:\/\/www.travelbymexico.com\/blog\/wp-json\/wp\/v2\/posts\/8104"}],"collection":[{"href":"https:\/\/www.travelbymexico.com\/blog\/wp-json\/wp\/v2\/posts"}],"about":[{"href":"https:\/\/www.travelbymexico.com\/blog\/wp-json\/wp\/v2\/types\/post"}],"author":[{"embeddable":true,"href":"https:\/\/www.travelbymexico.com\/blog\/wp-json\/wp\/v2\/users\/2"}],"replies":[{"embeddable":true,"href":"https:\/\/www.travelbymexico.com\/blog\/wp-json\/wp\/v2\/comments?post=8104"}],"version-history":[{"count":3,"href":"https:\/\/www.travelbymexico.com\/blog\/wp-json\/wp\/v2\/posts\/8104\/revisions"}],"predecessor-version":[{"id":8107,"href":"https:\/\/www.travelbymexico.com\/blog\/wp-json\/wp\/v2\/posts\/8104\/revisions\/8107"}],"wp:featuredmedia":[{"embeddable":true,"href":"https:\/\/www.travelbymexico.com\/blog\/wp-json\/wp\/v2\/media\/8105"}],"wp:attachment":[{"href":"https:\/\/www.travelbymexico.com\/blog\/wp-json\/wp\/v2\/media?parent=8104"}],"wp:term":[{"taxonomy":"category","embeddable":true,"href":"https:\/\/www.travelbymexico.com\/blog\/wp-json\/wp\/v2\/categories?post=8104"},{"taxonomy":"post_tag","embeddable":true,"href":"https:\/\/www.travelbymexico.com\/blog\/wp-json\/wp\/v2\/tags?post=8104"}],"curies":[{"name":"wp","href":"https:\/\/api.w.org\/{rel}","templated":true}]}}