{"id":8076,"date":"2011-06-20T23:04:33","date_gmt":"2011-06-21T04:04:33","guid":{"rendered":"http:\/\/travelbymexico.com\/blog\/?p=8076"},"modified":"2011-06-20T23:04:33","modified_gmt":"2011-06-21T04:04:33","slug":"fiesta-de-la-musica-2011-conciertos-gratuitos-en-la-ciudad-de-mexico","status":"publish","type":"post","link":"https:\/\/www.travelbymexico.com\/blog\/8076-fiesta-de-la-musica-2011-conciertos-gratuitos-en-la-ciudad-de-mexico\/","title":{"rendered":"Fiesta de la M\u00fasica 2011, Conciertos gratuitos en la ciudad de M\u00e9xico"},"content":{"rendered":"<h2>La &#8220;Fiesta de la M\u00fasica&#8221; (F\u00eate de la Musique) es un gran evento popular y gratuito que se origin\u00f3 en 1981 en Francia, de all\u00ed pas\u00f3 a ser una fiesta europea y hoy en d\u00eda se celebra en m\u00e1s de 1000 ciudades en los cinco continentes. En distintos foros y espacios al aire libre de la Ciudad de M\u00e9xico podr\u00e1s unirte a esta verbena y as\u00ed festejar en grande &#8220;al arte de las Musas&#8221;.<\/h2>\n<h3>30ava. Edici\u00f3n de la Fiesta de la M\u00fasica en la Ciudad de M\u00e9xico<\/h3>\n<p>Con el fin de popularizar la pr\u00e1ctica musical y familiarizar al p\u00fablico en general con las expresiones musicales, la Fiesta de la M\u00fasica convoca cada a\u00f1o a m\u00fasicos aficionados o profesionales que deseen tocar en lugares al aire libre: calles, plazas, jardines as\u00edmismo en museos, restaurantes, etc.<\/p>\n<h3>Fiesta de la M\u00fasica Conciertos en la Ciudad de M\u00e9xico:<\/h3>\n<p>Conciertos gratuitos del 21 de junio del 2011 en las Alianzas Francesas de la Ciudad de M\u00e9xico y en diversos foros como el Mercado Rold\u00e1n, el Centro Cultural de Espa\u00f1a, el Museo de la Estampa, el Museo Diego Rivera Anahuacalli (casa del Anahuac),<br \/>\nMuseo Frida Kahlo, entre otros.<\/p>\n<h3>Mientras tanto en Par\u00eds\u2026: Concierto exceptional de Julieta Venegas, Ely Guerra y Natalia Lafourcade:<\/h3>\n<p>Estas talentosas artistas mexicanas se presentar\u00e1n por primera vez de gira en Francia ofreciendo el mismo d\u00eda tres conciertos gratuitos en el Cabaret Sauvage localizado en el Parc de la Villette, en la ciudad de Par\u00eds.<\/p>\n<p>20h Concierto de Ely Guerra<br \/>\n21h15 Concierto de Natalia Lafourcade<br \/>\n22h30 Concierto de Julieta Venegas.<\/p>\n<h3>Fiesta de la M\u00fasica en La Casa del Lago:<\/h3>\n<p>S\u00e1bado 25\u00a0 de junio a las 14:00 horas: Concierto de GG Bros, con la colaboraci\u00f3n: Sonidos Urbanos Producciones S. A. de C. V.<\/p>\n<p>Domingo 26\u00a0 de junio a las 12:00 horas: Recital de Viola y Piano, Con la colaboraci\u00f3n: Coordinaci\u00f3n Nacional de M\u00fasica y \u00d3pera del INBA. M\u00fasicos: Sergio Ortiz, viola, H\u00e9ctor Rojas, piano.<\/p>\n<h3>Fiesta de la M\u00fasica en la Plaza de la Aguilita, coraz\u00f3n del Barrio de la Merced<\/h3>\n<p>El 21 de junio habr\u00e1 muchos eventos y el 26 de junio no te pierdas el gran cierre con un concierto de Danza, m\u00fasica mexicana y de varios paises de las 12:00 a las 18:00 hrs.<\/p>\n<p>Programa de Conciertos Fiesta de la M\u00fasica en la Alianza Francesa de Polanco,<\/p>\n<p>Coro Desiderata (Coro) a las 9:00 hrs.<br \/>\nD\u00fao Hilemm (L\u00edrica Mexicana) a las 10:00 hrs.<br \/>\nCoro Juan Guillermo Villasana (Coro) a las 11:00 hrs.<br \/>\nSebastien Leroux (Canci\u00f3n Francesa) a las 12:00 hrs.<br \/>\nAdhesiva (Bossa Electr\u00f3nica) a las 13:00 hrs.<br \/>\nVer\u00f3nica Salinas Guevarra (Canci\u00f3n Francesa) a las 14:00 hrs.<br \/>\nMichel Giglia (Canci\u00f3n Francesa) a las 15:00 hrs.<br \/>\nSelle (Trip-Hop) a las 16:00 hrs.<br \/>\nLos Tlaxikeros (M\u00fasica Urbana) a las 17:00 hrs.<br \/>\nD\u00fao Nohuian (Guitarra y Marimba) Luis Eduardo Aute (Recital Po\u00e9tico) en el Auditorio a las 18:0 hrs.<br \/>\nNot Made in China (M\u00fasica Gourmet\/Coro UNAM en el Auditorio a las 19:00 hrs.<br \/>\nFollaje (Blues) a las 19:45 hrs.<br \/>\nLos Licuadores (Rock) a las 20:30 hrs.<br \/>\nRoco y Sonidero Meztizo (M\u00fasica Mestiza) a las 21:15 hrs.<br \/>\nTriciclo Circus Band (Ensamble Circense) a las 21:50 hrs.<br \/>\nAgrupaci\u00f3n Cari\u00f1o (Cumbia) a las 22:10 hrs.<br \/>\nThe Crystal Ship Band (Tributo a The Doors) a las 23:05 hrs.<\/p>\n<h3>Programa de Conciertos Fiesta de la M\u00fasica en la Alianza Francesa de San \u00c1ngel:<\/h3>\n<p>Red Quartet (Jazz) a las 9:00 hrs.<br \/>\nMole Caribe\u00f1o (Jazz Caribe\u00f1o) a las 10:00 hrs.<br \/>\nEn Technicolor (Pop Rock) a las 11:00 hrs.<br \/>\nLa Super Latina (Latin Jazz) a las 12:00 hrs.<br \/>\nGritar no es llorar (Pop Rock) a las 13:00 hrs.<br \/>\nTransfondo (Reggae) a las 14:00 hrs.<br \/>\nThe Crystal Ship Band (Tributo at The Doors).<br \/>\nBurning Harp (Blues) a las 16:00 hrs.<br \/>\nTriciclo Circus Band (Folk) a las 17:00 hrs.<br \/>\nLos Meffisto (Rock) a las 18:00 hrs.<\/p>\n<h3>Programa de Conciertos Fiesta de la M\u00fasica en la Alianza Francesa del Valle:<\/h3>\n<p>Gorkata (M\u00fasica del Mundo) a las 17:00 hrs.<br \/>\nKurvo (Progresivo Latin Funk) a las 18:00 hrs.<br \/>\nMoyo (Rock &amp; Blues) a las 19:00 hrs.<\/p>\n<h3>Programa de Conciertos Fiesta de la M\u00fasica en la Alianza Francesa de Lomas Verdes:<\/h3>\n<p>Ranitas Funkis (Blues) a las 16:00 hrs.<br \/>\nCoro Acatl\u00e1n (M\u00fasica Tradicional) a las 17:00 hrs.<br \/>\nArmoira (Rock) a las 18:00 hrs.<\/p>\n<h3>Ligas de inter\u00e9s:<\/h3>\n<p><a title=\"Programa de eventos y conciertos Fiesta de la M\u00fasica en Alianza Francesa M\u00e9xico\" href=\"http:\/\/www.alianzafrancesademexico.org.mx\/Fiesta-de-La-Musica-2011-Programa.html\" target=\"_blank\">Para mayor informaci\u00f3n: Consulta el programa de la Alianza Francesa en M\u00e9xico<\/a><\/p>\n<p><a title=\"Off du Mexique, Eventos culturales A\u00f1o de M\u00e9xico en Francia \" href=\"http:\/\/www.offdumexiqueenfrance.com\/index.php?option=com_sportingevents&amp;view=event&amp;id=136:julieta-venegas-ely-guerra-nataia-lafourcade-en-concert&amp;Itemid=100\" target=\"_blank\">El Off de M\u00e9xico &#8211; A\u00f1o de M\u00e9xico en Francia<\/a><\/p>\n<p>Creado despu\u00e9s de la anulaci\u00f3n del A\u00f1o de M\u00e9xico en Francia este colectivo apoyado en asociaciones, particulares voluntarios y dem\u00e1s organismos independientes con un fin no-lucrativo tiene como objetivo promover y difundir el arte mexicano por medio de diferentes muestras y manifestaciones culturales. M\u00e1s de 150 manifestaciones art\u00edsticas fueron ya organizadas para este a\u00f1o 2011.<\/p>\n<p><a title=\"Conciertos de Ely Guerra, Julieta Venegas y Natalia Lafourcade en el Cabaret Sauvage\" href=\"http:\/\/www.cabaretsauvage.com\/programme.php?evenement=1279#1279\" target=\"_blank\">Le Cabaret Sauvage: Conciertos de Ely Guerra, Natalia Lafourcade y Julieta Venegas<\/a><\/p>\n<p><a title=\"Gu\u00eda Tur\u00edstica de la Ciudad de M\u00e9xico\" href=\"http:\/\/www.travelbymexico.com\/ciudaddemexico\" target=\"_blank\">Gu\u00eda Tur\u00edstica de la Ciudad de M\u00e9xico<\/a><\/p>\n","protected":false},"excerpt":{"rendered":"<p>La &#8220;Fiesta de la M\u00fasica&#8221; (F\u00eate de la Musique) es un gran evento popular y gratuito que se origin\u00f3 en<\/p>\n","protected":false},"author":2,"featured_media":8077,"comment_status":"closed","ping_status":"open","sticky":false,"template":"","format":"standard","meta":[],"categories":[36],"tags":[1519,318,360,1516,1514,1513,1518,1515,1517,945],"_links":{"self":[{"href":"https:\/\/www.travelbymexico.com\/blog\/wp-json\/wp\/v2\/posts\/8076"}],"collection":[{"href":"https:\/\/www.travelbymexico.com\/blog\/wp-json\/wp\/v2\/posts"}],"about":[{"href":"https:\/\/www.travelbymexico.com\/blog\/wp-json\/wp\/v2\/types\/post"}],"author":[{"embeddable":true,"href":"https:\/\/www.travelbymexico.com\/blog\/wp-json\/wp\/v2\/users\/2"}],"replies":[{"embeddable":true,"href":"https:\/\/www.travelbymexico.com\/blog\/wp-json\/wp\/v2\/comments?post=8076"}],"version-history":[{"count":2,"href":"https:\/\/www.travelbymexico.com\/blog\/wp-json\/wp\/v2\/posts\/8076\/revisions"}],"predecessor-version":[{"id":8079,"href":"https:\/\/www.travelbymexico.com\/blog\/wp-json\/wp\/v2\/posts\/8076\/revisions\/8079"}],"wp:featuredmedia":[{"embeddable":true,"href":"https:\/\/www.travelbymexico.com\/blog\/wp-json\/wp\/v2\/media\/8077"}],"wp:attachment":[{"href":"https:\/\/www.travelbymexico.com\/blog\/wp-json\/wp\/v2\/media?parent=8076"}],"wp:term":[{"taxonomy":"category","embeddable":true,"href":"https:\/\/www.travelbymexico.com\/blog\/wp-json\/wp\/v2\/categories?post=8076"},{"taxonomy":"post_tag","embeddable":true,"href":"https:\/\/www.travelbymexico.com\/blog\/wp-json\/wp\/v2\/tags?post=8076"}],"curies":[{"name":"wp","href":"https:\/\/api.w.org\/{rel}","templated":true}]}}