{"id":8066,"date":"2011-06-16T23:47:57","date_gmt":"2011-06-17T04:47:57","guid":{"rendered":"http:\/\/travelbymexico.com\/blog\/?p=8066"},"modified":"2012-11-01T22:03:38","modified_gmt":"2012-11-02T04:03:38","slug":"worldpress-photo-las-300-mejore-fotografias-del-mundo-en-el-franz-mayer","status":"publish","type":"post","link":"https:\/\/www.travelbymexico.com\/blog\/8066-worldpress-photo-las-300-mejore-fotografias-del-mundo-en-el-franz-mayer\/","title":{"rendered":"Worldpress Photo, las 300 mejores fotograf\u00edas del mundo en el Franz Mayer"},"content":{"rendered":"<h2>El evento de renombre mundial regresa a M\u00e9xico. Disfruta del 18 de junio al 17 de Julio del 2011, de las 300 mejores fotograf\u00edas del mundo, de acuerdo con la fundaci\u00f3n holandesa World Press Photo.<\/h2>\n<p>Este a\u00f1o, la fotograf\u00eda ganadora fue tomada por Jodi Bieber, de origen sudafricano qui\u00e9n fotografi\u00f3 a una mujer afgana que sufri\u00f3 la amputaci\u00f3n de la nariz y las orejas como castigo por desobedecer a su marido.<\/p>\n<p>Un mexicano recibi\u00f3 la menci\u00f3n de honor en le tema de noticias, Fernando Brito del peri\u00f3dico El debate de Culiac\u00e1n.<\/p>\n<p><strong>M\u00e1s informes sobre el World Press Photo 2011 <a title=\"Exposici\u00f3n World Press Photo 2011 Museo Franz Mayer\" href=\"http:\/\/www.franzmayer.org.mx\/exposiciones\/2011\/ prog_wpp11.html\" target=\"_blank\">aqu\u00ed<\/a>. <\/strong><\/p>\n<p><strong>Horario<\/strong>: Martes a viernes: 10:00 a 17:00 horas; S\u00e1bado y domingo: 11:00 a 18:00 horas<\/p>\n<p>Horario de verano: Martes a domingo: 11:00 a 19:00 horas.<\/p>\n<p><strong>Tarifa<\/strong>:<br \/>\nAdmisi\u00f3n general $45.00, Estudiantes y maestros $25.00, Entrada gratuita a miembros del ICOM,<br \/>\nafiliados, adultos mayores de 60 a\u00f1os, y ni\u00f1os menores de 12 a\u00f1os, Martes entrada libre.<\/p>\n<p><strong>Direcci\u00f3n<\/strong>:<br \/>\nHidalgo 45. Centro Hist\u00f3rico M\u00e9xico D.F. 06300, Tel. 5518.2266 ext. 251, 254<br \/>\nEstacionamiento propio anexo al museo.<\/p>\n<p>Metros: Bellas Artes e Hidalgo<\/p>\n<h3>Ligas de Inter\u00e9s:<\/h3>\n<p><a title=\"Museo Franz Mayer en la ciudad de M\u00e9xico\" href=\"http:\/\/www.franzmayer.org.mx\" target=\"_blank\">Museo Franz Mayer<\/a><\/p>\n<p><a title=\"Sitio Oficial de Worls Press Photo\" href=\"http:\/\/www.worldpressphoto.org\" target=\"_blank\">World Press Photo<\/a><\/p>\n<p><a title=\"Gu\u00eda Tur\u00edstica de la ciudad de M\u00e9xico\" href=\"http:\/\/www.travelbymexico.com\/ciudaddemexico\" target=\"_blank\">Gu\u00eda Tur\u00edstica de la Ciudad de M\u00e9xico<\/a> (Hotels, Atractivos, Fotograf\u00edas, Atractivos, Mapas, Videos, etc)<\/p>\n","protected":false},"excerpt":{"rendered":"<p>El evento de renombre mundial regresa a M\u00e9xico. Disfruta del 18 de junio al 17 de Julio del 2011, de<\/p>\n","protected":false},"author":2,"featured_media":8067,"comment_status":"closed","ping_status":"open","sticky":false,"template":"","format":"standard","meta":[],"categories":[9,24],"tags":[318,361,507,508,1510,1508,1511],"_links":{"self":[{"href":"https:\/\/www.travelbymexico.com\/blog\/wp-json\/wp\/v2\/posts\/8066"}],"collection":[{"href":"https:\/\/www.travelbymexico.com\/blog\/wp-json\/wp\/v2\/posts"}],"about":[{"href":"https:\/\/www.travelbymexico.com\/blog\/wp-json\/wp\/v2\/types\/post"}],"author":[{"embeddable":true,"href":"https:\/\/www.travelbymexico.com\/blog\/wp-json\/wp\/v2\/users\/2"}],"replies":[{"embeddable":true,"href":"https:\/\/www.travelbymexico.com\/blog\/wp-json\/wp\/v2\/comments?post=8066"}],"version-history":[{"count":6,"href":"https:\/\/www.travelbymexico.com\/blog\/wp-json\/wp\/v2\/posts\/8066\/revisions"}],"predecessor-version":[{"id":13110,"href":"https:\/\/www.travelbymexico.com\/blog\/wp-json\/wp\/v2\/posts\/8066\/revisions\/13110"}],"wp:featuredmedia":[{"embeddable":true,"href":"https:\/\/www.travelbymexico.com\/blog\/wp-json\/wp\/v2\/media\/8067"}],"wp:attachment":[{"href":"https:\/\/www.travelbymexico.com\/blog\/wp-json\/wp\/v2\/media?parent=8066"}],"wp:term":[{"taxonomy":"category","embeddable":true,"href":"https:\/\/www.travelbymexico.com\/blog\/wp-json\/wp\/v2\/categories?post=8066"},{"taxonomy":"post_tag","embeddable":true,"href":"https:\/\/www.travelbymexico.com\/blog\/wp-json\/wp\/v2\/tags?post=8066"}],"curies":[{"name":"wp","href":"https:\/\/api.w.org\/{rel}","templated":true}]}}