{"id":8060,"date":"2011-06-16T22:09:03","date_gmt":"2011-06-17T03:09:03","guid":{"rendered":"http:\/\/travelbymexico.com\/blog\/?p=8060"},"modified":"2011-06-16T22:18:00","modified_gmt":"2011-06-17T03:18:00","slug":"zoe-mariachi-rock-0-el-personal-en-la-feria-internacional-de-la-musica","status":"publish","type":"post","link":"https:\/\/www.travelbymexico.com\/blog\/8060-zoe-mariachi-rock-0-el-personal-en-la-feria-internacional-de-la-musica\/","title":{"rendered":"Zo\u00e9, Mariachi Rock 0, El Personal en la Feria Internacional de la M\u00fasica"},"content":{"rendered":"<h2>Artistas nacionales e internacionales, Conciertos de El Personal, Zo\u00e9, Mariachi Rock 0 y Pate de Fua, entre otros; exposici\u00f3n acerca de Julio Haro, conferencias, mesas de trabajo, muestra f\u00edlmica especializada y talleres de producci\u00f3n discogr\u00e1fica, te esperan en la 1era edici\u00f3n de la FIM, Feria Internacional de la M\u00fasica en Guadalajara.<\/h2>\n<p>Organizada por la <strong>Universidad de Guadalajara<\/strong> a trav\u00e9s de la <strong>Coordinaci\u00f3n de Producci\u00f3n y Difusi\u00f3n Musical de Cultura UDG<\/strong>, en colaboraci\u00f3n con la <strong>Feria Internacional del Libro<\/strong>, <strong>Teatro Diana<\/strong> y la <strong>Universidad Libre de M\u00fasica<\/strong>, la FIM es un proyecto que convoca a m\u00fasicos, compositores, productores, ejecutivos de sellos discogr\u00e1ficos, periodistas, investigadores, editores, mel\u00f3manos y al p\u00fablico en general con el objetivo de promover la cultura musical Iberoamericana y convertirse en un punto de referencia en materia de profesionalizaci\u00f3n de los creadores y productores de m\u00fasica.<\/p>\n<h3>Feria Internacional de la M\u00fasica en Guadalajara del 16 al 19 de junio de 2011.<\/h3>\n<h3>Programa de Actividades y Conciertos de la FIM 2011 en Guadalajara:<\/h3>\n<p><strong>Exposici\u00f3n temporal de pintura y escultura <\/strong><\/p>\n<p>Curada por el artista Joao Rodr\u00edguez, esta exposici\u00f3n es un homenaje a <strong>Julio Haro<\/strong>, letrista, vocalista y fundador de grupo de rock &#8220;<strong>El Personal<\/strong>.&#8221;<\/p>\n<p><strong>Lugar<\/strong>: Museo de la Ciudad (Independencia 684. Col.Centro).<br \/>\nDe martes a s\u00e1bado de 10:00 a 17:30 horas. Domingos de 10:00 a 14:00.<br \/>\nAcceso general: $15 pesos. Ni\u00f1os, estudiantes, maestros y adultos mayores: $7.50 pesos.<\/p>\n<p><strong>Concierto En Guadalajara fue\u2026 celebrando a &#8220;El Personal&#8221;<\/strong><\/p>\n<p>Fecha: Jueves 16 de junio de 2011. A las 20:00 Hrs. en el Teatro Diana.<\/p>\n<p><strong>Concierto Mariachi Rock-O. <\/strong><br \/>\n<strong>Presentaci\u00f3n del segundo disco \/ Jos\u00e9 Manuel Aguilera, Mitocondrias. <\/strong><\/p>\n<p>Viernes 17 de junio de 2011 a las 21:00 Hrs. en el Teatro Diana.<\/p>\n<p><strong>Concierto Jaime L\u00f3pez y su Chilanga Banda (Joselo y Quique Rangel, Ramiro del Real y Children). <\/strong><\/p>\n<p>S\u00e1bado 18 de junio de 2011. A las 20:30 Hrs. en el Teatro Diana.<\/p>\n<p><strong>Concierto Astrid Hadad presenta Tierra Misteriosa + Pumcay\u00f3 <\/strong><\/p>\n<p>Domingo 19 de junio de 2011. A las 19:00 Hrs. en el Teatro Diana.<\/p>\n<p><strong>Zo\u00e9,<\/strong> M\u00fasica de Fondo. MTV Unplugged presentado por Concierto Ocesa.<br \/>\nDomingo 19 de junio de 2011 a las 19:30 Hrs. en el Auditorio Telmex.<\/p>\n<h3>Otros conciertos:<\/h3>\n<p><strong>Conciertos de acceso gratuito y exclusivamente con invitaciones<\/strong> que podr\u00e1s conseguir s\u00f3lo a trav\u00e9s de Radio Universidad de Guadalajara (104.3 FM) en todos sus emisiones en vivo.<\/p>\n<p><strong>Lugar:<\/strong> Bajo Fondo:<br \/>\n(Absynth Collective, Willy Zavala, 17 de junio; Jaramar, Alonso Arreola Quinteto, 18 de junio)<\/p>\n<p><strong>Lugar: <\/strong>Bar Am\u00e9ricas: (Siavash, 16 de junio; Damian, 17 de junio; Mart\u00edn Parra, 18 de junio)<\/p>\n<p><strong>Lugar: <\/strong>Barramericano:<br \/>\n(Torreblanca, Camper, 17 de junio; Los Daniels, Vainilla, 18 de junio).<\/p>\n<p><strong>Lugar:<\/strong> La Mutualista:<br \/>\nAlexis y su Calor de Habana, 16 de junio; S\u00ed Son, Los Bomberos, 17 de junio; Monareta -Colombia-, Afrodisaicos, 18 de junio.<\/p>\n<h3>Conciertos con costo de $50 pesos.<\/h3>\n<p><strong>Lugar:<\/strong> Boston&#8217;s:<br \/>\nLa High, La Casta\u00f1eda, 17 de junio; Carina Ricco, Los Finger, 18 de junio)<\/p>\n<p><strong>Lugar:<\/strong> F. Bolko:<br \/>\nSeven Rays, Forseps, 18 de junio<\/p>\n<p><strong>Lugar:<\/strong> Old Jack&#8217;s:<\/p>\n<p>Pat\u00e9 de Fu\u00e1, San Pascualito Rey, 17 de junio; La Gusana Ciega, Liber Ter\u00e1n, 18 de junio.<\/p>\n<h3><!--nextpage--><\/h3>\n<h3>Talleres del la Feria Internacional de la M\u00fasica en Guadalajara.<\/h3>\n<p><strong>Producir una canci\u00f3n<\/strong> (el cupo de este taller en el que participar\u00e1 Emmanuel del Real de Caf\u00e9 Tacvba, est\u00e1 lleno).<\/p>\n<p>Jueves 16, viernes 17, s\u00e1bado 18 y domingo 19 de junio del 2011.<br \/>\n10:00 a 19:00 horas, con un receso de 14:00 a 15:00 Hrs.<br \/>\nLugar: Estudio Diana \u2013 Centro Cultural Teatro Diana.<\/p>\n<p><strong>Taller de Bandas de Rock <\/strong><\/p>\n<p>Viernes 17 de junio, 2011. De las 16:00 a las 19:00 horas.<br \/>\nLugar: Salones Europa y As\u00eda del Hotel Hilton.<br \/>\nCosto de inscripci\u00f3n: 100 pesos por cada integrante de la banda. Cupo limitado.<\/p>\n<p><strong>Taller de Marketing en redes sociales<\/strong><\/p>\n<p>Domingo 19 de junio, 2011. A las 16:00 horas.<br \/>\nLugar: Sal\u00f3n Eugenio Toussaint \u2013 Expo Guadalajara.<br \/>\nImparte: Mois\u00e9s Cielak.<br \/>\nAcceso \u00fanicamente para personas con inscripci\u00f3n profesional.<\/p>\n<p>Para participar a estos talleres, inscr\u00edbete <a title=\"Inscripciones a los talleres del FIM, Festival Internacional de M\u00fasica de Gdl\" href=\"http:\/\/fimguadalajara.mx\/?page_id=808\" target=\"_blank\">aqu\u00ed<\/a>:<\/p>\n<h3>Muestra F\u00edlmica en el Cineforo de la Universidad de Guadalajara (Ju\u00e1rez 976. Col.Centro).<\/h3>\n<p>In-Edit Festival Internacional de Cine Documental Musical presenta: <strong>&#8220;Dont Look Back&#8221; <\/strong><br \/>\nD. A. Pennebaker \/ Estados Unidos \/ 1967 \/ 96\u2032<br \/>\nJueves 16 de junio. Funciones: 16:00 y 18:00 horas.<\/p>\n<p><strong>Soneros del Tesechoac\u00e1n <\/strong><br \/>\nInti Cordera \/ M\u00e9xico \/ 2007 \/ 76\u2032\u2028Viernes 17 de junio. Funciones: 16:00, 18:00 y 20:00 horas.<\/p>\n<p><strong>Tiempo de leyenda <\/strong><\/p>\n<p>Jos\u00e9 S\u00e1nchez Montes \/ Espa\u00f1a \/ 2009 \/ 70\u2032<br \/>\nS\u00e1bado 18 de junio. Funciones: 16:00, 18:00 y 20:00 horas.<\/p>\n<p>In-Edit Festival Internacional de Cine Documental Musical presenta: <strong>R.E.M. This Is Not A Show <\/strong><br \/>\nVincent Moon &amp; Jeremiah \/ EUA \/ 2009 \/ 56\u2032<br \/>\nDomingo 19 de junio. Funciones: 16:00, 18:00 y 20:00 horas<\/p>\n","protected":false},"excerpt":{"rendered":"<p>Artistas nacionales e internacionales, Conciertos de El Personal, Zo\u00e9, Mariachi Rock 0 y Pate de Fua, entre otros; exposici\u00f3n acerca<\/p>\n","protected":false},"author":2,"featured_media":8061,"comment_status":"closed","ping_status":"open","sticky":false,"template":"","format":"standard","meta":[],"categories":[36],"tags":[1504,620,1505,1103,1507,1506],"_links":{"self":[{"href":"https:\/\/www.travelbymexico.com\/blog\/wp-json\/wp\/v2\/posts\/8060"}],"collection":[{"href":"https:\/\/www.travelbymexico.com\/blog\/wp-json\/wp\/v2\/posts"}],"about":[{"href":"https:\/\/www.travelbymexico.com\/blog\/wp-json\/wp\/v2\/types\/post"}],"author":[{"embeddable":true,"href":"https:\/\/www.travelbymexico.com\/blog\/wp-json\/wp\/v2\/users\/2"}],"replies":[{"embeddable":true,"href":"https:\/\/www.travelbymexico.com\/blog\/wp-json\/wp\/v2\/comments?post=8060"}],"version-history":[{"count":3,"href":"https:\/\/www.travelbymexico.com\/blog\/wp-json\/wp\/v2\/posts\/8060\/revisions"}],"predecessor-version":[{"id":8063,"href":"https:\/\/www.travelbymexico.com\/blog\/wp-json\/wp\/v2\/posts\/8060\/revisions\/8063"}],"wp:featuredmedia":[{"embeddable":true,"href":"https:\/\/www.travelbymexico.com\/blog\/wp-json\/wp\/v2\/media\/8061"}],"wp:attachment":[{"href":"https:\/\/www.travelbymexico.com\/blog\/wp-json\/wp\/v2\/media?parent=8060"}],"wp:term":[{"taxonomy":"category","embeddable":true,"href":"https:\/\/www.travelbymexico.com\/blog\/wp-json\/wp\/v2\/categories?post=8060"},{"taxonomy":"post_tag","embeddable":true,"href":"https:\/\/www.travelbymexico.com\/blog\/wp-json\/wp\/v2\/tags?post=8060"}],"curies":[{"name":"wp","href":"https:\/\/api.w.org\/{rel}","templated":true}]}}