{"id":7907,"date":"2011-06-07T20:15:30","date_gmt":"2011-06-08T01:15:30","guid":{"rendered":"http:\/\/travelbymexico.com\/blog\/?p=7907"},"modified":"2011-10-05T23:12:55","modified_gmt":"2011-10-06T04:12:55","slug":"fototeca-nacional-160-anos-de-fotografia-en-mexico","status":"publish","type":"post","link":"https:\/\/www.travelbymexico.com\/blog\/7907-fototeca-nacional-160-anos-de-fotografia-en-mexico\/","title":{"rendered":"Fototeca Nacional: 160 a\u00f1os de fotograf\u00eda en M\u00e9xico"},"content":{"rendered":"<h2>A continuaci\u00f3n encontrar\u00e1n una breve rese\u00f1a de la Fototeca Nacional as\u00ed como la descripci\u00f3n de los 41 fondos fotogr\u00e1ficos que la conforman, mismos que esta instituci\u00f3n adquiri\u00f3 o recibi\u00f3 como donaci\u00f3n desde su creaci\u00f3n en 1976.<\/h2>\n<p>La <strong>Fototeca Nacional de M\u00e9xico<\/strong> se localiza en la ciudad de <a title=\"Rese\u00f1a, mapa de la ciudad y Gu\u00eda de Hoteles en Pachuca\" href=\"http:\/\/www.travelbymexico.com\/pachuca\" target=\"_blank\">Pachuca<\/a>, en el Estado de Hidalgo.<br \/>\nConformada por <strong>900,000 piezas fotogr\u00e1ficas<\/strong> representativas de diferentes per\u00edodos hist\u00f3ricos de M\u00e9xico a lo largo de 160 a\u00f1os, se ha destacado en Am\u00e9rica Latina por reconocer y promover el valor de la imagen fotogr\u00e1fica como patrimonio cultural.<\/p>\n<p>La Fototeca Nacional est\u00e1 afiliada al<strong> <a title=\"Sistema Nacional de Fototecas de M\u00e9xico, un acervo de m\u00e1s de 2 millones de fotos \" href=\"http:\/\/travelbymexico.com\/blog\/7915-sistema-nacional-de-fototecas-de-mexico-mas-de-2-millones-de-fotos\/\" target=\"_blank\">SINAFO<\/a><\/strong><a title=\"Sistema Nacional de Fototecas de M\u00e9xico, un acervo de m\u00e1s de 2 millones de fotos \" href=\"http:\/\/travelbymexico.com\/blog\/7915-sistema-nacional-de-fototecas-de-mexico-mas-de-2-millones-de-fotos\/\" target=\"_blank\">, <strong>Sistema Nacional de Fototecas<\/strong><\/a>.<\/p>\n<h3>Direcci\u00f3n de la Fototeca Nacional:<\/h3>\n<p>Casasola S\/N, Exconvento de San Francisco, col. Centro, C.P.42050 Pachuca, Hgo.<br \/>\nTel\u00e9fono (771) 714 36 53.<br \/>\nHorario: de 8:00 a 15:00 horas.<\/p>\n<h3>Los 41 Fondos Fotogr\u00e1ficos de la Fototeca Nacional:<\/h3>\n<p><strong>Archivo Casasola<\/strong>: Magno acervo resultado del trabajo de tres generaciones de fotoreporteros. Muestra diversos aspectos de la sociedad y constituye una referencia obligada para de cualquier investigaci\u00f3n.<\/p>\n<p><strong>Arnulfo Viveros<\/strong>: Negativos de im\u00e1genes realizadas en los a\u00f1os treinta que documentan la ciudad de Cuernavaca.<\/p>\n<p><strong>Bonifacio Maraveles<\/strong>: Negativos de fotos tomadas entre 1950 y 1970 de la vida cotidiana y social de la <a title=\"Gu\u00eda Tur\u00edstica de la Ciudad de M\u00e9xico\" href=\"http:\/\/www.travelbymexico.com\/ciudaddemexico\/\" target=\"_blank\">Ciudad de M\u00e9xico<\/a> as\u00ed como de la Industr\u00eda, principalmente la automotriz, a trav\u00e9s de su imagen publicitaria.<\/p>\n<p><strong>Carlos Jurado<\/strong>: Este acervo est\u00e1 constituido por im\u00e1genes, algunas tomadas con c\u00e1mara estenop\u00e9ica e impresas en procesos antiguos, del renombrado pionero mundial en la experimentaci\u00f3n de la ficci\u00f3n en fotograf\u00eda.<\/p>\n<p><strong>C.B. Waite \/ W. Scott<\/strong>: Charles B. Waite y Winfield Scott, dos fot\u00f3grafos estadounidenses que recorrieron M\u00e9xico siguiendo el trazo de las v\u00edas f\u00e9rreas entre 1896 y las dos primeras d\u00e9cadas del siglo XX. Im\u00e1genes de paisajes, retratos, costumbres, eventos pol\u00edticos, etc.<\/p>\n<p><strong>Chapultepec<\/strong>: La Colecci\u00f3n de negativos ofrece un panorama de algunas de las piezas e instalaciones del antiguo Museo Nacional y del Museo Nacional de Historia. mientras que la colecci\u00f3n de positivos se encuentra en un \u00e1lbum de retratos de personajes ilustres de la aristocracia europea a finales del siglo XIX.<\/p>\n<p><strong>Consejo Mexicano de Fotograf\u00eda<\/strong>: Integrada por los trabajos de 39 autores contempor\u00e1neos, est\u00e1 colecci\u00f3n de im\u00e1genes fue donada por el Consejo Mexicano con la finalidad de conseguir fondos para ayudar a los damnificados del terremoto de 1985.<\/p>\n<p><strong>Cruces y Campa<\/strong>: Renombrada firma conocida entre los a\u00f1os de 1862 y 1877 por sus peque\u00f1os retratos en formato tarjeta de visita. Ant\u00edoco Cruces y Luis Campa realizaron muchos retratos de sociedad y en 1874 registraron una serie titulada: \u201cGaler\u00eda de personas que han ejercido el mando supremo de M\u00e9xico, con t\u00edtulo legal o por medio de la usurpaci\u00f3n\u201d.<\/p>\n<p><!--nextpage--><strong>Culhuac\u00e1n<\/strong>: Fondo relacionada con las actividades del antiguo Museo Nacional y con el Instituto Nacional de Antropolog\u00eda e Historia (INAH) hasta la d\u00e9cada de 1960: exposiciones, piezas, personal de los museos, registro de sitios prehisp\u00e1nicos, etc.<\/p>\n<p><strong>Eduardo Oropeza<\/strong>: Peque\u00f1o fondo de im\u00e1genes estereoscopias, en su mayor\u00eda de la Ciudad de M\u00e9xico, durante la primera d\u00e9cada del siglo XX.<\/p>\n<p><strong>Estado de Hidalgo<\/strong>: Colecci\u00f3n conformada por positivos y negativos de diversas \u00e9pocas (desde 1886 a mediados del siglo XX.), autores y t\u00e9cnicas: arquitectura, arte, paisaje y vida social del Estado.<\/p>\n<p><strong>Estados de la Rep\u00fablica<\/strong>: Im\u00e1genes positivas sobre algunas de las ciudades mexicanas, en especial vistas realizadas entre 1930 y 1980.<\/p>\n<p><strong>\u00c9tnico<\/strong>: Estas im\u00e1genes procedentes del antiguo Museo Nacional presentan el vasto conjunto de grupos \u00e9tnicos que conforman la sociedad mexicana desde la segunda mitad del siglo XIX.<\/p>\n<p><strong>Expedici\u00f3n Cempoala<\/strong>: Colecci\u00f3n de fotograf\u00edas de <strong>Rafael Garc\u00eda<\/strong> creada con motivo de la exposici\u00f3n conmemorativa del IV Centenario del descubrimiento de Am\u00e9rica que tuvo lugar en 1892 en Madrid en 1892: paisajes, vestigios prehisp\u00e1nicos y retratos de los habitantes del lugar.<\/p>\n<p><strong>Familia \u00c1lvarez Bravo y Urbajtel<\/strong>: Negativos originales (1901 a 1934) del fot\u00f3grafo alem\u00e1n Guillermo Kahlo, donados por la familia \u00c1lvarez Bravo y Urbajtel en agosto de 2004: arquitectura religiosa mexicana, edificios, monumentos, retratos y paisajes de distintos puntos de la Ciudad de M\u00e9xico y el pa\u00eds.<\/p>\n<p><strong>Felipe Teixidor<\/strong>: Reconocido intelectual de origen catal\u00e1n nacionalizado mexicano en 1928, coleccionista de fotograf\u00edas de M\u00e9xico que reuni\u00f3 este acervo fotogr\u00e1fico durante m\u00e1s de cincuenta a\u00f1os. Naci\u00f3 en 1895 y falleci\u00f3 en 1980.<\/p>\n<blockquote><p><span style=\"text-decoration: underline;\">Acerca de las fotograf\u00edas, este hombre de letras coment\u00f3 lo siguiente<\/span>:\u00a0<em>&#8220;esos amarres de la memoria que a menudo se fusionan con ella hasta el grado de mezclar en el sedimento arenoso del tiempo, los granos de la experiencia vivida con los de la superficie fotogr\u00e1fica.\u201d<\/em><\/p><\/blockquote>\n<p><strong>Fotograf\u00eda Estereosc\u00f3pica<\/strong>: Acervo fotogr\u00e1fico de las ciudades m\u00e1s importantes de M\u00e9xico realizado por viajeros y compa\u00f1\u00edas tanto nacionales como extranjeras.\u00a0 <em><\/em><\/p>\n<p><em>&#8220;<strong>La estereocop\u00eda es una t\u00e9cnica fotogr\u00e1fica <\/strong>que mediante la superposici\u00f3n de dos im\u00e1genes iguales, ligeramente defasadas, producen un efecto tridimensional al unirse mediante el uso de un visor desarrollado para tal efecto&#8221;. (Glosario de t\u00e9rminos empleados en conservaci\u00f3n fotogr\u00e1fica, Juan Carlos Valdez Mar\u00edn, M\u00e9xico, INAH, 2001)<\/em>.<\/p>\n<p><strong>Fotograf\u00eda Extranjera<\/strong>: Fotogr\u00e1ficas procedentes de diversas donaciones y realizadas por autores de m\u00faltiples nacionalidades entre 1980 y fines del siglo XX.<\/p>\n<p><!--nextpage--><strong>Gustavo D\u00edaz Ordaz<\/strong>: Eventos pol\u00edticos relacionados con el mandato de Gustavo D\u00edaz Ordaz, fotos de familia, reuniones, giras en M\u00e9xico y en el extranjero. Fondo de la oficina de prensa de la Presidencia de la Rep\u00fablica entregado a la Fototeca Nacional en 1980.<\/p>\n<p><strong>Guillermo Kahlo<\/strong>: Registro arquitect\u00f3nico iniciado en 1890 y encomendado al fot\u00f3grafo alem\u00e1n Guillermo Kahlo por el gobierno de <strong><a title=\"Porfirio D\u00edaz Mori. M\u00e9xico Real. Historia de M\u00e9xico\" href=\"http:\/\/mr.travelbymexico.com\/197-porfirio-diaz-mori\" target=\"_blank\">Porfirio D\u00edaz<\/a><\/strong>, de los bienes de propiedad federal, particularmente de los edificios religiosos de los siglos XVI al XIX. La obra de esta artista sigue siendo hasta la fecha digna de gran inter\u00e9s debido a las composiciones de sus fotograf\u00edas que a partir de los elementos geom\u00e9tricos lograron generar un car\u00e1cter casi abstracto.<\/p>\n<p><strong>Hugo Brehme<\/strong>: Una mirada pictorialista y fabuladora del paisaje y monumentos de M\u00e9xico, por el alem\u00e1n Hugo Brehme y de su hijo, Arno. El 20 de noviembre de 2002, esta colecci\u00f3n recibi\u00f3 el reconocimiento &#8220;Memoria de Am\u00e9rica Latina y el Caribe&#8221; dentro del Programa Memoria del Mundo de la <strong>UNESCO<\/strong>.<\/p>\n<p><strong>Im\u00e1genes de C\u00e1mara<\/strong>: Im\u00e1genes \u00fanicas conforman este fondo que re\u00fane ejemplos de los primeros procesos fotogr\u00e1ficos\u00a0 utilizados sobre todo en la realizaci\u00f3n de retratos: ambrotipo, daguerrotipo y ferrotipo.<\/p>\n<p><strong>Incremento Acervo<\/strong>: Peque\u00f1as colecciones adquiridas por la Fototeca Nacional u obtenidas a trav\u00e9s de donaciones de particulares e instituciones p\u00fablicas y privadas.<\/p>\n<p><strong>Jorge Guerra<\/strong>: Colecci\u00f3n de positivos donados por el arquitecto Guerra que se centran sobre los sucesos de la Revoluci\u00f3n Mexicana as\u00ed como la obra de algunos de los fot\u00f3grafos mexicanos m\u00e1s destacados en esta lucha como <strong>Eduardo Melhado<\/strong>, <strong>Heliodoro Juan Guti\u00e9rrez <\/strong>y <strong>Jes\u00fas Hermenegildo Abitia<\/strong>.<\/p>\n<p><strong>Jorge R. Acosta<\/strong>: Un valioso acervo del arque\u00f3logo mexicano <strong>Jorge Ruffier Acosta<\/strong> (1908-1975). Positivos y negativos realizados entre 1930 y 1060 que documentan sus\u00a0 investigaciones en las zonas prehisp\u00e1nicas mayas, mixtecas, zapotecas, teotihuacanas y toltecas.<\/p>\n<p><strong>Jos\u00e9 Antonio Bustamante<\/strong>: Negativos y positivos realizados por el fot\u00f3grafo popular, Jos\u00e9 Antonio Bustamante, en la ciudad de Fresnillo, Zacatecas y en la Ciudad de M\u00e9xico entre 1930 y 1970.<\/p>\n<p><strong>Juan Antonio Azurmendi<\/strong>: 375 placas (1890-1905) de la vida privada de Juan Antonio Azurmendi, hijo de una pareja de migrantes vascos que lleg\u00f3 a M\u00e9xico en la d\u00e9cada de 1860. \u00c1lbum familiar en su finca de la calle Sadi Carnot, en la Colonia San Rafael de la ciudad de M\u00e9xico <strong>durante la \u00e9poca del Porfiriato<\/strong> y fotograf\u00edas de sus viajes.<\/p>\n<p><strong>Marcos Rocha<\/strong>: Negativos y positivos de vistas de ciudades y paisajes, muchos de ellos en formato estereosc\u00f3pico, que al parecer fueron realizadas por un fot\u00f3grafo aficionado.<\/p>\n<p><strong>Margarita Scott<\/strong>: Fondo fotogr\u00e1fico donado en julio de 2005 por Irene Margaret Castro la descendiente de Winfield Scott. Est\u00e1 conformado por negativos y positivos cuyos temas van del paisaje al registro de obras p\u00fablicas, retratos y tipos populares que permiten establecer la personalidad fotogr\u00e1fica individual de este fot\u00f3grafo norteamericano, escondido por mucho tiempo tras la figura de Charles B. Waite.<\/p>\n<p><!--nextpage--><strong>Nacho L\u00f3pez<\/strong>: Acervo considerado como una referencia fundamental para la fotograf\u00eda contempor\u00e1nea en M\u00e9xico.\u00a0 Adquirido por el gobierno federal como reconocimiento a la importancia de su obra, ofrece un panorama de la vida cotidiana de la sociedad mexicana entre 1950 y 1980.<\/p>\n<p><strong>Observatorio Tacubaya<\/strong>: Placas negativas con tomas ejecutadas entre fines del siglo XIX y 1940. Comprende im\u00e1genes de las instalaciones del observatorio inaugurado en 1883, as\u00ed como el registro puntual de cuerpos celestes y astron\u00f3micos.<\/p>\n<p><strong>Otto Dahl<\/strong>: Peque\u00f1a colecci\u00f3n de positivos con im\u00e1genes de las fiestas del Centenario, as\u00ed como los efectos de la lucha durante la Decena Tr\u00e1gica, movimiento armado que tuvo lugar del 9 de febrero al 18 de febrero de 1913 para derrocar a Francisco I. Madero.<\/p>\n<p><strong>Peter Smithers<\/strong>: Diapositivas de 35 mm de diversos sitios arqueol\u00f3gicos, construcciones religiosas y civiles del periodo colonial as\u00ed como paisajes de Guerrero, Hidalgo, Michoac\u00e1n, Morelos, Puebla, Tlaxcala y Quer\u00e9taro, donadas en 1997 por Sir Peter Smithers, agregado naval de la Embajada Brit\u00e1nica en M\u00e9xico en la d\u00e9cada de los a\u00f1os cuarenta.<\/p>\n<p><strong>Prehisp\u00e1nico<\/strong>: M\u00e1s de un siglo de arqueolog\u00eda en M\u00e9xico con registros que van de alrededor de 1860 a 1970. Se pueden observar las diferentes etapas de exploraciones y restauraciones de sitios arqueol\u00f3gicos como <a title=\"Chich\u00e9n Itz\u00e1 y la Pir\u00e1mide de Kukulcan\" href=\"http:\/\/www.travelbymexico.com\/merida\/atractivos\/?nom=emerchichen&amp;don=40\" target=\"_blank\">Chich\u00e9n Itz\u00e1<\/a>, El Taj\u00edn, Xochicalco, <a title=\"Zona arqueol\u00f3gica de Mitl\u00e1, en el Estado de Oaxaca\" href=\"http:\/\/www.travelbymexico.com\/oaxaca\/atractivos\/?nom=eoaxmitla&amp;don=35\" target=\"_blank\">Mitla<\/a>, <a title=\"Zona Arqueol\u00f3gica de Monte Alb\u00e1n\" href=\"http:\/\/www.travelbymexico.com\/oaxaca\/atractivos\/?nom=eoaxmontealban&amp;don=35 \" target=\"_blank\">Monte Alb\u00e1n<\/a>, <a title=\"Sitio arqueol\u00f3gico de Palenque en el Estado de Chiapas\" href=\"http:\/\/travelbymexico.com\/blog\/5239-zona-arqueologica-de-palenque\/\" target=\"_blank\">Palenque<\/a>, Teotihuacan y el <a title=\"Templo Mayor de la antigua Tenochtitlan. Fotograf\u00edas, rese\u00f1a y mapa de ubicaci\u00f3n\" href=\"http:\/\/www.travelbymexico.com\/ciudaddemexico\/atractivos\/index.php?nom=1302749300&amp;don=0\" target=\"_blank\">Templo Mayor<\/a> de la antigua Tenochtitlan.<\/p>\n<p><strong>Revista Hoy<\/strong>: Piezas en plata\/gelatina, im\u00e1genes de agencia y de reconocidos autores de la fotograf\u00eda mexicana, que fueron publicadas en las secciones de la famosa revista &#8220;Hoy&#8221; entre los a\u00f1os \u201840 y \u201870 del siglo pasado.<\/p>\n<p><strong>Salud P\u00fablica<\/strong>: Negativos y positivos que documenta la actividad de la entonces<strong> Secretar\u00eda de Asistencia P\u00fablica<\/strong> de fines de la d\u00e9cada de 1920 a 1950.<\/p>\n<p><strong>Semo<\/strong>: Im\u00e1genes donadas al Gobierno Mexicano por <strong>Sim\u00f3n Flechine &#8220;Semo&#8221;<\/strong>, fot\u00f3grafo de origen bielorruso (1894-1981) quien encontr\u00f3 refugio en M\u00e9xico en 1941. Comprende retratos de algunos de los m\u00e1s connotados actores e intelectuales nacionales (<strong>Tin Tan<\/strong>, <strong>Tangolele<\/strong>, etc.) a lo largo de tres d\u00e9cadas (finales 30&#8217;s a 60&#8242; aproximadamente), as\u00ed como muestras de su trabajo en Berl\u00edn y Par\u00eds.<\/p>\n<p><strong>Serrano Vidal<\/strong>: Positivos que constituyen una peque\u00f1a muestra de la vida social durante el gobierno de \u00c1lvaro Obreg\u00f3n, as\u00ed como retratos del general Francisco Serrano y del General Carlos A. Vida.<\/p>\n<p><strong>Tina Modotti<\/strong>: Trabajos de la renombrada fot\u00f3grafa italiana Tina Modotti entre 1923 y 1929 en M\u00e9xico.<\/p>\n<p><strong>Vives Price<\/strong>: Piezas, sobre todo estereosc\u00f3spicas, con vista de M\u00e9xico en las primeras d\u00e9cadas del siglo XX.<\/p>\n","protected":false},"excerpt":{"rendered":"<p>A continuaci\u00f3n encontrar\u00e1n una breve rese\u00f1a de la Fototeca Nacional as\u00ed como la descripci\u00f3n de los 41 fondos fotogr\u00e1ficos que<\/p>\n","protected":false},"author":2,"featured_media":7908,"comment_status":"closed","ping_status":"open","sticky":false,"template":"","format":"standard","meta":[],"categories":[9,24],"tags":[508,1460,656,818,1463,1461,1237],"_links":{"self":[{"href":"https:\/\/www.travelbymexico.com\/blog\/wp-json\/wp\/v2\/posts\/7907"}],"collection":[{"href":"https:\/\/www.travelbymexico.com\/blog\/wp-json\/wp\/v2\/posts"}],"about":[{"href":"https:\/\/www.travelbymexico.com\/blog\/wp-json\/wp\/v2\/types\/post"}],"author":[{"embeddable":true,"href":"https:\/\/www.travelbymexico.com\/blog\/wp-json\/wp\/v2\/users\/2"}],"replies":[{"embeddable":true,"href":"https:\/\/www.travelbymexico.com\/blog\/wp-json\/wp\/v2\/comments?post=7907"}],"version-history":[{"count":7,"href":"https:\/\/www.travelbymexico.com\/blog\/wp-json\/wp\/v2\/posts\/7907\/revisions"}],"predecessor-version":[{"id":7910,"href":"https:\/\/www.travelbymexico.com\/blog\/wp-json\/wp\/v2\/posts\/7907\/revisions\/7910"}],"wp:featuredmedia":[{"embeddable":true,"href":"https:\/\/www.travelbymexico.com\/blog\/wp-json\/wp\/v2\/media\/7908"}],"wp:attachment":[{"href":"https:\/\/www.travelbymexico.com\/blog\/wp-json\/wp\/v2\/media?parent=7907"}],"wp:term":[{"taxonomy":"category","embeddable":true,"href":"https:\/\/www.travelbymexico.com\/blog\/wp-json\/wp\/v2\/categories?post=7907"},{"taxonomy":"post_tag","embeddable":true,"href":"https:\/\/www.travelbymexico.com\/blog\/wp-json\/wp\/v2\/tags?post=7907"}],"curies":[{"name":"wp","href":"https:\/\/api.w.org\/{rel}","templated":true}]}}