{"id":7554,"date":"2011-06-01T22:50:59","date_gmt":"2011-06-02T03:50:59","guid":{"rendered":"http:\/\/travelbymexico.com\/blog\/?p=7554"},"modified":"2011-07-10T19:49:14","modified_gmt":"2011-07-11T00:49:14","slug":"fiesta-de-corpus-christi-2011-en-papantla","status":"publish","type":"post","link":"https:\/\/www.travelbymexico.com\/blog\/7554-fiesta-de-corpus-christi-2011-en-papantla\/","title":{"rendered":"Fiesta de Corpus Christi 2011 en Papantla"},"content":{"rendered":"<h2>Para el pueblo papanteco, la celebraci\u00f3n del Jueves de Corpus Christi es la m\u00e1xima expresi\u00f3n de\u00a0 su identidad, ya que refleja la supervivencia de sus tradiciones y su espiritualidad. Este a\u00f1o, se llevar\u00e1 a cabo del 18 al 26 de Junio del 2011.<\/h2>\n<p>La Fiesta de Corpus Christi es la celebraci\u00f3n cat\u00f3lica del Cuerpo de Cristo. Se festeja cada a\u00f1o cuarenta d\u00edas despu\u00e9s del <a title=\"Semana Santa 2011 en M\u00e9xico\" href=\"http:\/\/travelbymexico.com\/blog\/5712-fechas-de-semana-santa-2011\/\" target=\"_blank\">Jueves Santo<\/a>, por lo tanto, su fecha es m\u00f3vil, puede ser a fines de mayo o a principios de junio.<\/p>\n<h3>Tambi\u00e9n fiesta Totonaca relacionada con la primavera<\/h3>\n<p>Mucho antes de la llegada de los conquistadores espa\u00f1oles, en la regi\u00f3n de Totonacapan, situada al norte del Estado de Veracruz, se celebraba una fiesta relacionada con la primavera cuyas fechas correspond\u00eda, por coincidencia, a las de la fiesta del Jueves de Corpus Christi instaurada por la iglesia cat\u00f3lica, probablemente a principio del siglo XVI.<\/p>\n<p>Los totonacos llevaban a cabo varias celebraciones relacionadas con el calendario solar, las cosechas y el culto a sus divinidades. El sincretismo entre la tradici\u00f3n totonaca y la cat\u00f3lica se debe a la labor de los misioneros franciscanos.<\/p>\n<h3>Programa de Actividades y Eventos Feria de Corpus Christi Papantla 2011:<\/h3>\n<p><strong>Misa y Procesiones<\/strong><\/p>\n<p>La celebraci\u00f3n inicia en el atrio del Templo de Papantla, prosigue en el parque Israel C. T\u00e9llez y finaliza en los terrenos del campo An\u00e1huac.<\/p>\n<p><strong>Danzas, Exposiciones y Conciertos<\/strong><\/p>\n<p><strong>Lugar:<\/strong> Instalaciones de la Feria en la ciudad de Papantla, Ver.<\/p>\n<p>Exposici\u00f3n Agr\u00edcola, Artesanal, Ganadera y Gastron\u00f3mica.<\/p>\n<p>Danzas de Los Negritos, Moros y Cristianos o sea los Santiagueros,<\/p>\n<p>Danza de los Voladores de Papantla.<\/p>\n<h3>Programa de Conciertos Feria de Corpus Christi 2011 en Papantla:<\/h3>\n<p>Viernes 17 de junio 2011 \u2013 <strong>Guerra de Chistes<\/strong><br \/>\nS\u00e1bado 18 de junio 2011 \u2013 <strong>La Real Banda Coraz\u00f3n<\/strong><br \/>\nDomingo 19 de junio 2011 \u2013 <strong>Banda El Recodo de Don Cruz Lizarraga<\/strong><br \/>\nDomingo 19 de junio 2011 \u2013 <strong>Banda Rosario de los \u00c1ngeles<\/strong><br \/>\nLunes 20 de junio 2011 \u2013 <strong>Reyli<\/strong><br \/>\nLunes 20 de junio 2011 \u2013 <strong>Gerry<\/strong><br \/>\nMartes 21 de junio 2011 \u2013 <strong>Jotdog<\/strong><br \/>\nMi\u00e9rcoles 22 de junio 2011 \u2013 <strong>Palomo<\/strong><br \/>\nViernes 24 de junio 2011 \u2013<strong> Ha*Ash<\/strong><br \/>\nS\u00e1bado 25 de junio 2011 \u2013 <strong>Julia Camila.<\/strong><\/p>\n<h3>\u00bfQui\u00e9n realiz\u00f3 el Cartel de la Feria Corpus Christi 2011?<\/h3>\n<p>El talentuoso artista papanteco <strong>Pepe Mart\u00ednez<\/strong> quien present\u00f3 el a\u00f1o pasado en Papantla su exposici\u00f3n titulada <strong>\u201cLos Hijos del Sol\u201d<\/strong>.<\/p>\n<h3>Origen de la celebraci\u00f3n de Corpus Christi en M\u00e9xico:<\/h3>\n<p><strong>El Jueves de Corpus o D\u00eda de las mulas<\/strong><\/p>\n<p>En M\u00e9xico, el Jueves de Corpus Christi se empez\u00f3 a celebrar en el a\u00f1o de 1526, rindi\u00e9ndose culto al Sant\u00edsimo Sacramento en la Catedral de M\u00e9xico. El centro de la festividad era la tradicional Misa seguida de una procesi\u00f3n encabezada por el arzobispo, acompa\u00f1ado por autoridades eclesi\u00e1sticas, el ej\u00e9rcito y el pueblo.<\/p>\n<p>Desde esa misma \u00e9poca, el <strong>Jueves de Corpus Christi<\/strong> era tambi\u00e9n conocido en algunas partes del pa\u00eds como el <strong>D\u00eda de las mulas<\/strong> debido <strong>a una leyenda<\/strong> que cuenta que un hombre llamado Ignacio, mientras asist\u00eda a la solemne celebraci\u00f3n se estaba interrogando acerca de su vocaci\u00f3n sacerdotal as\u00ed que se le ocurri\u00f3 pedirle a Jesucristo que le enviara una se\u00f1al.<br \/>\nEn esa \u00e9poca, los campesinos que asist\u00edan al evento tra\u00edan a sus mulas cargadas con algunos productos de sus cosechas como ofrendas a Dios en se\u00f1al de agradecimiento.<\/p>\n<p>Al pasar el Sant\u00edsimo Sacramento frente al hombre, se dice que Ignacio pens\u00f3 lo siguiente: &#8220;Si ah\u00ed estuviera presente Dios, hasta las mulas se arrodillar\u00edan&#8221;. Dicho y hecho! su mula se arrodill\u00f3 y desde este acontecimiento no s\u00f3lo Ignacio encontr\u00f3 su vocaci\u00f3n sino que tambi\u00e9n se conserv\u00f3 la costumbre de elaborar mulitas en hojas secas de pl\u00e1tano de diferentes tama\u00f1os y acompa\u00f1adas con peque\u00f1as cestas de dulces y frutas.<\/p>\n","protected":false},"excerpt":{"rendered":"<p>Para el pueblo papanteco, la celebraci\u00f3n del Jueves de Corpus Christi es la m\u00e1xima expresi\u00f3n de\u00a0 su identidad, ya que<\/p>\n","protected":false},"author":2,"featured_media":7555,"comment_status":"closed","ping_status":"open","sticky":false,"template":"","format":"standard","meta":[],"categories":[36,14],"tags":[1434,1432,1435,522,758,1433,1052,1053],"_links":{"self":[{"href":"https:\/\/www.travelbymexico.com\/blog\/wp-json\/wp\/v2\/posts\/7554"}],"collection":[{"href":"https:\/\/www.travelbymexico.com\/blog\/wp-json\/wp\/v2\/posts"}],"about":[{"href":"https:\/\/www.travelbymexico.com\/blog\/wp-json\/wp\/v2\/types\/post"}],"author":[{"embeddable":true,"href":"https:\/\/www.travelbymexico.com\/blog\/wp-json\/wp\/v2\/users\/2"}],"replies":[{"embeddable":true,"href":"https:\/\/www.travelbymexico.com\/blog\/wp-json\/wp\/v2\/comments?post=7554"}],"version-history":[{"count":4,"href":"https:\/\/www.travelbymexico.com\/blog\/wp-json\/wp\/v2\/posts\/7554\/revisions"}],"predecessor-version":[{"id":7557,"href":"https:\/\/www.travelbymexico.com\/blog\/wp-json\/wp\/v2\/posts\/7554\/revisions\/7557"}],"wp:featuredmedia":[{"embeddable":true,"href":"https:\/\/www.travelbymexico.com\/blog\/wp-json\/wp\/v2\/media\/7555"}],"wp:attachment":[{"href":"https:\/\/www.travelbymexico.com\/blog\/wp-json\/wp\/v2\/media?parent=7554"}],"wp:term":[{"taxonomy":"category","embeddable":true,"href":"https:\/\/www.travelbymexico.com\/blog\/wp-json\/wp\/v2\/categories?post=7554"},{"taxonomy":"post_tag","embeddable":true,"href":"https:\/\/www.travelbymexico.com\/blog\/wp-json\/wp\/v2\/tags?post=7554"}],"curies":[{"name":"wp","href":"https:\/\/api.w.org\/{rel}","templated":true}]}}