{"id":6112,"date":"2011-05-23T20:04:48","date_gmt":"2011-05-24T01:04:48","guid":{"rendered":"http:\/\/travelbymexico.com\/blog\/?p=6112"},"modified":"2011-05-26T19:59:48","modified_gmt":"2011-05-27T00:59:48","slug":"quinta-semana-de-africa-en-mexico-del-23-al-27-de-mayo-2011","status":"publish","type":"post","link":"https:\/\/www.travelbymexico.com\/blog\/6112-quinta-semana-de-africa-en-mexico-del-23-al-27-de-mayo-2011\/","title":{"rendered":"Quinta Semana de \u00c1frica en M\u00e9xico, del 23 al 27 de mayo 2011"},"content":{"rendered":"<p><a href=\"http:\/\/travelbymexico.com\/blog\/imgBase\/2011\/05\/Foto-semana-Africa.jpg\"><img loading=\"lazy\" class=\"alignleft size-full wp-image-6114\" title=\"Semana de \u00c1frica en M\u00e9xico del 23 al 27 de Mayo de 2011\" src=\"http:\/\/travelbymexico.com\/blog\/imgBase\/2011\/05\/Foto-semana-Africa.jpg\" alt=\"\" width=\"640\" height=\"480\" srcset=\"https:\/\/www.travelbymexico.com\/blog\/imgBase\/2011\/05\/Foto-semana-Africa.jpg 640w, https:\/\/www.travelbymexico.com\/blog\/imgBase\/2011\/05\/Foto-semana-Africa-320x240.jpg 320w\" sizes=\"(max-width: 640px) 100vw, 640px\" \/><\/a><\/p>\n<p>Por quinto a\u00f1o consecutivo, &#8220;La Semana de \u00c1frica en M\u00e9xico&#8221; llega a la ciudad de M\u00e9xico. Dentro de su variado programa de actividades y eventos, destacan dos magn\u00edficas exposiciones: &#8220;\u00c1frica, la magia de las formas&#8221; e &#8220;Impresiones Africanas&#8221;.<\/p>\n<p>Resultado de la colaboraci\u00f3n entre las *Representaciones Diplom\u00e1ticas de Pa\u00edses Africanos acreditadas en M\u00e9xico, la Comisi\u00f3n de Relaciones Exteriores del Senado de la Rep\u00fablica, el Gobierno del Estado de Quer\u00e9taro y varias instituciones p\u00fablicas y privadas, este encuentro cultural y comercial tiene como objetivo \u00e9l de acercar a la sociedad mexicana hacia el Continente Africano, a trav\u00e9s de distintas actividades vinculadas con el arte, la literatura, la cinematograf\u00eda, la educaci\u00f3n, la pol\u00edtica y la gastronom\u00eda, y as\u00edmismo\u00a0 fortalecer el conocimiento de este continente entre los diversos sectores del pa\u00eds.<\/p>\n<p><strong>Eje tem\u00e1tico de la 5ta Semana de \u00c1frica en M\u00e9xico: &#8220;Juventud: retos y oportunidades&#8221;.<\/strong><\/p>\n<h3>Actividades de la Quinta Semana de \u00c1frica en M\u00e9xico 2011: del 23 al 27 de Mayo de 2011.<\/h3>\n<p><strong>\u00c1frica en las escuelas primarias<\/strong>: visita de representantes diplom\u00e1ticos africanos a escuelas primarias en la Ciudad de M\u00e9xico (del 4 al 20 de mayo),<br \/>\n<strong>Festival Gastron\u00f3mico<\/strong> en el Caf\u00e9 del Palacio de Bellas Artes (del 16 al 29 de mayo &#8211; 14:00 a 17:30 hrs).<br \/>\n<strong>Exposiciones de arte y fotograf\u00edas, y muestra de cine<\/strong> en el Instituto Mat\u00edas Romero,<br \/>\n<strong>Semana de \u00c1frica en el Papalote Museo del Ni\u00f1o<\/strong> (del 23 al 29 de mayo de 9:00 a 18:00 hrs.),<br \/>\n<strong>Di\u00e1logo sobre oportunidades Comerciales M\u00e9xico-\u00c1frica<\/strong> en la Secretar\u00eda de Relaciones Exteriores (24 de mayo &#8211; 8:00 a 13:00 hrs),<br \/>\n<strong>Jornadas Acad\u00e9micas <\/strong>en el Colegio de M\u00e9xico y en el Instituto Mat\u00edas Romero (24 y 26 de mayo),<br \/>\n<strong>\u00c1frica en Quer\u00e9taro<\/strong>: Visita de dirigentes Africanos al Estado de Quer\u00e9taro (del 21 al 23 de mayo).<br \/>\n<strong>Foro de cooperaci\u00f3n triangular con \u00c1frica \u201cDemocracia y elecciones\u201d<\/strong> en la Secretar\u00eda de Relaciones Exteriores (25 de mayo &#8211; 10:00 a 13:00 hrs),<br \/>\n<strong>Mesa redonda \u201cNaguib Mahfouz en la mirada de Arturo Ripstein<\/strong>\u201d y proyecci\u00f3n\u00a0 de la <strong>pel\u00edcula \u201cPrincipio y fin\u201d<\/strong>, en el Instituto Mat\u00edas Romero. (25 de mayo &#8211; 19:00 hrs),<br \/>\nProyecci\u00f3n de la <strong>pel\u00edcula \u201cEl callej\u00f3n de los milagros\u201d<\/strong> de Jorge Fons, con Salma Hayek y basada en la novela del escritor Egipcio Naguib Mahfouz. Presentaci\u00f3n de Jorge Fons. En el Instituto Mat\u00edas Romero. (27 de mayo &#8211; 19:00 hrs).<\/p>\n<h3>Exposici\u00f3n: &#8220;\u00c1frica, la magia de las formas&#8221;<\/h3>\n<p>Una hermosa selecci\u00f3n de <strong>35 piezas africanas provenientes de la colecci\u00f3n del Museo Nacional de las Culturas<\/strong>. Dividida en tres temas: Formas animales, Cuerpos y Rostros, esta exhibici\u00f3n permite al visitante descubrir algunos de los elementos culturales de los grupos \u00e9tnicos del sur del Sahara, y acercarse a sus concepciones y valores culturales y sociales.<\/p>\n<p><em>Del 24 de mayo al 17 de junio, de las 10:00 a las 17:00 horas. <\/em><br \/>\n<em>Instituto Mat\u00edas Romero de Estudios Diplom\u00e1ticos de la Secretar\u00eda de Relaciones Exteriores.\u00a0 Rep\u00fablica de El Salvador No.43, Col. Centro, Ciudad de M\u00e9xico. <\/em><\/p>\n<h3>Presentaci\u00f3n Multimedia: &#8220;Impresiones Africanas por Gabriel Figueroa&#8221;<\/h3>\n<p>Im\u00e1genes del fot\u00f3grafo Gabriel Figueroa capturadas durante sus viajes a Namibia y Marruecos.<\/p>\n<p><em>Del 24 de mayo al 17 de junio, de las 10:00 a las 17:00 horas. <\/em><br \/>\n<em>Instituto Mat\u00edas Romero de Estudios Diplom\u00e1ticos de la Secretar\u00eda de Relaciones Exteriores.\u00a0 Rep\u00fablica de El Salvador No.43, Col. Centro, Ciudad de M\u00e9xico.<\/em><\/p>\n<h3>*Representaciones Africanas acreditadas en M\u00e9xico<\/h3>\n<p>Rep\u00fablica de Angola,<br \/>\nRep\u00fablica Argelina Democr\u00e1tica y Popular,<br \/>\nRep\u00fablica de C\u00f4te d\u2019Ivoire,<br \/>\nRep\u00fablica \u00c1rabe de Egipto,<br \/>\nReino de Marruecos,<br \/>\nRep\u00fablica Federal de Nigeria,<br \/>\nRep\u00fablica \u00c1rabe Saharau\u00ed Democr\u00e1tica,<br \/>\nRep\u00fablica de Sud\u00e1frica.<\/p>\n<p>&nbsp;<\/p>\n","protected":false},"excerpt":{"rendered":"<p>Por quinto a\u00f1o consecutivo, &#8220;La Semana de \u00c1frica en M\u00e9xico&#8221; llega a la ciudad de M\u00e9xico. Dentro de su variado<\/p>\n","protected":false},"author":2,"featured_media":6114,"comment_status":"closed","ping_status":"open","sticky":false,"template":"","format":"standard","meta":[],"categories":[36],"tags":[1403,97,1406,509,1404,818,931,1405],"_links":{"self":[{"href":"https:\/\/www.travelbymexico.com\/blog\/wp-json\/wp\/v2\/posts\/6112"}],"collection":[{"href":"https:\/\/www.travelbymexico.com\/blog\/wp-json\/wp\/v2\/posts"}],"about":[{"href":"https:\/\/www.travelbymexico.com\/blog\/wp-json\/wp\/v2\/types\/post"}],"author":[{"embeddable":true,"href":"https:\/\/www.travelbymexico.com\/blog\/wp-json\/wp\/v2\/users\/2"}],"replies":[{"embeddable":true,"href":"https:\/\/www.travelbymexico.com\/blog\/wp-json\/wp\/v2\/comments?post=6112"}],"version-history":[{"count":6,"href":"https:\/\/www.travelbymexico.com\/blog\/wp-json\/wp\/v2\/posts\/6112\/revisions"}],"predecessor-version":[{"id":6173,"href":"https:\/\/www.travelbymexico.com\/blog\/wp-json\/wp\/v2\/posts\/6112\/revisions\/6173"}],"wp:featuredmedia":[{"embeddable":true,"href":"https:\/\/www.travelbymexico.com\/blog\/wp-json\/wp\/v2\/media\/6114"}],"wp:attachment":[{"href":"https:\/\/www.travelbymexico.com\/blog\/wp-json\/wp\/v2\/media?parent=6112"}],"wp:term":[{"taxonomy":"category","embeddable":true,"href":"https:\/\/www.travelbymexico.com\/blog\/wp-json\/wp\/v2\/categories?post=6112"},{"taxonomy":"post_tag","embeddable":true,"href":"https:\/\/www.travelbymexico.com\/blog\/wp-json\/wp\/v2\/tags?post=6112"}],"curies":[{"name":"wp","href":"https:\/\/api.w.org\/{rel}","templated":true}]}}