{"id":6035,"date":"2011-05-15T18:59:55","date_gmt":"2011-05-15T23:59:55","guid":{"rendered":"http:\/\/travelbymexico.com\/blog\/?p=6035"},"modified":"2012-03-06T16:04:05","modified_gmt":"2012-03-06T22:04:05","slug":"monumento-a-la-revolucion-mexicana-ciudad-de-mexico","status":"publish","type":"post","link":"https:\/\/www.travelbymexico.com\/blog\/6035-monumento-a-la-revolucion-mexicana-ciudad-de-mexico\/","title":{"rendered":"Monumento a la Revoluci\u00f3n Mexicana, Ciudad de M\u00e9xico"},"content":{"rendered":"<h2>El Monumento a la Revoluci\u00f3n Mexicana que se erige en la <a title=\"Gu\u00eda Tur\u00edstica Ciudad de M\u00e9xico\" href=\"http:\/\/www.travelbymexico.com\/ciudaddemexico\" target=\"_blank\">Ciudad de M\u00e9xico<\/a> es en realidad el \u00fanico testimonio de una estructura inacabada que iba a ser destinada a albergar al Palacio Legislativo de la ciudad, sede de las c\u00e1maras de diputados y senadores.<\/h2>\n<p>Su construcci\u00f3n surgi\u00f3 a iniciativa de <a title=\"Porfirio D\u00edaz Mori. M\u00e9xico Real. Historia de M\u00e9xico\" href=\"http:\/\/mr.travelbymexico.com\/197-porfirio-diaz-mori\" target=\"_blank\"><strong>Porfirio D\u00edaz<\/strong><\/a> y de su gobierno en el a\u00f1o de 1897. El mandatario emiti\u00f3 una convocatoria internacional a la que participaron destacados arquitectos, siendo el franc\u00e9s Emile Bernard el adjudicado del proyecto, el cual iba a ser uno de los edificios modernos m\u00e1s suntuosos del mundo. Desafortunadamente, su edificaci\u00f3n fue suspendida por falta de recursos a ra\u00edz de las luchas revolucionarias.<\/p>\n<p>Al no poder ocupar su funci\u00f3n primordial, la estructura estuvo en peligro de ser desmantelada si no fuera por la intervenci\u00f3n del arquitecto mexicano Carlos Obreg\u00f3n Santacilia quien propuso de convertir la estructura de la c\u00fapula del Palacio Legislativo en un monumento conmemorativo de la Revoluci\u00f3n Mexicana.<\/p>\n<h3>Arquitectura del Monumento a la Revoluci\u00f3n Mexicana<\/h3>\n<p>Rodeado por un gran espacio abierto llamado <strong>Plaza de la Rep\u00fablica<\/strong>, el <strong>Monumento a la Revoluci\u00f3n mide 67 metros de altura <\/strong>y consiste en una\u00a0 c\u00fapula sostenida por cuatro arcos. Su estilo arquitect\u00f3nico muestra una influenza <strong>Art Deco<\/strong> que se aprecia en las l\u00e1mparas que lo enmarcan as\u00ed como el conjunto escultoral del artista mexicano Oliverio Mart\u00ednez adosado al Monumento a la Revoluci\u00f3n, que representan las personificaciones aleg\u00f3ricas de: <strong>La Independencia, Las Leyes de Reforma, Las Leyes Agrarias, Las Leyes Obreras<\/strong>.<\/p>\n<h3>El monumento resguarda un mausoleo y un museo:<\/h3>\n<p>En el Mausoleo descansan los restos mortales de <strong>Venustiano Carranza, Francisco Villa, L\u00e1zaro C\u00e1rdenas y Plutarco El\u00edas Calles<\/strong>.<\/p>\n<p>El <strong>Museo Nacional de la Revoluci\u00f3n<\/strong>, situado en el s\u00f3tano del monumento, ofrece un recorrido por 50 a\u00f1os de la historia de M\u00e9xico, desde la Rep\u00fablica Restaurada en 1867 a la promulgaci\u00f3n de la Constituci\u00f3n de 1917, a trav\u00e9s de 3 salas tem\u00e1ticas.<\/p>\n<h3>La nueva iluminaci\u00f3n del Monumento de la Revoluci\u00f3n:<\/h3>\n<p><em>&#8220;El proyecto de iluminaci\u00f3n del Monumento a la Revoluci\u00f3n complementa el plan de rehabilitaci\u00f3n de la Plaza de la Rep\u00fablica en la Ciudad de M\u00e9xico. Cuenta con un sistema de proyectores con tecnolog\u00eda de vanguardia y consumos moderados. LEDs de alta intensidad con la capacidad de crear diferentes escenarios gracias al cambio de color, altern\u00e1ndose y graduando sus intensidades gracias a la programaci\u00f3n DMX&#8221;. <\/em>(Fuente Iluminet.com.mx).<\/p>\n<h3>Remodelaci\u00f3n y Reinauguraci\u00f3n del Monumento a la Revoluci\u00f3n Mexicana.<\/h3>\n<p>Para conmemorar el <strong>Centenario de la Revoluci\u00f3n Mexicana<\/strong>, este monumento fue remodelado y reinaugurado el 20 de noviembre de 2010.<\/p>\n<p><strong>Texto descriptivo de la placa conmemorativa<\/strong>:<em> &#8220;En conmemoraci\u00f3n del Centenario de la Revoluci\u00f3n Mexicana, el Gobierno del Distrito Federal realiz\u00f3 la rehabilitaci\u00f3n y restauraci\u00f3n de Plaza de la Rep\u00fablica, Monumento a la Revoluci\u00f3n y Museo Nacional de la Revoluci\u00f3n para beneficio de la ciudad. Siendo Jefe de Gobierno del Distrito Federal <strong>Lic. Marcelo Ebrard Casaubon<\/strong>, el 20 de Noviembre de 2010&#8243;.<\/em><\/p>\n<h3>Horarios del Mirador:<\/h3>\n<p>Martes a Jueves: 10:00 a 18:00 horas.<br \/>\nViernes a S\u00e1bado: 10:00 a 22:00 horas.<br \/>\nDomingo: 10:00 a 20:00 horas.<\/p>\n<h3>Horarios del Museo Nacional de la Revoluci\u00f3n (MNR):<\/h3>\n<p>Martes a Domingo: 9:00 a 17:00 horas. Domingo: Entrada libre.<br \/>\nEntrada General: <del>$40 pesos<\/del>. $23.00 pesos<br \/>\nEstudiantes, maestros e INAPAM con credencial vigente: <del>$20 pesos.<\/del> descuento de 50%.<\/p>\n<h3><strong>Direcci\u00f3n:<\/strong><strong> <\/strong><\/h3>\n<p>Plaza de la Rep\u00fablica, Colonia Tabacalera, Delegaci\u00f3n Cuauht\u00e9moc, Ciudad de M\u00e9xico.<\/p>\n","protected":false},"excerpt":{"rendered":"<p>El Monumento a la Revoluci\u00f3n Mexicana que se erige en la Ciudad de M\u00e9xico es en realidad el \u00fanico testimonio<\/p>\n","protected":false},"author":2,"featured_media":6036,"comment_status":"closed","ping_status":"open","sticky":false,"template":"","format":"standard","meta":[],"categories":[5,23],"tags":[265,318,1360,1359,1361,1022,1041,1094],"_links":{"self":[{"href":"https:\/\/www.travelbymexico.com\/blog\/wp-json\/wp\/v2\/posts\/6035"}],"collection":[{"href":"https:\/\/www.travelbymexico.com\/blog\/wp-json\/wp\/v2\/posts"}],"about":[{"href":"https:\/\/www.travelbymexico.com\/blog\/wp-json\/wp\/v2\/types\/post"}],"author":[{"embeddable":true,"href":"https:\/\/www.travelbymexico.com\/blog\/wp-json\/wp\/v2\/users\/2"}],"replies":[{"embeddable":true,"href":"https:\/\/www.travelbymexico.com\/blog\/wp-json\/wp\/v2\/comments?post=6035"}],"version-history":[{"count":7,"href":"https:\/\/www.travelbymexico.com\/blog\/wp-json\/wp\/v2\/posts\/6035\/revisions"}],"predecessor-version":[{"id":6038,"href":"https:\/\/www.travelbymexico.com\/blog\/wp-json\/wp\/v2\/posts\/6035\/revisions\/6038"}],"wp:featuredmedia":[{"embeddable":true,"href":"https:\/\/www.travelbymexico.com\/blog\/wp-json\/wp\/v2\/media\/6036"}],"wp:attachment":[{"href":"https:\/\/www.travelbymexico.com\/blog\/wp-json\/wp\/v2\/media?parent=6035"}],"wp:term":[{"taxonomy":"category","embeddable":true,"href":"https:\/\/www.travelbymexico.com\/blog\/wp-json\/wp\/v2\/categories?post=6035"},{"taxonomy":"post_tag","embeddable":true,"href":"https:\/\/www.travelbymexico.com\/blog\/wp-json\/wp\/v2\/tags?post=6035"}],"curies":[{"name":"wp","href":"https:\/\/api.w.org\/{rel}","templated":true}]}}