{"id":5864,"date":"2011-04-13T21:40:19","date_gmt":"2011-04-14T02:40:19","guid":{"rendered":"http:\/\/travelbymexico.com\/blog\/?p=5864"},"modified":"2011-05-27T17:00:27","modified_gmt":"2011-05-27T22:00:27","slug":"exposicion-los-coras-del-nayar-museo-del-templo-mayor","status":"publish","type":"post","link":"https:\/\/www.travelbymexico.com\/blog\/5864-exposicion-los-coras-del-nayar-museo-del-templo-mayor\/","title":{"rendered":"Exposici\u00f3n Los Coras del Nayar, Museo del Templo Mayor"},"content":{"rendered":"<h2>Los <strong>Coras<\/strong> son un grupo \u00e9tnico que vive en el municipio de Santa Teresa del Nayar, en la Sierra Nayarita, al oriente del Estado de Nayarit (M\u00e9xico).<\/h2>\n<p>Su religi\u00f3n, resultado del sincretismo entre el catolicismo y la religi\u00f3n tradicional Cora, se manifiesta en la celebraci\u00f3n de la &#8220;<strong>Judea Cora<\/strong>&#8221; o <a title=\"Semana Santa, Informaci\u00f3n y fechas 2011\" href=\"http:\/\/travelbymexico.com\/blog\/fiestas-y-celebraciones\/fechas-de-semana-santa-2011\" target=\"_blank\">Semana Santa<\/a> de los coras en la que sus habitantes representan la Pasi\u00f3n de Cristo al mismo tiempo que realizan el rito de origen prehisp\u00e1nico conocido como &#8220;mitote guerrero&#8221;.<\/p>\n<h3>Los Coras del Nayar, Im\u00e1genes de una herencia ancestral.<\/h3>\n<h3>del 14 de abril al 14 de agosto de 2011:<\/h3>\n<p>&#8220;Los Coras del Nayar&#8221; es una exposici\u00f3n fotogr\u00e1fica curada por el arque\u00f3logo Ra\u00fal Barrera Rodr\u00edguez, investigador adscrito a la Direcci\u00f3n de Salvamento Arqueol\u00f3gico y Supervisor del Programa de Arqueolog\u00eda Urbana, Proyecto <a title=\"Templo Mayor, ruinas de la antigua Tenochtitl\u00e1n\" href=\"http:\/\/www.travelbymexico.com\/ciudaddemexico\/atractivos\/index.php?nom=edfetemplomayor\" target=\"_blank\">Templo Mayor<\/a>. El dise\u00f1o museogr\u00e1fico est\u00e1 a cargo de David Garc\u00eda, subdirector de Museograf\u00eda del MTM, Museo del Templo Mayor.<span style=\"text-decoration: underline;\"><strong> <\/strong><\/span><\/p>\n<h3><span style=\"text-decoration: underline;\">Tem\u00e1ticas de la exposici\u00f3n: <\/span><\/h3>\n<p><em>\u00c0rea geogr\u00e1fica de los Coras,<br \/>\nEsculturas de barro encontradas en los entierros de Nayarit,<br \/>\nLa &#8220;Judea Cora&#8221; de Santa Teresa del Nayar,<br \/>\nVida cotidiana de los Coras. <\/em><\/p>\n<h3><span style=\"text-decoration: underline;\"><strong>Fotograf\u00edas: <\/strong><\/span><\/h3>\n<p>Se exhiben 57 fotograf\u00edas a color de gran formato, 47 de ellas in\u00e9ditas y captadas por el arque\u00f3logo Ra\u00fal Barrera, como resultado de cuatro a\u00f1os de investigaci\u00f3n (2006-2010) en esa comunidad.<\/p>\n<h3><span style=\"text-decoration: underline;\">Breve rese\u00f1a de La &#8220;Judea Cora&#8221;<strong>:<\/strong><\/span><\/h3>\n<p>Los Coras mantuvieron una regi\u00f3n aut\u00f3noma del poder Virreinal y de la religi\u00f3n cat\u00f3lica hasta el a\u00f1o de 1722.<br \/>\nDurante la &#8220;Judea cora&#8221;, &#8220;participan m\u00e1s de 350 hombres que &#8220;cambian&#8221; su condici\u00f3n humana a &#8220;demonios o jud\u00edos personificados&#8221; o &#8220;borrados&#8221; (en lengua cora: xumuabikari), al pintarse el cuerpo con franjas verticales y diagonales blancas y negras, y durante el Viernes Santo o d\u00eda de la<strong> Pasi\u00f3n y Crucifixi\u00f3n de Cristo<\/strong>, de color rojo, ocre o naranja, que simbolizan muerte y sacrificio.<\/p>\n<p>Las mujeres son espectadoras y s\u00f3lo algunas, a las que se les conoce como &#8220;tenanches&#8221;, tienen una peque\u00f1a participaci\u00f3n cargando algunas im\u00e1genes, como las de San Miguel Arc\u00e1ngel, San Jos\u00e9, Jesucristo y la Virgen Mar\u00eda&#8221;.<\/p>\n","protected":false},"excerpt":{"rendered":"<p>Los Coras son un grupo \u00e9tnico que vive en el municipio de Santa Teresa del Nayar, en la Sierra Nayarita,<\/p>\n","protected":false},"author":2,"featured_media":7304,"comment_status":"open","ping_status":"open","sticky":false,"template":"","format":"standard","meta":[],"categories":[9,24],"tags":[371,508,876,900,1182],"_links":{"self":[{"href":"https:\/\/www.travelbymexico.com\/blog\/wp-json\/wp\/v2\/posts\/5864"}],"collection":[{"href":"https:\/\/www.travelbymexico.com\/blog\/wp-json\/wp\/v2\/posts"}],"about":[{"href":"https:\/\/www.travelbymexico.com\/blog\/wp-json\/wp\/v2\/types\/post"}],"author":[{"embeddable":true,"href":"https:\/\/www.travelbymexico.com\/blog\/wp-json\/wp\/v2\/users\/2"}],"replies":[{"embeddable":true,"href":"https:\/\/www.travelbymexico.com\/blog\/wp-json\/wp\/v2\/comments?post=5864"}],"version-history":[{"count":3,"href":"https:\/\/www.travelbymexico.com\/blog\/wp-json\/wp\/v2\/posts\/5864\/revisions"}],"predecessor-version":[{"id":7326,"href":"https:\/\/www.travelbymexico.com\/blog\/wp-json\/wp\/v2\/posts\/5864\/revisions\/7326"}],"wp:featuredmedia":[{"embeddable":true,"href":"https:\/\/www.travelbymexico.com\/blog\/wp-json\/wp\/v2\/media\/7304"}],"wp:attachment":[{"href":"https:\/\/www.travelbymexico.com\/blog\/wp-json\/wp\/v2\/media?parent=5864"}],"wp:term":[{"taxonomy":"category","embeddable":true,"href":"https:\/\/www.travelbymexico.com\/blog\/wp-json\/wp\/v2\/categories?post=5864"},{"taxonomy":"post_tag","embeddable":true,"href":"https:\/\/www.travelbymexico.com\/blog\/wp-json\/wp\/v2\/tags?post=5864"}],"curies":[{"name":"wp","href":"https:\/\/api.w.org\/{rel}","templated":true}]}}