{"id":5856,"date":"2011-04-12T19:24:53","date_gmt":"2011-04-13T00:24:53","guid":{"rendered":"http:\/\/travelbymexico.com\/blog\/?p=5856"},"modified":"2011-05-27T17:03:23","modified_gmt":"2011-05-27T22:03:23","slug":"programa-de-conciertos-y-eventos-festival-de-san-luis-2011","status":"publish","type":"post","link":"https:\/\/www.travelbymexico.com\/blog\/5856-programa-de-conciertos-y-eventos-festival-de-san-luis-2011\/","title":{"rendered":"Programa de Conciertos y Eventos Festival de San Luis 2011"},"content":{"rendered":"<h2>Programa de Conciertos y Eventos del Festival de San Luis 2011.<\/h2>\n<h2>Del lunes 25 de abril al domingo 01 de mayo de 2011.<\/h2>\n<p><span style=\"text-decoration: underline;\"><strong>Costo de Entrada: Entrada Libre <\/strong><\/span><\/p>\n<h3>Lunes 25 de abril de 2011<\/h3>\n<p>Plaza de los Fundadores<br \/>\n<strong>Humanicorp \u2013 Nierika <\/strong>&#8220;Una ventana de esperanza&#8221;.<br \/>\n21:00 hrs.<\/p>\n<p>Teatro de la Paz<br \/>\n<strong>Cuarteto de Jorge Mart\u00ednez Zapata<\/strong> \u2013 19:00 hrs.<\/p>\n<p>Museo del Virreinato<\/p>\n<p><strong>F\u00e9lix D\u00edaz &amp; Band &#8220;Concierto de Trova&#8221;<\/strong> \u2013 19:30 hrs.<\/p>\n<p>Mercados<br \/>\n<strong>Cuarteto Amici &#8220;Zarzuela en los Mercados&#8221;<\/strong> .<\/p>\n<p>Mercado Rep\u00fablica &#8211; 12:00 hrs.<\/p>\n<h3>Martes 26 de abril de 2011<\/h3>\n<p>Plaza de los Fundadores<br \/>\n<strong>Ely Guerra <\/strong>\u2013 21:00 hrs.<\/p>\n<p>Teatro de la Paz<br \/>\n<strong>San Miguel Jazz Cats<\/strong> -19:00 hrs.<\/p>\n<p>Escalinata del Teatro de la Paz<br \/>\n<strong>Guillermo Velazquez y los Leones de la Sierra de Xich\u00fa<\/strong><br \/>\n18:00 hrs.<\/p>\n<p>Centro de Difusi\u00f3n Cultural del I.P.B.A.<br \/>\n<strong>Titiretero Sergio Guevara &#8220;Caravana de Sue\u00f1os&#8221; (Argentina)<\/strong> &#8211; 17:00 hrs.<\/p>\n<p>Espacio Alternativo (Teatro de la Paz)<br \/>\n<strong>Ekos Teatro &#8220;Punto de Fuga&#8221;<\/strong> \u2013 21:00 hrs.<\/p>\n<p>Museo del Virreinato<br \/>\n<strong>David Soraiz &#8220;Concierto de Trova&#8221;<\/strong>\u2013 19:30 hrs.<\/p>\n<h3>Mi\u00e9rcoles 27 de abril de 2011<\/h3>\n<p>Plaza de los Fundadores<br \/>\n<strong>El Gigante de Am\u00e9rica <\/strong>\u2013 21:00 hrs.<\/p>\n<p>Teatro de la Paz<br \/>\n<strong>Huazzteco &#8220;Sones de Aqu\u00ed y de Ajazz&#8221; <\/strong>&#8211; 19:00 hrs.<\/p>\n<p>Escalinata del Teatro de la Paz<br \/>\n<strong>Tere Mar\u00eda. &#8220;La Reina de la Huasteca&#8221;<\/strong> \u2013 18:00 hrs.<\/p>\n<p>Museo Francisco Coss\u00edo<br \/>\n<strong>Radaid<\/strong> \u2013 20:00 hrs.<\/p>\n<p>Centro de Difusi\u00f3n Cultural del I.P.B.A.<br \/>\n<strong>Impropulsi\u00f3n &#8220;Un Espect\u00e1culo de Clown en Movimiento&#8221; (Chile) <\/strong><br \/>\n17:00 hrs.<\/p>\n<p>Espacio Alternativo (Teatro de la Paz)<br \/>\n<strong>Teatro BEP &#8220;Nosotras lo hacemos mejor &#8220;<\/strong> \u2013 21:00 hrs.<\/p>\n<p>Foro Alameda<br \/>\n<strong>Comparsa La Bulla. &#8220;R\u00e9quiem por un Payacho&#8221; <\/strong>\u2013 17:30 hrs.<\/p>\n<p>Museo del Virreinato<br \/>\n<strong>Dueto Yembe &#8220;Trova&#8221;<\/strong> \u2013 19:30 hrs.<\/p>\n<p>Plaza de Fundadores<br \/>\n<strong>Bronco El Gigante De Am\u00e9rica &#8220;Por T\u00ed&#8221; <\/strong><br \/>\n21:00 hrs.<\/p>\n<h3>Jueves 28 de abril de 2011<\/h3>\n<p>Plaza de los Fundadores<br \/>\n<strong>Son 14 De Tibur\u00f3n Morales (Cuba)<\/strong> &#8211; 21:00 hrs.<\/p>\n<p>Teatro de la Paz<br \/>\n<strong>Memo Ru\u00edz. &#8220;Bolero Jazz<\/strong>&#8220;- 19:00 hrs.<\/p>\n<p>Escalinata del Teatro de la Paz<br \/>\n<strong>Dr. Chessani y sus Huapangueros de R\u00edoverde<\/strong> \u2013 18:00 hrs.<\/p>\n<p>Museo Francisco Coss\u00edo<br \/>\n<strong>Underprogram &#8220;Indie Rock&#8221; <\/strong>&#8211; 20:00 hrs.<\/p>\n<p>Centro de Difusi\u00f3n Cultural del I.P.B.A.<br \/>\n<strong>Brenda Cervantes &#8220;Di Da Bi Da \u2026 Jazz&#8221;<\/strong> \u2013 17:00 hrs.<\/p>\n<p>Espacio Alternativo (Teatro de la Paz)<br \/>\n<strong>Proyecto Mestizo &#8220;Marinero hecho Indio&#8221;<\/strong>.\u00a0 \u2013 21:00 hrs.<\/p>\n<p>Foro Alameda<br \/>\n<strong>C\u00e9sar Loredo &#8220;En voz baja&#8221; <\/strong>\u2013 17:30 hrs.<\/p>\n<p>Museo del Virreinato<br \/>\n<strong>Dario Parga &#8220;Disforia: Paisaje L\u00edrico a Tres Voces&#8221;<\/strong> \u2013 19:30 hrs.<\/p>\n<h3>Viernes 29 de abril de 2011<\/h3>\n<p>Teatro de la Paz<br \/>\n<strong>La Intrusa Danza (Espa\u00f1a) <\/strong>\u2013 19:00 hrs.<\/p>\n<p>Museo Francisco Coss\u00edo<br \/>\n<strong>Iron Jean &#8220;Neo Glam Rock&#8221;<\/strong> \u2013 20:00 hrs.<\/p>\n<p>Centro de Difusi\u00f3n Cultural del I.P.B.A.<br \/>\n<strong>Cabaret de t\u00edteres para toda la familia Cecilia Rasc\u00f3n &#8220;Ni esto ni L\u2019otro&#8221;<\/strong> &#8211; 17:00 hrs.<\/p>\n<p>Espacio Alternativo (Teatro de la Paz)<br \/>\n<strong>3,2,1 Teatro &#8220;Cuenta Regresiva&#8221; <\/strong>\u2013 21:00 hrs.<\/p>\n<p>Foro Alameda<br \/>\n<strong>Son los que Son (Cuba)<\/strong>\u2013 17:30 hrs.<\/p>\n<p>Mercados<br \/>\n<strong>Cuarteto Amici.\u00a0 &#8220;<\/strong><strong>Zarzuela en los Mercados&#8221;.<br \/>\n<\/strong><\/p>\n<p>Mercado Tangamanga &#8211; 12:00 hrs.<\/p>\n<p>Plaza de los Fundadores<br \/>\n<strong>Bandas de San Luis: de 18:00 a 23:00 hrs.<br \/>\nFbi Rock, Nekroma, Pachamama, Pamalanga y Santaneros. <\/strong><\/p>\n<p><!--nextpage--><strong><br \/>\n<\/strong><\/p>\n<h3>S\u00e1bado 30 de abril de 2011<\/h3>\n<p>Plaza de los Fundadores\u00a0 <strong><br \/>\nSarruga (Espa\u00f1a) &#8220;Desfile con 10 Insectos gigantes&#8221;. <\/strong><br \/>\nAv. Carranza inicia: Juan de O\u00f1ate concluye: Plaza de los Fundadores 19:30 hrs.<br \/>\n<strong><br \/>\nBandula. &#8220;El Carnaval de la lectura&#8221; <\/strong>\u2013 21:00 hrs.<\/p>\n<p>Teatro de la Paz<\/p>\n<p><strong>Proyecto Coyote &#8220;Rituales de un encuentro inesperado&#8221; <\/strong>&#8211; 19:00 hrs.<\/p>\n<p>Escalinata del Teatro de la Paz<br \/>\n<strong>Jes\u00fas Morales. &#8220;Concierto de Marimba&#8221; (Cuba)<\/strong> \u2013 18:00 hrs.<\/p>\n<p>Museo Francisco Coss\u00edo<br \/>\n<strong>La Internacional Sonora Balkanera \/ Balkan Beat y World Beat<\/strong><br \/>\n20:00 hrs.<\/p>\n<p>Centro de Difusi\u00f3n Cultural del I.P.B.A.<br \/>\n<strong>Compa\u00f1\u00eda de T\u00edteres Monini. &#8220;Ratokotov segundo contra Mam\u00e1&#8221;<\/strong> &#8211; 17:00 hrs.<\/p>\n<p>Foro Alameda<br \/>\n<strong>Zarek Jazz <\/strong>\u2013 17:30 hrs.<\/p>\n<p><strong>Zarzuela en los Mercados Cuarteto Amici. <\/strong><br \/>\nMercado Bicentenario \u2013 8:00 hrs.<br \/>\nMercado Hidalgo \u2013 12:00 hrs.<\/p>\n<p>Foro alternativo del Teatro de la Paz<br \/>\n<strong>Unipersonal de Rosa Eglantina Gonz\u00e1lez (teatro). &#8220;Tragedia de mi Noche Isabelina&#8221; <\/strong>.<br \/>\n21:00 hrs.<\/p>\n<h3>Domingo 01 de mayo de 2011<\/h3>\n<p>Plaza de los Fundadores<br \/>\n<strong>Lila Downs &#8220;Lila Downs y la Misteriosa en Par\u00eds&#8221;<\/strong> &#8211; 21:00 hrs.<\/p>\n<p>Teatro de la Paz<br \/>\n<strong>Hugo Rey y la Orquesta de Tino Mart\u00edn<\/strong> \u2013 18:00 hrs.<\/p>\n<p>Museo Francisco Coss\u00edo<br \/>\n<strong>Jaime M\u00e1rquez. Recital de Guitarra Cl\u00e1sica <\/strong>\u2013 12:30 hrs.<\/p>\n<p>Centro de Difusi\u00f3n Cultural del I.P.B.A.<br \/>\n<strong>Betos Blues Band<\/strong> \u2013 18:00 hrs.<\/p>\n<p><a title=\"Gu\u00eda tur\u00edstica de la ciudad de San Luis Potos\u00ed\" href=\"http:\/\/www.travelbymexico.com\/sanluispotosi\" target=\"_blank\">Consulta nuestra Gu\u00eda Tur\u00edstica de San Luis Potos\u00ed <\/a><\/p>\n","protected":false},"excerpt":{"rendered":"<p>Programa de Conciertos y Eventos del Festival de San Luis 2011. Del lunes 25 de abril al domingo 01 de<\/p>\n","protected":false},"author":2,"featured_media":7302,"comment_status":"open","ping_status":"open","sticky":false,"template":"","format":"standard","meta":[],"categories":[37,14],"tags":[94,106,299,388,464,555,762,818,1037,1052,1103,1151,1224],"_links":{"self":[{"href":"https:\/\/www.travelbymexico.com\/blog\/wp-json\/wp\/v2\/posts\/5856"}],"collection":[{"href":"https:\/\/www.travelbymexico.com\/blog\/wp-json\/wp\/v2\/posts"}],"about":[{"href":"https:\/\/www.travelbymexico.com\/blog\/wp-json\/wp\/v2\/types\/post"}],"author":[{"embeddable":true,"href":"https:\/\/www.travelbymexico.com\/blog\/wp-json\/wp\/v2\/users\/2"}],"replies":[{"embeddable":true,"href":"https:\/\/www.travelbymexico.com\/blog\/wp-json\/wp\/v2\/comments?post=5856"}],"version-history":[{"count":3,"href":"https:\/\/www.travelbymexico.com\/blog\/wp-json\/wp\/v2\/posts\/5856\/revisions"}],"predecessor-version":[{"id":7329,"href":"https:\/\/www.travelbymexico.com\/blog\/wp-json\/wp\/v2\/posts\/5856\/revisions\/7329"}],"wp:featuredmedia":[{"embeddable":true,"href":"https:\/\/www.travelbymexico.com\/blog\/wp-json\/wp\/v2\/media\/7302"}],"wp:attachment":[{"href":"https:\/\/www.travelbymexico.com\/blog\/wp-json\/wp\/v2\/media?parent=5856"}],"wp:term":[{"taxonomy":"category","embeddable":true,"href":"https:\/\/www.travelbymexico.com\/blog\/wp-json\/wp\/v2\/categories?post=5856"},{"taxonomy":"post_tag","embeddable":true,"href":"https:\/\/www.travelbymexico.com\/blog\/wp-json\/wp\/v2\/tags?post=5856"}],"curies":[{"name":"wp","href":"https:\/\/api.w.org\/{rel}","templated":true}]}}