{"id":5847,"date":"2011-04-12T08:13:07","date_gmt":"2011-04-12T13:13:07","guid":{"rendered":"http:\/\/travelbymexico.com\/blog\/?p=5847"},"modified":"2011-05-27T17:22:47","modified_gmt":"2011-05-27T22:22:47","slug":"programa-de-eventos-y-conciertos-fenahuap-2011","status":"publish","type":"post","link":"https:\/\/www.travelbymexico.com\/blog\/5847-programa-de-eventos-y-conciertos-fenahuap-2011\/","title":{"rendered":"Programa de Eventos y Conciertos FENAHUAP 2011"},"content":{"rendered":"<h2>La Edici\u00f3n 49 de la Feria Nacional de la Huasteca Potosina se llevar\u00e1 a cabo del 8 al 24 de Abril de 2011 en Ciudad Valles, Estado de San Luis Posot\u00ed.<strong> <\/strong><\/h2>\n<p><strong>Ciudad Valles<\/strong> se localiza a 265 km de <a title=\"Gu\u00eda Tur\u00edstica de San Luis Potos\u00ed\" href=\"http:\/\/www.travelbymexico.com\/sanluispotosi\/\" target=\"_blank\">San Luis Potos\u00ed<\/a>, hacia el oriente, por la carretera No. 70 hacia <a title=\"Gu\u00eda Tur\u00edstica de Tampico\" href=\"http:\/\/www.travelbymexico.com\/tampico\/\" target=\"_blank\">Tampico<\/a>, Estado de Tamaulipas.<\/p>\n<p>Es conocida como la &#8220;<strong>Capital de la Huasteca<\/strong>&#8220;, por ser la ciudad m\u00e1s importante de esta regi\u00f3n, adem\u00e1s de la segunda en tama\u00f1o en el estado.<\/p>\n<p>La <strong>Feria Nacional de la Huasteca Potosina<\/strong> es la verbena popular m\u00e1s importante de esta ciudad y de toda la Huasteca.<\/p>\n<p>Se realiza cada a\u00f1o entre finales de marzo y abril, la fecha es m\u00f3vil, presentando eventos y espect\u00e1culos tanto art\u00edsticos y culturales como deportivos.<\/p>\n<h3>Programa de Conciertos en el Teatro del Pueblo de Ciudad Valles.<\/h3>\n<h3>Artistas FENAHUAP 2011.<\/h3>\n<p>8 de Abril de 2011: <strong>Pesado<\/strong>.<br \/>\n9 de Abril de 2011: <strong>Conjunto Primavera<\/strong>.<br \/>\n10 de Abril de 2011: <strong>Carlos Eduardo Rico<\/strong>.<br \/>\n11 y 12 de Abril de 2011: <strong>Concurso de la Canci\u00f3n<\/strong>.<br \/>\n13 de Abril de 2011: <strong>Gran Final Concurso de la Canci\u00f3n<\/strong>.<br \/>\n14 de Abril de 2011: <strong>Huracanes del Norte<\/strong>.<br \/>\n15 de Abril de 2011: <strong>Amanda Miguel y Diego Verdaguer<\/strong>.<br \/>\n16 de Abril de 2011: <strong>Grupo Ca\u00f1averal<\/strong>.<br \/>\n17 de Abril de 2011: <strong>Germ\u00e1n Montero<\/strong>.<br \/>\n18 de Abril de 2011: <strong>Cartel de Santa<\/strong>.<br \/>\n19 de Abril de 2011: <strong>El Tri<\/strong>.<br \/>\n20 de Abril de 2011: <strong>Peque\u00f1os Musical<\/strong>.<br \/>\n21 de Abril de 2011: <strong>Paquita la del Barrio<\/strong>.<br \/>\n22 de Abril de 2011: <strong>Primos de Durango<\/strong>.<br \/>\n23 de Abril de 2011: <strong>Pablo Montero<\/strong>.<br \/>\n24 de Abril de 2011: <strong>La Original Banda El Lim\u00f3n<\/strong>.<\/p>\n<h3>Programa de Eventos y Actividades:<\/h3>\n<p><strong>Voladores de Tamalet\u00f3n<\/strong>, 15,16 y 17 abril.<\/p>\n<p><strong>Gran Corrida de Toros<\/strong> &#8211; Gast\u00f3n Santos, Rodolfo Bello, 23 abril.<\/p>\n<p><strong>Torneo Charro <\/strong>, 16 y 17 abril.<\/p>\n<p>Palenque de Gallos.<\/p>\n<p><strong>Concurso Regional de la Canci\u00f3n<\/strong>, 11, 12 y 13 abril.<br \/>\n<strong>Concurso Regional de Declamaci\u00f3n<\/strong>, 13 y 18 abril.<br \/>\n<strong>Concurso Nacional de Huapango<\/strong>, 19 y 20 abril.<\/p>\n<p>Torneo de Ajedrez, 8,9 y 10 abril.<\/p>\n<p>Expo Canina, 10 abril.<\/p>\n<p>Futbol Soccer Libre, 8,9,10,15,16 y 17 abril.<\/p>\n<p>Rally Cultural. 9 abril.<\/p>\n<p>Ciclismo, 17 abril.<br \/>\nCabalgata, 9 abril.<br \/>\nCarrera Atl\u00e9tica, 10 abril.<br \/>\nRuta Cuatrimotos, 16 abril.<br \/>\nBeisbol Infantil, 10 abril.<\/p>\n<p>Torneo de F\u00fatbol infantil y juvenil, 22, 23 y 24 abril.<br \/>\nTorneo de Voleibol, 23 y 24 abril.<br \/>\nTorneo de Pesca. 24 abril.<br \/>\nTorneo de Basquetbol, 16 y 17 abril.<br \/>\nTuning Car, 17 abril.<\/p>\n","protected":false},"excerpt":{"rendered":"<p>La Edici\u00f3n 49 de la Feria Nacional de la Huasteca Potosina se llevar\u00e1 a cabo del 8 al 24 de<\/p>\n","protected":false},"author":2,"featured_media":7298,"comment_status":"open","ping_status":"open","sticky":false,"template":"","format":"standard","meta":[],"categories":[14],"tags":[293,360,361,519,643,1053,1124,1213,1278],"_links":{"self":[{"href":"https:\/\/www.travelbymexico.com\/blog\/wp-json\/wp\/v2\/posts\/5847"}],"collection":[{"href":"https:\/\/www.travelbymexico.com\/blog\/wp-json\/wp\/v2\/posts"}],"about":[{"href":"https:\/\/www.travelbymexico.com\/blog\/wp-json\/wp\/v2\/types\/post"}],"author":[{"embeddable":true,"href":"https:\/\/www.travelbymexico.com\/blog\/wp-json\/wp\/v2\/users\/2"}],"replies":[{"embeddable":true,"href":"https:\/\/www.travelbymexico.com\/blog\/wp-json\/wp\/v2\/comments?post=5847"}],"version-history":[{"count":3,"href":"https:\/\/www.travelbymexico.com\/blog\/wp-json\/wp\/v2\/posts\/5847\/revisions"}],"predecessor-version":[{"id":7332,"href":"https:\/\/www.travelbymexico.com\/blog\/wp-json\/wp\/v2\/posts\/5847\/revisions\/7332"}],"wp:featuredmedia":[{"embeddable":true,"href":"https:\/\/www.travelbymexico.com\/blog\/wp-json\/wp\/v2\/media\/7298"}],"wp:attachment":[{"href":"https:\/\/www.travelbymexico.com\/blog\/wp-json\/wp\/v2\/media?parent=5847"}],"wp:term":[{"taxonomy":"category","embeddable":true,"href":"https:\/\/www.travelbymexico.com\/blog\/wp-json\/wp\/v2\/categories?post=5847"},{"taxonomy":"post_tag","embeddable":true,"href":"https:\/\/www.travelbymexico.com\/blog\/wp-json\/wp\/v2\/tags?post=5847"}],"curies":[{"name":"wp","href":"https:\/\/api.w.org\/{rel}","templated":true}]}}