{"id":5806,"date":"2011-04-08T11:18:44","date_gmt":"2011-04-08T16:18:44","guid":{"rendered":"http:\/\/travelbymexico.com\/blog\/?p=5806"},"modified":"2011-05-27T18:45:14","modified_gmt":"2011-05-27T23:45:14","slug":"programa-de-conciertos-feria-de-san-marcos-2011","status":"publish","type":"post","link":"https:\/\/www.travelbymexico.com\/blog\/5806-programa-de-conciertos-feria-de-san-marcos-2011\/","title":{"rendered":"Programa de Conciertos Feria de San Marcos 2011"},"content":{"rendered":"<h2>Programa de Conciertos Feria de San Marcos 2011 del 23 de Abril al 15 de Mayo de 2011, en la <a title=\"Gu\u00eda Tur\u00edstica de la Ciudad de Aguascalientes\" href=\"http:\/\/www.travelbymexico.com\/aguascalientes\/\" target=\"_blank\">Ciudad de Aguascalientes<\/a>.<span style=\"text-decoration: underline;\"><strong> <\/strong><\/span><\/h2>\n<p><span style=\"text-decoration: underline;\"><strong>Recintos de los conciertos: Palenque de la Feria y Teatro del Pueblo<\/strong><\/span><\/p>\n<h3>Programa de Conciertos en el <span style=\"text-decoration: underline;\">Palenque<\/span> Feria San Marcos 2011:<\/h3>\n<p><em>El Palenque de la Feria San Marcos se localiza en la parte posterior del  Centro de Convenciones San Marcos. Puede recibir hasta 5,000 asistentes  comodamente instalados. <\/em><\/p>\n<p>S\u00e1bado 23 de Abril &#8211; <strong>Mar\u00eda Jos\u00e9 <\/strong><\/p>\n<p>Domingo 24 de Abril &#8211; <strong>Pepe Aguilar <\/strong><\/p>\n<p>Lunes 25 de Abril &#8211; <strong>Jenny Rivera <\/strong><\/p>\n<p>Martes 26 de Abril &#8211; <strong>Boby Pulido <\/strong><\/p>\n<p>Mi\u00e9rcoles 27 de Abril &#8211; <strong>Ninel Conde<\/strong><\/p>\n<p>Jueves 28 de Abril &#8211; <strong>OV7 <\/strong><\/p>\n<p>Viernes 29 de Abril\u00a0 &#8211; <strong>Vicente Fern\u00e1ndez <\/strong><\/p>\n<p>S\u00e1bado 30 de Abril\u00a0\u00a0 &#8211; <strong>Vicente Fern\u00e1ndez <\/strong><\/p>\n<p>Domingo 01 de Mayo &#8211; <strong>Camila <\/strong><\/p>\n<p>Lunes 02 de Mayo &#8211; <strong>Los Buitres de Culiac\u00e1n <\/strong><\/p>\n<p>Martes 03 de Mayo\u00a0 &#8211; <strong>El Komander <\/strong><\/p>\n<p>Mi\u00e9rcoles 04 de Mayo\u00a0 &#8211;<strong> Mariana Seoane <\/strong><\/p>\n<p>Jueves 05 de Mayo\u00a0 &#8211; <strong>Kalimba <\/strong><\/p>\n<p>Viernes 06 de Mayo &#8211;<strong> Gloria Trevi <\/strong><\/p>\n<p>S\u00e1bado 07 de Mayo &#8211; <strong>Ana Gabriel <\/strong><\/p>\n<p>Domingo 08 de Mayo &#8211; <strong>Julion Alvarez <\/strong><\/p>\n<p>Lunes 09 de Mayo\u00a0 &#8211; <strong>Kika Edgar<\/strong><\/p>\n<p>Martes 10 de Mayo\u00a0 &#8211; <strong>Yuri <\/strong><\/p>\n<p>Mi\u00e9rcoles 11 de Mayo\u00a0 &#8211; <strong>Los Comediantes <\/strong><\/p>\n<p>Jueves 12 de Mayo\u00a0 &#8211; <strong>Alejandra Guzm\u00e1n <\/strong><\/p>\n<p>Viernes 13 de Mayo\u00a0 &#8211; <strong>Alejandro Fern\u00e1ndez<\/strong><\/p>\n<p>S\u00e1bado 14 de Mayo\u00a0 &#8211; <strong>Alejandro Fern\u00e1ndez<\/strong><\/p>\n<p>Domingo\u00a0 15 de Mayo\u00a0 &#8211; <strong>Artista sorpresa. <\/strong><\/p>\n<h3>Programa de Conciertos en el <span style=\"text-decoration: underline;\">Teatro del Pueblo<\/span> de la Feria San Marcos 2011<\/h3>\n<p><em>El Teatro del Pueblo de la Feria San Marco se ubica a unos pasos de la Plaza de Toros Monumental de Aguascalientes y en el coraz\u00f3n del \u00e1rea de exposiciones comerciales. <\/em><\/p>\n<p><span style=\"text-decoration: underline;\"><strong>Estos conciertos son Gratuitos:<\/strong><\/span><\/p>\n<p>Domingo 24 de Abril &#8211; <strong>Julieta Venegas <\/strong><\/p>\n<p>Lunes 25 de Abril &#8211; <strong>La Internacional Sonora Santanera <\/strong><\/p>\n<p>Martes 26 de Abril &#8211; <strong>El Duelo <\/strong><\/p>\n<p>Mi\u00e9rcoles 27 de Abril &#8211; <strong>Francisco &#8220;El Gallo&#8221; Elizalde <\/strong><\/p>\n<p>Jueves 28 de Abril &#8211; <strong>Erick Rubin<\/strong><\/p>\n<p>Viernes 29 de Abril &#8211; <strong>D\u00eda Internacional de La Daza <\/strong><\/p>\n<p>S\u00e1bado 30 de Abril &#8211; <strong>Tricilo Rojo presenta:\u00a0 Poeta de Lavabo<\/strong>s<\/p>\n<p>Domingo 01 de Mayo &#8211; <strong>Festival del Boleto<\/strong><\/p>\n<p>Lunes 02 de Mayo &#8211; <strong>Grupo Liberaci\u00f3n<\/strong><\/p>\n<p>Martes 03 de Mayo &#8211; <strong>La Sonora Dinamita de Lucho Arga\u00edn <\/strong><\/p>\n<p>Mi\u00e9rcoles 04 de Mayo &#8211; <strong>Marco Di Mauro <\/strong><\/p>\n<p>Jueves 05 de Mayo &#8211; <strong>El Gigante de Am\u00e9rica <\/strong><\/p>\n<p>Viernes 06 de Mayo &#8211; <strong>Azul Violeta<br \/>\n<\/strong><br \/>\nS\u00e1bado 07 de Mayo &#8211; <strong>Sandoval<\/strong><\/p>\n<p>Domingo 08 de Mayo &#8211; <strong>Orquesta Sinf\u00f3nica de Aguascalientes y Marimba de Nandayapa <\/strong><\/p>\n<p>Lunes 09 de Mayo &#8211; <strong>Los \u00c1ngeles Negros <\/strong><\/p>\n<p>Martes 10 de Mayo &#8211; <strong>La Rondalla de Saltillo con la voz del Poeta Marco Antonio Aguirre <\/strong><\/p>\n<p>Mi\u00e9rcoles 11 de Mayo &#8211; <strong>Jumbo <\/strong><\/p>\n<p>Jueves 12 de Mayo &#8211; <strong>Premiaci\u00f3n Urbano Fest San Marcos 2011 <\/strong><br \/>\n<strong>Pedro Infame y Selectro On <\/strong><\/p>\n<p>Viernes 13 de Mayo &#8211; <strong>Tigrillos <\/strong><\/p>\n<p>S\u00e1bado 14 de Mayo &#8211; <strong>Aleks Sintek <\/strong><\/p>\n<p>Domingo 15 de Mayo &#8211; <strong>Ceremonia de Clausura <\/strong><br \/>\n<strong>Orquesta Sinf\u00f3nica de Aguascalientes y Mariachi de la SEDENA <\/strong><br \/>\nPlaza de la Patria a las 21:00 hrs.<\/p>\n<p><strong><br \/>\n<\/strong><\/p>\n<p><strong><a title=\"Gu\u00eda de Hoteles en la Ciudad de Aguascalientes\" href=\"http:\/\/www.travelbymexico.com\/aguascalientes\/hoteles\/index.php\" target=\"_blank\">Reserva un Hotel en la Ciudad de Aguascalientes <\/a><\/strong><\/p>\n","protected":false},"excerpt":{"rendered":"<p>Programa de Conciertos Feria de San Marcos 2011 del 23 de Abril al 15 de Mayo de 2011, en la<\/p>\n","protected":false},"author":2,"featured_media":7283,"comment_status":"open","ping_status":"open","sticky":false,"template":"","format":"standard","meta":[],"categories":[14],"tags":[71,72,192,311,360,533,723,789,1053,1262],"_links":{"self":[{"href":"https:\/\/www.travelbymexico.com\/blog\/wp-json\/wp\/v2\/posts\/5806"}],"collection":[{"href":"https:\/\/www.travelbymexico.com\/blog\/wp-json\/wp\/v2\/posts"}],"about":[{"href":"https:\/\/www.travelbymexico.com\/blog\/wp-json\/wp\/v2\/types\/post"}],"author":[{"embeddable":true,"href":"https:\/\/www.travelbymexico.com\/blog\/wp-json\/wp\/v2\/users\/2"}],"replies":[{"embeddable":true,"href":"https:\/\/www.travelbymexico.com\/blog\/wp-json\/wp\/v2\/comments?post=5806"}],"version-history":[{"count":4,"href":"https:\/\/www.travelbymexico.com\/blog\/wp-json\/wp\/v2\/posts\/5806\/revisions"}],"predecessor-version":[{"id":7374,"href":"https:\/\/www.travelbymexico.com\/blog\/wp-json\/wp\/v2\/posts\/5806\/revisions\/7374"}],"wp:featuredmedia":[{"embeddable":true,"href":"https:\/\/www.travelbymexico.com\/blog\/wp-json\/wp\/v2\/media\/7283"}],"wp:attachment":[{"href":"https:\/\/www.travelbymexico.com\/blog\/wp-json\/wp\/v2\/media?parent=5806"}],"wp:term":[{"taxonomy":"category","embeddable":true,"href":"https:\/\/www.travelbymexico.com\/blog\/wp-json\/wp\/v2\/categories?post=5806"},{"taxonomy":"post_tag","embeddable":true,"href":"https:\/\/www.travelbymexico.com\/blog\/wp-json\/wp\/v2\/tags?post=5806"}],"curies":[{"name":"wp","href":"https:\/\/api.w.org\/{rel}","templated":true}]}}