{"id":5770,"date":"2011-04-02T20:09:23","date_gmt":"2011-04-03T01:09:23","guid":{"rendered":"http:\/\/travelbymexico.com\/blog\/?p=5770"},"modified":"2011-05-27T18:51:50","modified_gmt":"2011-05-27T23:51:50","slug":"festival-cultural-zacatecas-2011","status":"publish","type":"post","link":"https:\/\/www.travelbymexico.com\/blog\/5770-festival-cultural-zacatecas-2011\/","title":{"rendered":"Festival Cultural Zacatecas 2011"},"content":{"rendered":"<h2>La <a title=\"Gu\u00eda Tur\u00edstica de la Ciudad de Zacatecas, hoteles, videos, mapas, restaurantes, etc\" href=\"http:\/\/www.travelbymexico.com\/zacatecas\" target=\"_blank\">Ciudad de Zacatecas<\/a> y 25 municipios del Estado abren sus puertas para recibir al XXV Festival Cultural de Zacatecas que se realizar\u00e1: del 15 al 30 de abril de 2011.<\/h2>\n<p><span style=\"text-decoration: underline;\"><strong>M\u00e1s de 350 actividades<\/strong><\/span>:<\/p>\n<p>Exposiciones, Conciertos, Talleres, Danza, Folklore, Presentaciones de Libros, Teatro.<\/p>\n<p><span style=\"text-decoration: underline;\"><strong>Lugares: <\/strong><\/span><\/p>\n<p>Plaza de Armas, Teatro IMSS, Teatro Fernando Calder\u00f3n, Teatro Ram\u00f3n Lopez Velarde, Plazuela Goitia, Plaza Miguel Auza, Plazuela 450 A\u00f1os y Museo Felguerez.<\/p>\n<h3>Programa de Conciertos Festival Cultural Zacatecas 2011<\/h3>\n<p>Estos conciertos se presentar\u00e1n en la <span style=\"text-decoration: underline;\"><strong>Plaza de Armas de la Ciudad de Zacatecas<\/strong><\/span>:<\/p>\n<h3>S\u00e1bado 16 de Abril de 2011<\/h3>\n<p>Concierto de <strong>&#8220;Jos\u00e9 Carreras&#8221;<\/strong> (Espa\u00f1a).<br \/>\n20:30 Hrs.<\/p>\n<h3>Domingo 17 de abril de 2011<\/h3>\n<p>Concierto de <strong>&#8220;Ermitania&#8221; <\/strong>(Zacatecas).<br \/>\n19:30 Hrs.<\/p>\n<p>Concierto de <strong>&#8220;Sasha Sokol<\/strong>&#8221; (M\u00e9xico)<br \/>\n20:30 Hrs.<\/p>\n<h3>Lunes 18 de abril de 2011<\/h3>\n<p>Concierto de<strong> &#8220;Ac\u00fastica&#8221;<\/strong> (Zacatecas)<br \/>\n19.30 Hrs.<\/p>\n<p>Concierto de <strong>&#8220;Raphael&#8221;<\/strong> (Espa\u00f1a).<br \/>\n20.30 Hrs.<\/p>\n<h3>Martes 19 de abril de 2011<\/h3>\n<p>Concierto de <strong>&#8220;Calacas Band<\/strong>&#8221; (D.F., M\u00e9xico)<br \/>\n19.30 Hrs.<\/p>\n<p>Concierto de <strong>&#8220;Air Supply&#8221;<\/strong> (Australia)<br \/>\n20.30 Hrs.<\/p>\n<h3>20 de Abril de abril de 2011<\/h3>\n<p>Concierto de <strong>&#8220;Los M\u00fasicos de Jos\u00e9&#8221;<\/strong> (M\u00e9xico)<br \/>\n19.30 Hrs.<\/p>\n<p>Concierto de <strong>&#8220;Jarabe de Palo&#8221;<\/strong> (Espa\u00f1a)<br \/>\n20.30 Hrs.<\/p>\n<h3>Jueves 21 de abril de 2011<\/h3>\n<p>Tradicional Concierto de la <strong>&#8220;Banda Sinf\u00f3nica del Estado de Zacatecas&#8221;<\/strong> (M\u00e9xico).<br \/>\n12:00 Hrs.<\/p>\n<p>Programa Especial de la <strong>&#8220;Secretar\u00eda de la Defensa Nacional&#8221;<\/strong> (M\u00e9xico).<br \/>\n19:30 Hrs.<\/p>\n<h3>Viernes 22 de abril de 2011<\/h3>\n<p><em>no habr\u00e1 conciertos ya que es el <a title=\"Informaci\u00f3n y fechas semana santa 2011 en M\u00e9xico\" href=\"httphttp:\/\/travelbymexico.com\/blog\/fiestas-y-celebraciones\/fechas-de-semana-santa-2011\" target=\"_blank\">Viernes Santo<\/a> y se realiza la tradicional <a title=\"\u00bfQu\u00e9 es la Procesi\u00f3n del Silencio?\" href=\"http:\/\/www.travelbymexico.com\/sanluispotosi\/reportajes\/index.php?nom=kslpprocesion\" target=\"_blank\">Procesi\u00f3n del Silencio<\/a>. <\/em><\/p>\n<h3>S\u00e1bado 23 de abril de 2011<\/h3>\n<p>Concierto de<strong> &#8220;Huayrapamushka&#8221;<\/strong> (Zacatecas)<br \/>\n18:00 Hrs.<\/p>\n<p>Concierto de <strong>&#8220;Viola Trigo&#8221;<\/strong> (M\u00e9xico)<br \/>\n19:00 Hrs.<\/p>\n<p>Concierto de <strong>&#8220;Tania Libertad&#8221;<\/strong> (Per\u00fa)<br \/>\n20:30 Hrs.<\/p>\n<h3>Domingo 24 de abril de 2011<\/h3>\n<p>Concierto de <strong>&#8220;Mariell\u00a0 Galldri&#8221;<\/strong> (Zacatecas)<br \/>\n19:30 Hrs.<\/p>\n<p>Concierto de<strong> &#8220;Mar\u00eda Jos\u00e9&#8221;<\/strong> (M\u00e9xico)<br \/>\n20:30 Hrs.<\/p>\n<h3>Lunes 25 de abril de 2011<\/h3>\n<p>Concierto de <strong>&#8220;L\u00edber Ter\u00e1n&#8221;<\/strong> (M\u00e9xico)<br \/>\n19:30 Hrs.<\/p>\n<p>Concierto de <strong>&#8220;Robi Draco Rosa&#8221;<\/strong> (Draco Cornelius Rosa)\u00a0 (Puerto Rico).<br \/>\n20:30 Hrs.<\/p>\n<h3>Martes 26 de Abril de 2011<\/h3>\n<p>Concierto de <strong>&#8220;Arista 5&#8221;<\/strong> (Zacatecas)<br \/>\n19:30 Hrs.<\/p>\n<p>Concierto de <strong>&#8220;Rosario Flores&#8221;<\/strong> (Espa\u00f1a)<br \/>\n20:30 Hrs.<\/p>\n<h3>Mi\u00e9rcoles 27 de abril de 2011<\/h3>\n<p><strong>&#8220;Orquesta de Beto D\u00edaz&#8221;<\/strong> (Zacatecas)<br \/>\n19:30 Hrs.<\/p>\n<p>Programa Especial de la <strong>&#8220;Secretar\u00eda de Marina de M\u00e9xico&#8221; <\/strong><br \/>\n20:30 Hrs.<\/p>\n<h3>Jueves 28 de Abril de 2011<\/h3>\n<p>Concierto de <strong>&#8220;Q-Jazz&#8221;<\/strong> (Zacatecas)<br \/>\n19:30 Hrs.<\/p>\n<p>Concierto de <strong>&#8220;Spyro Gyra&#8221;<\/strong> (Estados Unidos).<br \/>\n19:30 Hrs.<\/p>\n<h3>29 de Abril de 2011<\/h3>\n<p>Concierto de <strong>&#8220;Aspid&#8221;<\/strong> (Zacatecas).<br \/>\n19:30 Hrs.<\/p>\n<p>Concierto de <strong>&#8220;Joan Manuel Serrat&#8221; <\/strong>(Espa\u00f1a)<br \/>\n20:30 Hrs.<\/p>\n<h3>30 de Abril de 2011 &#8211; Conciertos de Clausura del Festival<\/h3>\n<p>Concierto de<strong> &#8220;Barrage&#8221;<\/strong> (Estados Unidos de Am\u00e9rica)<br \/>\n19:30 Hrs.<\/p>\n<p>Concierto de <strong>&#8220;Jos\u00e9 Feliciano&#8221;<\/strong> (Puerto Rico).<br \/>\n20:30 Hrs.<\/p>\n","protected":false},"excerpt":{"rendered":"<p>La Ciudad de Zacatecas y 25 municipios del Estado abren sus puertas para recibir al XXV Festival Cultural de Zacatecas<\/p>\n","protected":false},"author":2,"featured_media":7275,"comment_status":"open","ping_status":"open","sticky":false,"template":"","format":"standard","meta":[],"categories":[37,14],"tags":[331,360,477,543,1049,1136,1268],"_links":{"self":[{"href":"https:\/\/www.travelbymexico.com\/blog\/wp-json\/wp\/v2\/posts\/5770"}],"collection":[{"href":"https:\/\/www.travelbymexico.com\/blog\/wp-json\/wp\/v2\/posts"}],"about":[{"href":"https:\/\/www.travelbymexico.com\/blog\/wp-json\/wp\/v2\/types\/post"}],"author":[{"embeddable":true,"href":"https:\/\/www.travelbymexico.com\/blog\/wp-json\/wp\/v2\/users\/2"}],"replies":[{"embeddable":true,"href":"https:\/\/www.travelbymexico.com\/blog\/wp-json\/wp\/v2\/comments?post=5770"}],"version-history":[{"count":2,"href":"https:\/\/www.travelbymexico.com\/blog\/wp-json\/wp\/v2\/posts\/5770\/revisions"}],"predecessor-version":[{"id":7380,"href":"https:\/\/www.travelbymexico.com\/blog\/wp-json\/wp\/v2\/posts\/5770\/revisions\/7380"}],"wp:featuredmedia":[{"embeddable":true,"href":"https:\/\/www.travelbymexico.com\/blog\/wp-json\/wp\/v2\/media\/7275"}],"wp:attachment":[{"href":"https:\/\/www.travelbymexico.com\/blog\/wp-json\/wp\/v2\/media?parent=5770"}],"wp:term":[{"taxonomy":"category","embeddable":true,"href":"https:\/\/www.travelbymexico.com\/blog\/wp-json\/wp\/v2\/categories?post=5770"},{"taxonomy":"post_tag","embeddable":true,"href":"https:\/\/www.travelbymexico.com\/blog\/wp-json\/wp\/v2\/tags?post=5770"}],"curies":[{"name":"wp","href":"https:\/\/api.w.org\/{rel}","templated":true}]}}