{"id":5668,"date":"2011-03-16T12:18:44","date_gmt":"2011-03-16T17:18:44","guid":{"rendered":"http:\/\/travelbymexico.com\/blog\/?p=5668"},"modified":"2011-05-27T19:18:36","modified_gmt":"2011-05-28T00:18:36","slug":"festival-de-la-primavera-morelos-2011","status":"publish","type":"post","link":"https:\/\/www.travelbymexico.com\/blog\/5668-festival-de-la-primavera-morelos-2011\/","title":{"rendered":"Festival de la Primavera Morelos 2011"},"content":{"rendered":"<h2>El Festival de la Primavera Morelos 2011 es un evento tur\u00edstico y cultural que busca fortalecer la identidad del Estado de\u00a0 Morelos como la Primavera de todo M\u00e9xico.<\/h2>\n<p>El <strong>Festival de la Primavera Morelos 2011 <\/strong>est\u00e1 organizado por la Secretar\u00eda de Turismo, Ayuntamientos del Estado de Morelos, Asociaci\u00f3n Civil \u201c La Pasi\u00f3n por Frida\u201d, Grupo Identidad AC, Asociaciones de viveristas, Escuelas, Balnearios, Hoteles, Restaurantes, Discotecas, Asociaciones y Diversas Empresas.<\/p>\n<p>Se llevar\u00e1 a cabo<strong> del 17 al 21 de Marzo de 2011<\/strong> de forma simult\u00e1nea en diferentes lugares del Estado de Morelos, tales como:<\/p>\n<p><strong>Xochicalco,<br \/>\nTepoztl\u00e1n, Cuernavaca,<br \/>\nCuautla,<br \/>\nTlayacapan,<br \/>\nOaxatepec,<br \/>\nPuente de Ixtla.<\/strong><\/p>\n<h3>Entre las actividades m\u00e1s destacadas que te esperan est\u00e1n:<\/h3>\n<p><strong>Desfile de Carros Aleg\u00f3ricos en Cuernavaca, <\/strong><br \/>\n<strong>Encuentro Estatal de Chinelos<\/strong> en el Centro Hist\u00f3rico de Cuernavaca, danzas prehisp\u00e1nicas, Tianguis de Flores en el Parque Ecol\u00f3gico Chapultepec, entre otras actividades.<\/p>\n<p><strong>Recorrido de, por lo menos, 350 motocicletas por la Ruta de los Conventos. <\/strong><br \/>\n<em>(El recorrido se realizar\u00e1 el s\u00e1bado 19 de marzo a partir de la 10:00 horas en el ex Convento de San Juan Bautista, en Yecapixtla para recorrer los municipios de Tlayacapan, Totolapan, Atlatlahucan, Oaxtepec, Cuautla y culminarlo en el ex Convento de Santiago Ap\u00f3stol, en Ocuituco). <\/em><\/p>\n<p><strong>Concurso de Graffiti en Jiutepec, <\/strong><br \/>\n<strong>Tianguis de flores en el Parque Chapultepec<\/strong> (la entrada ser\u00e1 libre),<br \/>\n<strong>Expo Tur\u00edstica y Artesanal<\/strong> en la plaza Emiliano Zapata en el C.H. de Cuernavaca,<br \/>\n<strong>Feria del Libro<\/strong> en el Jard\u00edn Borda,<br \/>\n<strong>Euro Jazz<\/strong> en el Teatro Ocampo,<br \/>\n<strong>Danzas prehisp\u00e1nicas<\/strong> en sitios Arqueol\u00f3gicos,<br \/>\n<strong>Evento Cultural <\/strong>Estaci\u00f3n de Ferrocarril Cuautla,<\/p>\n<p><strong>Desfile de lanchas<\/strong> en Tequesquitengo.<\/p>\n<p>En Tlayacapan un <strong>Concierto de Primavera <\/strong>con la Banda de Tlayacapan,<br \/>\nEn Oaxtepec, eventos culturales como <strong>proyecci\u00f3n de pel\u00edculas,<\/strong> mesas artesanales, danz\u00f3n, rondallas y la participaci\u00f3n de la <strong>Orquesta de C\u00e1mara de Cuautla.<\/strong><\/p>\n<p>\u00a1No puedes faltar!<\/p>\n<p><strong><a title=\"Gu\u00eda de Hoteles en Cuernavaca\" href=\"http:\/\/travelbymexico.com\/cuernavaca\/hoteles \" target=\"_blank\">Reserva un Hotel en Cuernavaca<\/a><\/strong> <strong><br \/>\n<a title=\"Gu\u00eda de Hoteles en Tepoztl\u00e1n\" href=\"http:\/\/www.travelbymexico.com\/tepoztlan\/hoteles\" target=\"_blank\"><br \/>\nReserva un Hotel en Tepoztl\u00e1n<\/a><\/strong><\/p>\n","protected":false},"excerpt":{"rendered":"<p>El Festival de la Primavera Morelos 2011 es un evento tur\u00edstico y cultural que busca fortalecer la identidad del Estado<\/p>\n","protected":false},"author":2,"featured_media":7238,"comment_status":"open","ping_status":"open","sticky":false,"template":"","format":"standard","meta":[],"categories":[37,14],"tags":[43,387,390,407,474,550,1197,1284],"_links":{"self":[{"href":"https:\/\/www.travelbymexico.com\/blog\/wp-json\/wp\/v2\/posts\/5668"}],"collection":[{"href":"https:\/\/www.travelbymexico.com\/blog\/wp-json\/wp\/v2\/posts"}],"about":[{"href":"https:\/\/www.travelbymexico.com\/blog\/wp-json\/wp\/v2\/types\/post"}],"author":[{"embeddable":true,"href":"https:\/\/www.travelbymexico.com\/blog\/wp-json\/wp\/v2\/users\/2"}],"replies":[{"embeddable":true,"href":"https:\/\/www.travelbymexico.com\/blog\/wp-json\/wp\/v2\/comments?post=5668"}],"version-history":[{"count":3,"href":"https:\/\/www.travelbymexico.com\/blog\/wp-json\/wp\/v2\/posts\/5668\/revisions"}],"predecessor-version":[{"id":7394,"href":"https:\/\/www.travelbymexico.com\/blog\/wp-json\/wp\/v2\/posts\/5668\/revisions\/7394"}],"wp:featuredmedia":[{"embeddable":true,"href":"https:\/\/www.travelbymexico.com\/blog\/wp-json\/wp\/v2\/media\/7238"}],"wp:attachment":[{"href":"https:\/\/www.travelbymexico.com\/blog\/wp-json\/wp\/v2\/media?parent=5668"}],"wp:term":[{"taxonomy":"category","embeddable":true,"href":"https:\/\/www.travelbymexico.com\/blog\/wp-json\/wp\/v2\/categories?post=5668"},{"taxonomy":"post_tag","embeddable":true,"href":"https:\/\/www.travelbymexico.com\/blog\/wp-json\/wp\/v2\/tags?post=5668"}],"curies":[{"name":"wp","href":"https:\/\/api.w.org\/{rel}","templated":true}]}}