{"id":5606,"date":"2011-02-10T15:16:27","date_gmt":"2011-02-10T20:16:27","guid":{"rendered":"http:\/\/travelbymexico.com\/blog\/?p=5606"},"modified":"2011-05-29T14:16:38","modified_gmt":"2011-05-29T19:16:38","slug":"vive-latino-2011-festival-iberoamericano-de-cultura-musical","status":"publish","type":"post","link":"https:\/\/www.travelbymexico.com\/blog\/5606-vive-latino-2011-festival-iberoamericano-de-cultura-musical\/","title":{"rendered":"Vive Latino 2011, Festival Iberoamericano de Cultura Musical"},"content":{"rendered":"<h2>El pr\u00f3ximo Festival Musical &#8220;VIVE LATINO&#8221; se llevar\u00e1 a cabo los d\u00edas: 8, 9 y 10 de Abril 2011. Durante tres d\u00edas, se dar\u00e1n cita bandas de rock, ska y reggae procedentes de\u00a0 M\u00e9xico, Argentina, Chile, Espa\u00f1a, Per\u00fa, Venezuela y Colombia.<\/h2>\n<p>Como cada a\u00f1o, este encuentro musical se llevar\u00e1 a caba en el <strong>Foro Sol de la Ciudad de M\u00e9xico<\/strong>.<\/p>\n<blockquote><p>Adem\u00e1s de ser uno de los principales eventos de rock en espa\u00f1ol, cuenta con un espacio en el que se exhiben <strong>muestras de arte urbano<\/strong> tales como el graffiti y un importante espacio cultural conocido como el &#8220;<strong>Tianguis Cultural del Chopo<\/strong>&#8220;.<\/p>\n<p>Esta 12a. edicio\u0301n sera\u0301 especial y diferente a las otras, ya que por primera vez se trabajara\u0301 en un material audiovisual para documentar todo lo que tenga que ver con la planeacio\u0301n, montaje y realizacio\u0301n del festival.<\/p><\/blockquote>\n<p>Contara\u0301 con <strong>cuatro escenarios<\/strong> y una <strong>carpa ambulante<\/strong> dedicada a la proyeccio\u0301n de peli\u0301culas, documentales y dema\u0301s material cinematogra\u0301fico relacionado con el mundo de la mu\u0301sica y el rock; este evento est\u00e1 organizado por <strong>Ambulante A.C<\/strong>, un festival itinerante de documentales, fundado por <strong>Gael Garc\u00eda, Diego Luna <\/strong>y<strong> Pablo Cruz<\/strong> en 2005).<\/p>\n<h3>Festival Vive Latino 2011<\/h3>\n<h3>Bandas confirmadas para el Viernes 8 de Abril:<\/h3>\n<p>Agrupaci\u00f3n Cari\u00f1o, Alika &amp; Nueva Alianza, Bam-Bam, Banda de Turistas, Bogo , Bomba Est\u00e9reo, Carlos Ann, Cero Absoluto, Charly Garc\u00eda, DJamra, Dorian, Elis Paprika, Fobia, Here Comes The Kraken, Hong Kong Blood Opera, Jane\u2019s Addiction, Les Estuches, Los De Abajo, Los Estramb\u00f3ticos, Madame Recamier, Marlento, No Te Va a Gustar, Nortec Collective Presents: Bostich y Fussible, Pito Perez, Proyecto Gecko, Rana Santacruz, Raxas, <strong>Sepultura<\/strong>, She\u2019s A Tease, Sonidero Mestizo, Tanke, <strong>Tokio Ska Paradise Orchestra<\/strong>, Turbina.<\/p>\n<h3>Festival Vive Latino 2011<\/h3>\n<h3>Bandas confirmadas para el S\u00e1bado 9 de Abril:<\/h3>\n<p>Albert Pl\u00e1, Alonso Arreola, Alyosha Barreiro, Ana Tijoux, Ansia, Atto &amp; The Majestics, Bengala, <strong>Caifanes<\/strong>, Carla Borghetti, El Guincho, Electric Co. , Eljuri, Enjambre, Finde, Jarabe de Palo, La Gusana Ciega, La Pulquer\u00eda, Letz Zep, Los Bunkers, Los Dorados, Los Enanitos Verdes, Los Licuadoras, Los Pericos, Liber Ter\u00e1n, Macaco, Manchuria, Nana Pancha, <strong>Natalia Lafourcade<\/strong>, Payro, Radaid, Rebel Cats, Ruido Rosa, Rulo y la Contrabanda, San Pascualito Rey, Sara Valenzuela, Seven Rays, Sho Tr\u00edo, Telesis, The Pinker Tones, Torreblanca, T\u00e9lesis , Vicente Gayo, Yokozuna.<\/p>\n<p><strong>Festival Vive Latino 2011<br \/>\nBandas confirmadas para el Domingo 10 de Abril: <\/strong><\/p>\n<p>2 Minutos, Adanowsky, Andrea Balency Trio, Azul Violeta, Babas\u00f3nicos, Candy, Carla Morrison, Chikita Violenta, Devotchka, Disco Ruido, Doctor Kr\u00e1pula, Draco Rosa, Famasloop, Fidel Nadal, Frontline Guerrilla Sonora, Gula, Hana, Hummersqueal, Jessy Bulbo, Joe Volume, La Barranca, La Dosis, La Hora de la Hora, La Internacional Sonora Balkaner, Las Pastillas del Abuelo, Liquits, Los Coronas, Los Daniels, Los El\u00e1sticos, Mala Rodr\u00edguez, Mara (Charly Montana), People Project, Puerquerama, Rey Pila, Telefunka, <strong>The Chemical Brothers<\/strong>, <strong>The National<\/strong>, The Plastics Revolution, Velandia y la Tigra.<\/p>\n<p>En el sitio oficial del Festival Vive Latino, encontrar\u00e1s rese\u00f1as de discos, reportajes especiales, palomazos, videos, podcasts, estaci\u00f3n de radio, estrenos de rolas, entrevistas exclusivas, conciertos y promociones de las bandas protagonistas de la escena del rock latinoamericano, hispano y mundial.<\/p>\n<h3>Costos de los Boletos:<\/h3>\n<p>(tarifas con cargos incluidos)<\/p>\n<p><strong>Individual por d\u00eda<\/strong>: $531.00 pesos.<br \/>\n<strong>Abono 3 d\u00edas<\/strong>: $1,211.00 pesos<\/p>\n<p><strong>VIP por d\u00eda<\/strong>: $821.00 pesos<br \/>\n<strong>VIP Abono 3 d\u00edas<\/strong>: $1,924.00 pesos<\/p>\n<h3>Direcci\u00f3n del Foro Sol:<\/h3>\n<p>Viaducto Piedad y R\u00edo Churubusco s\/n, Ciudad Deportiva, M\u00e9xico, Distrito Federal.<\/p>\n<p><a title=\"Hoteles en Ciudad de M\u00e9xico, formulario de reservaci\u00f3n, fotos, tarifas, mapa\" href=\"http:\/\/www.travelbymexico.com\/ciudaddemexico\/hoteles\" target=\"_blank\">Reserva un Hotel en la Ciudad de M\u00e9xico<\/a><\/p>\n<p><a title=\"Atractivos de la ciudad de M\u00e9xico con fotos, descripci\u00f3n y mapa\" href=\"http:\/\/www.travelbymexico.com\/ciudaddemexico\/atractivos\" target=\"_blank\">Atractivos Tur\u00edsticos de la Ciudad de M\u00e9xico<\/a><\/p>\n","protected":false},"excerpt":{"rendered":"<p>El pr\u00f3ximo Festival Musical &#8220;VIVE LATINO&#8221; se llevar\u00e1 a cabo los d\u00edas: 8, 9 y 10 de Abril 2011. Durante<\/p>\n","protected":false},"author":2,"featured_media":7220,"comment_status":"open","ping_status":"open","sticky":false,"template":"","format":"standard","meta":[],"categories":[37,14],"tags":[144,318,415,560,570,585,601,928,1143],"_links":{"self":[{"href":"https:\/\/www.travelbymexico.com\/blog\/wp-json\/wp\/v2\/posts\/5606"}],"collection":[{"href":"https:\/\/www.travelbymexico.com\/blog\/wp-json\/wp\/v2\/posts"}],"about":[{"href":"https:\/\/www.travelbymexico.com\/blog\/wp-json\/wp\/v2\/types\/post"}],"author":[{"embeddable":true,"href":"https:\/\/www.travelbymexico.com\/blog\/wp-json\/wp\/v2\/users\/2"}],"replies":[{"embeddable":true,"href":"https:\/\/www.travelbymexico.com\/blog\/wp-json\/wp\/v2\/comments?post=5606"}],"version-history":[{"count":2,"href":"https:\/\/www.travelbymexico.com\/blog\/wp-json\/wp\/v2\/posts\/5606\/revisions"}],"predecessor-version":[{"id":7421,"href":"https:\/\/www.travelbymexico.com\/blog\/wp-json\/wp\/v2\/posts\/5606\/revisions\/7421"}],"wp:featuredmedia":[{"embeddable":true,"href":"https:\/\/www.travelbymexico.com\/blog\/wp-json\/wp\/v2\/media\/7220"}],"wp:attachment":[{"href":"https:\/\/www.travelbymexico.com\/blog\/wp-json\/wp\/v2\/media?parent=5606"}],"wp:term":[{"taxonomy":"category","embeddable":true,"href":"https:\/\/www.travelbymexico.com\/blog\/wp-json\/wp\/v2\/categories?post=5606"},{"taxonomy":"post_tag","embeddable":true,"href":"https:\/\/www.travelbymexico.com\/blog\/wp-json\/wp\/v2\/tags?post=5606"}],"curies":[{"name":"wp","href":"https:\/\/api.w.org\/{rel}","templated":true}]}}