{"id":5542,"date":"2011-02-06T21:52:46","date_gmt":"2011-02-07T02:52:46","guid":{"rendered":"http:\/\/travelbymexico.com\/blog\/?p=5542"},"modified":"2011-05-29T14:22:06","modified_gmt":"2011-05-29T19:22:06","slug":"exposicion-artesanal-las-manos-del-mundo","status":"publish","type":"post","link":"https:\/\/www.travelbymexico.com\/blog\/5542-exposicion-artesanal-las-manos-del-mundo\/","title":{"rendered":"Exposici\u00f3n Artesanal Las Manos del Mundo"},"content":{"rendered":"<h2>&#8220;Las Manos del Mundo&#8221; es una feria internacional de artesan\u00edas que se lleva a cabo del 30 de Marzo al 3 de Abril 2011 en la <a title=\"Atractivos Tur\u00edsticos, Ciudad de M\u00e9xico\" href=\"http:\/\/www.travelbymexico.com\/ciudaddemexico\/atractivos\/index.php\" target=\"_blank\">Ciudad de M\u00e9xico<\/a>.<\/h2>\n<p>Conformada por la <em>Uni\u00f3n Nacional de Productores Artesanales de M\u00e9xico<\/em> y respaldada por el <em>Comit\u00e9 Organizador de la Feria Internacional de Artesan\u00edas de M\u00e9xico<\/em>, <strong>&#8220;Las Manos del Mundo&#8221;<\/strong> cuenta con el soporte de la<em>Secretar\u00edas de Relaciones Exteriores<\/em>, la <em>Secretar\u00eda de Hacienda y Cr\u00e9dito P\u00fablico<\/em>, la <em>Secretar\u00eda de Turismo<\/em>; as\u00ed como <em>ProM\u00e9xic<\/em>o, el <em>Fondo Nacional para el Fomento a las Artesan\u00edas<\/em> (Fonart) y la <em>C\u00e1mara Nacional de Comercio y Turismo de la Ciudad de M\u00e9xico<\/em> (Canaco).<\/p>\n<blockquote><p><strong>La Feria &#8220;Las Manos del Mundo&#8221; ofrece la oportunidad a expositores artesanos mexicanos y extranjeros de presentar y promover la riqueza de sus culturas, estados, territorios o pa\u00edses y vender sus productos m\u00e1s caracter\u00edsticos. <\/strong><\/p><\/blockquote>\n<p>Esta encuentro cultural y artesanal contar\u00e1 con una <strong>Programaci\u00f3n Cultural<\/strong> constituida por diversos eventos t\u00edpicos de cada regi\u00f3n o pa\u00eds como bailes, tango argentino, mariachis, espect\u00e1culos infantiles, estudiantinas, cantantes mexicanos y extranjeros, orquestas, m\u00fasica tradicional, presentaci\u00f3n de libros, ciclo de cine, etc.<\/p>\n<h3>Expositores confirmados<\/h3>\n<p>Argentina &#8211; Cuba &#8211; M\u00e9xico.<\/p>\n<h3>Programa Cultural de la 2a. Feria Las Manos del Mundo:<\/h3>\n<p><span style=\"text-decoration: underline;\"><strong>Mi\u00e9rcoles 30 de marzo<\/strong><\/span><\/p>\n<p>10:00-11:00 &#8211; Bailes folkl\u00f3ricos:\u00a0 Jarabe Tapat\u00edo y otros<br \/>\n12:00-13:00 &#8211; Baile de Sal\u00f3n:\u00a0 Danz\u00f3n<br \/>\n13:00-15:00 &#8211; Ciclo de Cine Mexicano: &#8220;La Rebeli\u00f3n de los Colgados&#8221; de B.Traven<br \/>\n17:00-18:00 &#8211; Espect\u00e1culo Literario Musical: Margarito Renato y el H\u00e9ctor<br \/>\n18:00-19:00 &#8211; Son Cubano<\/p>\n<p><span style=\"text-decoration: underline;\"><strong>Jueves 31 de marzo<\/strong><\/span><\/p>\n<p>10:00-11:00 &#8211; Bailes folkl\u00f3ricos:\u00a0 Sones Veracruzanos<br \/>\n12:00-13:00 &#8211; Baile de Sal\u00f3n: Tango<br \/>\n13:00-15:00 &#8211; Ciclo de Cine Mexicano: &#8220;La Ilusi\u00f3n Viaja en Tranv\u00eda&#8221; de L. Bu\u00f1uel<br \/>\n17:00-18:00 &#8211; Espect\u00e1culo Literario Musical: Margarito, Renato y el H\u00e9ctor<br \/>\n18:00-19:00 &#8211; Presentaci\u00f3n del Libro: Pecar como Dios Manda, Historia sexual de los Mexicanos de Eugenio Aguirre. <strong><\/strong><\/p>\n<p><strong><span style=\"text-decoration: underline;\">Viernes 1 de abril<\/span> <\/strong><\/p>\n<p>10:00-11:00 &#8211; Bailes folkl\u00f3ricos: Bailes del estado de Chiapas<br \/>\n12:00-13:00 &#8211; Baile de Sal\u00f3n:\u00a0 Salsa<br \/>\n13:00-15:00 &#8211; Ciclo de Cine Mexicano: \u201cSol\u00f3n M\u00e9xico\u201d de Emilio \u201cEl Indio\u201d Fern\u00e1ndez<br \/>\n17:00-18:00 &#8211; Cuenta cuentos para adultos mayores Adriana Ivonne Delgado. Tlaxcala<br \/>\n18:00-19:00 &#8211; Banda de Gaitas. Batall\u00f3n de San Patricio.<\/p>\n<p><span style=\"text-decoration: underline;\"><strong>S\u00e1bado 2 de abril <\/strong><\/span><\/p>\n<p>10:00-11:00 &#8211; Cuenta cuentos para ni\u00f1os y t\u00edteres. Pavel Astorga. San Luis Potos\u00ed<br \/>\n11:00-12:00 &#8211; Bailes de Sal\u00f3n<br \/>\n12:00-13:00 &#8211; Cuenta cuentos para ni\u00f1os\u00a0 Adriana Ivonne Delgado. Tlaxcala<br \/>\n13:00-15:00 &#8211; Ciclo de Cine Mexicano: \u201cEl Rey del Barrio\u201d de Tin Tan<br \/>\n17:00-18:00 &#8211; Bailes Folkl\u00f3ricos: Norte\u00f1o<br \/>\n18:00-19:00 &#8211; Banda de Gaitas. Batall\u00f3n de San Patricio<\/p>\n<p><span style=\"text-decoration: underline;\"><strong>Domingo 3 de abril <\/strong><\/span><\/p>\n<p>10:00-11:00 &#8211; Cuenta cuentos para ni\u00f1os y t\u00edteres. Pavel Astorga. San Luis Potos\u00ed<br \/>\n11:00-12:00 &#8211; Bailes de Sal\u00f3n: Sones Veracruzanos<br \/>\n12:00-13:00 &#8211; Espect\u00e1culo Literario Musical: Margarito, Renato y el H\u00e9ctor<br \/>\n13:00-15:00 &#8211; Ciclo de Cine Mexicano: \u201cLa Marca del Zorrillo\u201d de Tin Tan<br \/>\n17:00-18:00 &#8211; Bailes Folkl\u00f3ricos: Sandunga<br \/>\n18:00-19:00 &#8211; Banda Filarm\u00f3nica del Centro de Capacitaci\u00f3n Musical y Desarrollo de la Cultura Mixe<span style=\"text-decoration: underline;\"><strong> <\/strong><\/span><\/p>\n<p><span style=\"text-decoration: underline;\"><strong>Horarios y Lugar:<\/strong><\/span><\/p>\n<p>Del 30 de marzo al 3 de abril de 10:00 a 19:00 Hrs<\/p>\n<p>Centro de Exposiciones &#8220;Expo Reforma&#8221;, Av. Morelos No. 67, Col. Ju\u00e1rez, Ciudad de M\u00e9xico.<\/p>\n<p><span style=\"text-decoration: underline;\"><strong>Venta de Boletos<\/strong><\/span>: Directamente en Expo Reforma<\/p>\n<p><strong><a title=\"Gu\u00eda Tur\u00edstica de Ciudad M\u00e9xico, Hoteles\" href=\"http:\/\/www.travelbymexico.com\/ciudaddemexico\/hoteles\/index.php\" target=\"_blank\">Gu\u00eda de Hoteles en la Ciudad de M\u00e9xico<\/a><\/strong><\/p>\n","protected":false},"excerpt":{"rendered":"<p>&#8220;Las Manos del Mundo&#8221; es una feria internacional de artesan\u00edas que se lleva a cabo del 30 de Marzo al<\/p>\n","protected":false},"author":2,"featured_media":7214,"comment_status":"open","ping_status":"open","sticky":false,"template":"","format":"standard","meta":[],"categories":[36,14],"tags":[103,318,9811,509,752],"_links":{"self":[{"href":"https:\/\/www.travelbymexico.com\/blog\/wp-json\/wp\/v2\/posts\/5542"}],"collection":[{"href":"https:\/\/www.travelbymexico.com\/blog\/wp-json\/wp\/v2\/posts"}],"about":[{"href":"https:\/\/www.travelbymexico.com\/blog\/wp-json\/wp\/v2\/types\/post"}],"author":[{"embeddable":true,"href":"https:\/\/www.travelbymexico.com\/blog\/wp-json\/wp\/v2\/users\/2"}],"replies":[{"embeddable":true,"href":"https:\/\/www.travelbymexico.com\/blog\/wp-json\/wp\/v2\/comments?post=5542"}],"version-history":[{"count":3,"href":"https:\/\/www.travelbymexico.com\/blog\/wp-json\/wp\/v2\/posts\/5542\/revisions"}],"predecessor-version":[{"id":7424,"href":"https:\/\/www.travelbymexico.com\/blog\/wp-json\/wp\/v2\/posts\/5542\/revisions\/7424"}],"wp:featuredmedia":[{"embeddable":true,"href":"https:\/\/www.travelbymexico.com\/blog\/wp-json\/wp\/v2\/media\/7214"}],"wp:attachment":[{"href":"https:\/\/www.travelbymexico.com\/blog\/wp-json\/wp\/v2\/media?parent=5542"}],"wp:term":[{"taxonomy":"category","embeddable":true,"href":"https:\/\/www.travelbymexico.com\/blog\/wp-json\/wp\/v2\/categories?post=5542"},{"taxonomy":"post_tag","embeddable":true,"href":"https:\/\/www.travelbymexico.com\/blog\/wp-json\/wp\/v2\/tags?post=5542"}],"curies":[{"name":"wp","href":"https:\/\/api.w.org\/{rel}","templated":true}]}}