{"id":5514,"date":"2011-01-25T14:38:10","date_gmt":"2011-01-25T19:38:10","guid":{"rendered":"http:\/\/travelbymexico.com\/blog\/?p=5514"},"modified":"2011-05-29T15:06:35","modified_gmt":"2011-05-29T20:06:35","slug":"2011-ano-de-mexico-en-francia","status":"publish","type":"post","link":"https:\/\/www.travelbymexico.com\/blog\/5514-2011-ano-de-mexico-en-francia\/","title":{"rendered":"2011, A\u00f1o de M\u00e9xico en Francia"},"content":{"rendered":"<h2>&#8220;2011, A\u00f1o de M\u00e9xico: este pa\u00eds que cre\u00edas conocer&#8221;<\/h2>\n<h2>&#8220;2011, Ann\u00e9e du Mexique : ce pays que vous pensiez conna\u00eetre&#8221;.<\/h2>\n<p>Desde el a\u00f1o 2008, <strong>Felipe Calder\u00f3n Hinojosa<\/strong> y <strong>Nicolas Sarkozy<\/strong>, los presidentes de M\u00e9xico y Francia, acordaron la creaci\u00f3n de un Grupo Bilateral de Empresarios de Alto Nivel, integrado por reconocidos empresarios de M\u00e9xico y de Francia para contribuir activamente en la promoci\u00f3n de inversiones, turismo y en el incremento de los flujos econ\u00f3micos entre ambos pa\u00edses.<\/p>\n<p>Como resultado de los trabajos realizados, en marzo de 2009 durante una visita de estado Nicolas Sarkozy anunci\u00f3 que <strong>el a\u00f1o 2011 ser\u00eda el a\u00f1o de M\u00e9xico en Francia<\/strong> y que, para conmemorarlo, se estaban organizando diversas manifestaciones culturales en todo el territorio franc\u00e9s; algunos meses despu\u00e9s,\u00a0 del 6 de Octubre 2009 al 24 enero 2010, el Museo del Quai Branly en Par\u00eds present\u00f3 la <strong>exposici\u00f3n <\/strong>&#8220;<strong>Teotihuacan, Cit\u00e9 des Dieux<\/strong>&#8221; &#8211; <strong><a title=\"Rese\u00f1a, Fotograf\u00edas, Ubicaci\u00f3n de Teotihuacan y Gu\u00eda de Hoteles en Teotihuacan\" href=\"http:\/\/www.travelbymexico.com\/teotihuacan\/atractivos\/index.php\" target=\"_blank\">Teotihuacan<\/a>, Ciudad de Dioses, <\/strong>fue un \u00e9xito tal que el museo organiz\u00f3 visitas nocturnas! En efecto, los dos \u00faltimos fines de semana los parisinos pudieron apreciar hasta la media noche esta maravillosa exhibici\u00f3n conformada por 450 piezas que, en su mayor parte, nunca hab\u00edan sido expuestas en Europa, y algunas de las cuales eran desconocidas en M\u00e9xico hasta su presentaci\u00f3n en Monterrey (septiembre 2008 a enero de 2009).<\/p>\n<p>El A\u00f1o de M\u00e9xico en Francia se inscribe en una larga tradici\u00f3n de intercambios culturales mantenidos por Francia.<\/p>\n<p>Los pa\u00edses invitados por Francia presentan la riqueza y la diversidad de su patrimonio cultural, cient\u00edfico y econ\u00f3mico en suelo franc\u00e9s. El a\u00f1o pasado, en 2010, se present\u00f3 el A\u00f1o Franco-Ruso y en 2009, se celebr\u00f3 la temporada cultural de Turqu\u00eda mientras Francia se promov\u00eda en el territorio Brasile\u00f1o.<\/p>\n<p><strong>El A\u00f1o de M\u00e9xico en Francia<\/strong> es un magno evento y el resultado de compromisos diplom\u00e1ticos bilaterales y de decisiones adoptadas al m\u00e1s alto nivel por los Jefes de Estado. Su aplicaci\u00f3n, llevada a cabo por el<strong> Instituto Franc\u00e9s &#8220;Culturesfrance&#8221;<\/strong> bajo la supervisi\u00f3n del <strong>Ministerio de Asuntos Exteriores y Europeos <\/strong>y el <strong>Ministerio de Cultura y de Comunicaci\u00f3n<\/strong>, se basa en s\u00f3lidas asociaciones establecidas con los comerciantes e instituciones, as\u00ed como con autoridades locales y empresas.<\/p>\n<blockquote><p>Esta es la primera vez que un pa\u00eds de habla hispana es invitado especial del gobierno franc\u00e9s durante todo un a\u00f1o, en el que se prev\u00e9 habr\u00e1n de realizarse m\u00e1s de 260 eventos para promover la cultura y el arte mexicano en esa naci\u00f3n.<\/p><\/blockquote>\n<p><strong>Desde principios de Febrero hasta finales de Diciembre de 2011<\/strong>, el p\u00fablico franc\u00e9s descubrir\u00e1 un programa de <strong>m\u00e1s de 260 eventos<\/strong>, tanto culturales y art\u00edsticos como educativos, econ\u00f3micos, acad\u00e9micos, tur\u00edsticos y deportivos.<\/p>\n<p>Se llevar\u00e1n a cabo en las principales ciudades de la Rep\u00fablica Francesa como Par\u00eds, Burdeos, Marsella, Toulouse, Lyon, Rennes, Arles, Le Mans, Metz, Brest, Nantes, y Lille, entre otras.<\/p>\n<h3>Algunos de los eventos que M\u00e9xico presentar\u00e1 en Francia:<\/h3>\n<p>&#8211; <strong>Muestras Gastron\u00f3micas<\/strong>,<br \/>\n&#8211; Desfiles de <a title=\"Alebrijes, Artesan\u00edas 100% Mexicanas\" href=\"http:\/\/travelbymexico.com\/blog\/folklor\/alebrijes-artesanias-nacidas-de-un-sueno\" target=\"_blank\"><strong>Alebrijes<\/strong><\/a> en varias ciudades de Francia,<br \/>\n&#8211; Presentaci\u00f3n de los <a title=\"Ritual de los Voladores, Tradici\u00f3n Totonaca en M\u00e9xico\" href=\"http:\/\/travelbymexico.com\/blog\/5696-voladores-de-papantla-hombres-pajaros-de-mexico\" target=\"_blank\"><strong>Voladores de Papantla<\/strong><\/a>,<br \/>\n&#8211; Las <a title=\"Un paseo en trajineras por los canales de Xochimilco\" href=\"http:\/\/travelbymexico.com\/blog\/5566-paseo-en-trajineras-por-los-canales-de-xochimilco\/\" target=\"_blank\"><strong>Trajineras de Xochimilco<\/strong><\/a> navegar\u00e1n en Par\u00eds sobre el R\u00edo Seina,<br \/>\n&#8211; Exposici\u00f3n de <strong>Artesan\u00edas de Xochimilco<\/strong>,<br \/>\n&#8211; Exposici\u00f3n de <a title=\"M\u00e1scaras Mayas y Ajuares Funerarios viajan a Francia\" href=\"http:\/\/travelbymexico.com\/blog\/arqueologia\/mascaras-mayas-y-ajuares-funerarios-viajan-a-francia\" target=\"_blank\"><strong>M\u00e1scaras de Jade Mayas<\/strong><\/a>, Ajuares Funerarios de <a title=\"Zona Arqueol\u00f3gica de Palenque y Tumba de Pakal\" href=\"http:\/\/travelbymexico.com\/blog\/arqueologia\/zona-arqueologica-de-palenque\" target=\"_blank\"><strong>Pakal<\/strong><\/a> y otros gobernantes en la Pinacoteca de Par\u00eds. Expo\u00a0 &#8220;Les Masques de Jade Mayas&#8221; del 1 de marzo al 7 de agosto 2011.<br \/>\n&#8211; <strong>Noches Electr\u00f3nicas <\/strong>en el Grand Palais,<br \/>\n&#8211; Exposici\u00f3n <strong>Epoca Cubista de Diego Rivera<\/strong> &#8211; &#8220;Diego Rivera &#8211; La P\u00e9riode Cubiste&#8221; en la Galer\u00eda de Bellas Artes de Burdeos del 10 de marzo al 5 de junio 2011,<br \/>\n<strong>&#8211; Exposici\u00f3n Fotogr\u00e1fica<\/strong> &#8220;Il est une Fois le Mexique&#8221;, gigantescas fotograf\u00edas del artista Robin Lebel exhibidas en el M\u00e9tro de Par\u00eds estaci\u00f3n Gare Saint Lazare del 1er noviembre 2010 al 28 de febrero 2011,<br \/>\n<strong>&#8211; Festivals literarios<\/strong> como &#8220;le Quai du Polar&#8221; en la ciudad de Lyon (abril 2011), &#8220;Paris en toutes lettres&#8221; (junio 2011) y los encuentros literarios\u00a0 &#8220;Les Rencontres litt\u00e9raires de Fontevraud&#8221; (junio 2011),<\/p>\n<p>M\u00e9xico ser\u00e1 <strong>el invitado de honor<\/strong> de numerosos eventos art\u00edsticos y culturales como el <strong>Festival de Fotograf\u00eda de Arles<\/strong>, El <strong>Sal\u00f3n Aeron\u00e1utico de Le Bourget<\/strong>, el <strong>Festival de Cine de Cannes<\/strong> o la <strong>Feria del Libro<\/strong>.<\/p>\n<h3>\u00a1El A\u00f1o de M\u00e9xico en Francia ser\u00e1 tambi\u00e9n &#8220;digital&#8221;!<\/h3>\n<p>En efecto, actualmente se trabaja en una plataforma web interactiva que permitir\u00e1 a todo p\u00fablico descubrir los eventos propuestos en 2011, la cual estar\u00e1 disponible en los pr\u00f3ximos meses.<\/p>\n","protected":false},"excerpt":{"rendered":"<p>&#8220;2011, A\u00f1o de M\u00e9xico: este pa\u00eds que cre\u00edas conocer&#8221; &#8220;2011, Ann\u00e9e du Mexique : ce pays que vous pensiez conna\u00eetre&#8221;.<\/p>\n","protected":false},"author":2,"featured_media":7186,"comment_status":"open","ping_status":"open","sticky":false,"template":"","format":"standard","meta":[],"categories":[14],"tags":[44,70,103,9799,510,517,685,795,801,905,930,1279],"_links":{"self":[{"href":"https:\/\/www.travelbymexico.com\/blog\/wp-json\/wp\/v2\/posts\/5514"}],"collection":[{"href":"https:\/\/www.travelbymexico.com\/blog\/wp-json\/wp\/v2\/posts"}],"about":[{"href":"https:\/\/www.travelbymexico.com\/blog\/wp-json\/wp\/v2\/types\/post"}],"author":[{"embeddable":true,"href":"https:\/\/www.travelbymexico.com\/blog\/wp-json\/wp\/v2\/users\/2"}],"replies":[{"embeddable":true,"href":"https:\/\/www.travelbymexico.com\/blog\/wp-json\/wp\/v2\/comments?post=5514"}],"version-history":[{"count":5,"href":"https:\/\/www.travelbymexico.com\/blog\/wp-json\/wp\/v2\/posts\/5514\/revisions"}],"predecessor-version":[{"id":7440,"href":"https:\/\/www.travelbymexico.com\/blog\/wp-json\/wp\/v2\/posts\/5514\/revisions\/7440"}],"wp:featuredmedia":[{"embeddable":true,"href":"https:\/\/www.travelbymexico.com\/blog\/wp-json\/wp\/v2\/media\/7186"}],"wp:attachment":[{"href":"https:\/\/www.travelbymexico.com\/blog\/wp-json\/wp\/v2\/media?parent=5514"}],"wp:term":[{"taxonomy":"category","embeddable":true,"href":"https:\/\/www.travelbymexico.com\/blog\/wp-json\/wp\/v2\/categories?post=5514"},{"taxonomy":"post_tag","embeddable":true,"href":"https:\/\/www.travelbymexico.com\/blog\/wp-json\/wp\/v2\/tags?post=5514"}],"curies":[{"name":"wp","href":"https:\/\/api.w.org\/{rel}","templated":true}]}}