{"id":5211,"date":"2010-11-16T01:11:10","date_gmt":"2010-11-16T06:11:10","guid":{"rendered":"http:\/\/travelbymexico.com\/blog\/?p=5211"},"modified":"2011-05-31T18:28:36","modified_gmt":"2011-05-31T23:28:36","slug":"feria-de-la-plata-2010-en-taxco","status":"publish","type":"post","link":"https:\/\/www.travelbymexico.com\/blog\/5211-feria-de-la-plata-2010-en-taxco\/","title":{"rendered":"Feria de la Plata 2010 en Taxco"},"content":{"rendered":"<h2>Del 27 de Noviembre al 4 de Diciembre 2010 en la ciudad de Taxco de Alarc\u00f3n.<\/h2>\n<h2>Expo Plata 2010, Muestras de Joyer\u00eda, Conferencias, Conciertos (Aleks Syntek, JotDog, Las Reinas, Mar\u00eda Jos\u00e9, Pambo, Sandoval), Rally de la Plata, Carrera de Meseros, y mucho m\u00e1s!<\/h2>\n<h3>Descubre el Programa de Eventos Feria de la Plata 2010:<\/h3>\n<h3>S\u00e1bado 27 de Noviembre 2010<\/h3>\n<p><strong>Inauguraci\u00f3n \/ Torneo de Tae Kwon Do de la Plata<\/strong><em> <\/em><\/p>\n<p><em>9:00\u00a0 horas &#8211; Auditorio Miguel Angel<\/em><\/p>\n<p><strong>Jeeps Monta\u00f1a Salvaje <\/strong><br \/>\n<em><\/em><\/p>\n<p><em>Demostraci\u00f3n<br \/>\n11:00 horas &#8211; Huixteco <\/em><\/p>\n<p><strong>Expo-Plata 2010<\/strong> <strong>&#8211; A los Grandes Maestro Plateros <\/strong><\/p>\n<p>Expo Artesanal, Expo Maquinaria<\/p>\n<p><em>Inauguraci\u00f3n de Exposici\u00f3n<br \/>\n12:00 horas &#8211; Centro Joyero AG<\/em><\/p>\n<p><strong>Reinas de la Plata \/ Carteles y Programas \/ El Mezcal y sus Regiones <\/strong><\/p>\n<p><em>Inauguraci\u00f3n de Exposici\u00f3n<\/em><br \/>\n<em>14:00 horas &#8211; Museo de Arte Sacro Virreinal <\/em><\/p>\n<p><strong>Coro Estudiantil Universitario CEPE UNAM Campus Taxco <\/strong><\/p>\n<p><em>18:00 horas &#8211; Teatro Juan Ruiz de Alarc\u00f3n (Sal\u00f3n de Eventos del Hotel Posada de la Misi\u00f3n) <\/em><\/p>\n<p><strong>Piezas Ganadoras y Participantes del Concurso Nacional de la Plater\u00eda 2010 <\/strong><\/p>\n<p><em>Inauguraci\u00f3n de Exposici\u00f3n<br \/>\n19:00 horas &#8211; Casa Borda<\/em><\/p>\n<p><strong>Coronaci\u00f3n de la Reina de la Feria Nacional de la Plata<br \/>\nPremiaci\u00f3n de los Ganadores de los Juegos Florales<br \/>\nPremiaci\u00f3n de los Ganadores del Concurso Nacional de la Plata<\/strong><br \/>\n<em>19:30 horas &#8211; Z\u00f3calo <\/em><\/p>\n<p><strong>Aleks Syntek <\/strong><\/p>\n<p><em>Concierto<br \/>\n20:30 horas &#8211; Z\u00f3calo <\/em><\/p>\n<h3>Lunes 29 de Noviembre 2010<\/h3>\n<p><strong>Piezas Ganadores y Participantes del Concurso Nacional de la Plater\u00eda 2010 (Exposici\u00f3n) <\/strong><\/p>\n<p><em>10:00 a 18:00 horas &#8211; Casa Borda <\/em><\/p>\n<p><strong>&#8220;Grupo de Calidad&#8221; <\/strong><\/p>\n<p><em>Conferencia &#8211; Ing. Isaac Flores Rodr\u00edguez (C\u00e1mara de Joyer\u00eda de Jalisco) <\/em><br \/>\n<em>12:00 horas &#8211; Centro Joyero AG <\/em><\/p>\n<p><strong>Palo Encebado <\/strong><\/p>\n<p><em>17:00 horas &#8211; Ex Convento <\/em><\/p>\n<p><strong>Homenaje a los Grandes Maestros Plateros de Taxco <\/strong><br \/>\n<em>18:00 horas &#8211; AG Centro Joyero <\/em><\/p>\n<p><strong>Festival de Rock y Cultura Urbana <\/strong><br \/>\n<em>18:00 horas &#8211; Z\u00f3calo <\/em><\/p>\n<h3>Martes 30 de Noviembre<\/h3>\n<p><strong>Piezas Ganadores y Participantes del Concurso Nacional de la Plater\u00eda 2010 (Exposici\u00f3n) <\/strong><\/p>\n<p><em>10:00 a 18:00 horas &#8211; Casa Borda <\/em><\/p>\n<p><strong> &#8220;La Plata en el Arte, Tendencias de Joyer\u00eda 2011&#8221; <\/strong><\/p>\n<p>Conferencia &#8211; Lic. M\u00f3nica Ben\u00edtez Saltijeral. (Grupo Pe\u00f1oles).<br \/>\n12:00 horas &#8211; Centro Joyero AG<br \/>\n<strong>Carrera de Costales <\/strong><em><br \/>\n17:00 horas &#8211; Z\u00f3calo <\/em><\/p>\n<p><strong> &#8220;Pambo&#8221; <\/strong><\/p>\n<p><em>Concierto<br \/>\n20:00 horas &#8211; Z\u00f3calo <\/em><br \/>\n<strong>Colegio de Bachilleres <\/strong><\/p>\n<p>(Muestra Art\u00edstica)<br \/>\n21:30 horas &#8211; Z\u00f3calo<\/p>\n<h3>Mi\u00e9rcoles 1 de Diciembre<\/h3>\n<p><strong>Piezas Ganadores y Participantes del Concurso Nacional de la Plater\u00eda 2010 (Exposici\u00f3n) <\/strong><\/p>\n<p>10:00 a 18:00 horas &#8211; Casa Borda<\/p>\n<p><strong>Lechoncitos Encebados <\/strong><br \/>\n17:00 horas &#8211; Ex Convento<\/p>\n<p><strong>&#8220;El Pa\u00eds de la Metralla&#8221; CEPE UNAM Campus Taxco <\/strong><br \/>\n<em> <\/em><\/p>\n<p><em>Revista Musical<br \/>\n18:00 horas &#8211; Teatro Juan Ruiz de Alarc\u00f3n (Sal\u00f3n de Eventos del Hotel Posada de la Misi\u00f3n)<\/em><\/p>\n<p><strong>Vestidos Regionales de Guerrero <\/strong><\/p>\n<p><em>Muestra<br \/>\n18:00 horas &#8211; Museo de Arte Sacro Virreinal <\/em><\/p>\n<p><strong>&#8220;JotDog&#8221; <\/strong><\/p>\n<p>Concierto<br \/>\n19:00 horas &#8211; Z\u00f3calo<\/p>\n<p><!--nextpage--><\/p>\n<h3>Jueves 2 de Diciembre 2010<\/h3>\n<p><strong>Piezas Ganadores y Participantes del Concurso Nacional de la Plater\u00eda 2010 (Exposici\u00f3n) <\/strong><\/p>\n<p><em>10:00 a 18:00 horas &#8211; Casa Borda <\/em><\/p>\n<p><strong>&#8220;Dise\u00f1o en la Joyer\u00eda&#8221; <\/strong><\/p>\n<p><em>Conferencia &#8211; Oscar Figueroa Escorcia<br \/>\n12:00 &#8211; Centro Joyero AG <\/em><\/p>\n<p><strong>Rally de la Plata <\/strong><br \/>\n<em>14:00 a 19:30 &#8211; Z\u00f3calo <\/em><\/p>\n<p><strong> &#8220;Sandoval &#8211; A quien t\u00fa decidiste Amar&#8221; <\/strong><\/p>\n<p><em>Concierto<br \/>\n20:30 horas &#8211; Z\u00f3calo <\/em><\/p>\n<h3>Viernes 3 de Diciembre de 2010<\/h3>\n<p><strong>Piezas Ganadores y Participantes del Concurso Nacional de la Plater\u00eda 2010 (Exposici\u00f3n) <\/strong><\/p>\n<p><em>10:00 a 18:00 horas &#8211; Casa Borda <\/em><\/p>\n<p><strong>Carrera de Meseros <\/strong><br \/>\n<em><\/em><\/p>\n<p><em>17:00 horas &#8211; Z\u00f3calo <\/em><\/p>\n<p><strong> &#8220;Las Reinas&#8221;<\/strong><\/p>\n<p><em>Concierto<br \/>\n20:00 horas &#8211; Z\u00f3calo <\/em><\/p>\n<h3>S\u00e1bado 4 de Diciembre 2010<\/h3>\n<p><strong>Finales de Torneos de F\u00fatbol, Voleibol y B\u00e1squetbol de la Plata <\/strong><br \/>\n<em>12:00 horas &#8211; Unidad Deportiva Los Jales <\/em><\/p>\n<p><strong>Carrera de Burros <\/strong><br \/>\n<em>12:00 horas &#8211; Plaza Borda <\/em><\/p>\n<p><strong>T\u00e9cnicas Tradicionales de la Plata <\/strong><\/p>\n<p><em>Muestra<br \/>\n13:00 horas &#8211; Z\u00f3calo <\/em><\/p>\n<p><span style=\"text-decoration: underline;\"><strong>Acto de Clausura de la LXXIII Feria Nacional de la Plata <\/strong><\/span><br \/>\n<em><\/em><\/p>\n<p><em>21:15 horas &#8211; Z\u00f3calo <\/em><\/p>\n<p><strong>&#8220;Mar\u00eda Jos\u00e9&#8221; <\/strong><\/p>\n<p><em>Concierto<br \/>\n21:30 horas &#8211; Z\u00f3calo<\/em><\/p>\n","protected":false},"excerpt":{"rendered":"<p>Del 27 de Noviembre al 4 de Diciembre 2010 en la ciudad de Taxco de Alarc\u00f3n. Expo Plata 2010, Muestras<\/p>\n","protected":false},"author":2,"featured_media":7079,"comment_status":"open","ping_status":"open","sticky":false,"template":"","format":"standard","meta":[],"categories":[36,14],"tags":[360,525,715,896,1079,1162],"_links":{"self":[{"href":"https:\/\/www.travelbymexico.com\/blog\/wp-json\/wp\/v2\/posts\/5211"}],"collection":[{"href":"https:\/\/www.travelbymexico.com\/blog\/wp-json\/wp\/v2\/posts"}],"about":[{"href":"https:\/\/www.travelbymexico.com\/blog\/wp-json\/wp\/v2\/types\/post"}],"author":[{"embeddable":true,"href":"https:\/\/www.travelbymexico.com\/blog\/wp-json\/wp\/v2\/users\/2"}],"replies":[{"embeddable":true,"href":"https:\/\/www.travelbymexico.com\/blog\/wp-json\/wp\/v2\/comments?post=5211"}],"version-history":[{"count":3,"href":"https:\/\/www.travelbymexico.com\/blog\/wp-json\/wp\/v2\/posts\/5211\/revisions"}],"predecessor-version":[{"id":7544,"href":"https:\/\/www.travelbymexico.com\/blog\/wp-json\/wp\/v2\/posts\/5211\/revisions\/7544"}],"wp:featuredmedia":[{"embeddable":true,"href":"https:\/\/www.travelbymexico.com\/blog\/wp-json\/wp\/v2\/media\/7079"}],"wp:attachment":[{"href":"https:\/\/www.travelbymexico.com\/blog\/wp-json\/wp\/v2\/media?parent=5211"}],"wp:term":[{"taxonomy":"category","embeddable":true,"href":"https:\/\/www.travelbymexico.com\/blog\/wp-json\/wp\/v2\/categories?post=5211"},{"taxonomy":"post_tag","embeddable":true,"href":"https:\/\/www.travelbymexico.com\/blog\/wp-json\/wp\/v2\/tags?post=5211"}],"curies":[{"name":"wp","href":"https:\/\/api.w.org\/{rel}","templated":true}]}}