{"id":5172,"date":"2010-11-09T21:56:45","date_gmt":"2010-11-10T02:56:45","guid":{"rendered":"http:\/\/travelbymexico.com\/blog\/?p=5172"},"modified":"2011-05-31T18:44:47","modified_gmt":"2011-05-31T23:44:47","slug":"programa-2010-festival-de-musica-de-morelia","status":"publish","type":"post","link":"https:\/\/www.travelbymexico.com\/blog\/5172-programa-2010-festival-de-musica-de-morelia\/","title":{"rendered":"Programa 2010 Festival de M\u00fasica de Morelia"},"content":{"rendered":"<h2>Programa de Conciertos del Festival de M\u00fasica de Morelia 2010.<\/h2>\n<h3>Jueves\u00a0 11 de Noviembre 2010<\/h3>\n<p><span style=\"text-decoration: underline;\"><strong>&#8220;The Mutter-Bashmet-Harrel Tr\u00edo&#8221; &#8211; Concierto de Inauguraci\u00f3n <\/strong><\/span><\/p>\n<p><em>Recital de C\u00e1mara: Tr\u00edos De Cuerdas De Ludwig Van Beethoven (1770-1827)<\/em><\/p>\n<p>20:30 horas<br \/>\n<span style=\"text-decoration: underline;\">Lugar:<\/span> Teatro Morelos<br \/>\n<span style=\"text-decoration: underline;\">Boletos<\/span>: $500, $800, $1,000 y $1,200<\/p>\n<p>Viol\u00edn: Anne-Sophie Mutter.<br \/>\nViola: Yuri Bashmet.<br \/>\nViolonchelo: Lynn Harrel.<\/p>\n<p><em><strong>Anne-Sophie Mutter<\/strong> naci\u00f3 el 29 de junio de 1963 en la ciudad de Rheinfelden en Baden, Alemania. Es una virtuosa violinista.<\/em><\/p>\n<p><em><strong>Lynn Harrel<\/strong> es uno de los violonchelistas m\u00e1s reconocidos de su generaci\u00f3n y es especialmente popular en estados unidos y gran breta\u00f1a. Es conocido por su estilo y por su maestr\u00eda t\u00e9cnica en la ejecuci\u00f3n del violonchelo, as\u00ed como por su genialidad y alegr\u00eda al hacer m\u00fasica.<\/em><\/p>\n<p><em><strong>Yuri Bashmet<\/strong> naci\u00f3 en Rostov-On-Don, Ucrania, en 1953. Creci\u00f3 en la ciudad tambi\u00e9n ucraniana de Lvov, donde\u00a0 tom\u00f3 el viol\u00edn a instancias de su madre desde muy peque\u00f1o, aunque en realidad prefer\u00eda la guitarra.<\/em><\/p>\n<p>Tr\u00edo Para Viol\u00edn, Viola y Violonchelo en Do Menor, Op. 9, N\u00ba 3 (28\u2019)<br \/>\n1. Allegro Con Spirito<br \/>\n2. Adagio Con Espressione<br \/>\n3. Scherzo. Allegro Molto E Vivace<br \/>\n4. Finale. Presto<\/p>\n<p>Serenata Para Viol\u00edn, Viola y Violonchelo en Re Mayor, Op. 8 (31\u2019)<br \/>\n1. Marcia. Allegro \u2013 Adagio<br \/>\n2. Menuetto. Allegretto<br \/>\n3. Adagio \u2013 Scherzo. Allegro Molto \u2013 Adagio \u2013 Allegro Molto \u2013 Adagio<br \/>\n4. Allegretto Alla Polacca<br \/>\n5. Thema Con Variazioni. Andante Quasi Allegretto \u2013 Variationen I-IV \u2013 Marcia. Allegro<br \/>\n<em><br \/>\nIntermedio<\/em><\/p>\n<p>Tr\u00edo Para Viol\u00edn, Viola y Violonchelo en Mi Bemol Mayor, Op. 3 (39\u2019)<br \/>\n1. Allegro Con Brio<br \/>\n2. Andante<br \/>\n3. Menuetto. Allegretto<br \/>\n4. Adagio<br \/>\n5. Menuetto. Moderato<br \/>\n6. Finale. Allegro<\/p>\n<h3>Viernes 12 de Noviembre<\/h3>\n<p><span style=\"text-decoration: underline;\"><strong>&#8220;Camerata Wratislavia&#8221; &#8211; Concierto de C\u00e1mara <\/strong><\/span><\/p>\n<p>20:30 horas<br \/>\n<span style=\"text-decoration: underline;\">Lugar:<\/span> Teatro Morelos<br \/>\n<span style=\"text-decoration: underline;\">Boletos:<\/span> $330 \/ $220<\/p>\n<p><em>La &#8220;Orquesta de C\u00e1mara Wratislavia&#8221; fue fundada en 1996 por el destacado Director y violinista virtuoso Jan Stanienda. Est\u00e1 integrada por m\u00fasicos ganadores de concursos internacionales, profesores de academias de m\u00fasica, solistas y virtuosos.<\/em><\/p>\n<p><strong>Gustav Holst <\/strong>(1874-1934)<br \/>\nSuite De San Pablo, Op. 29 N\u00ba 2\u00a0 (12\u2019)<br \/>\n1. Jig<br \/>\n2. Ostinato<br \/>\n3. Intermezzo<br \/>\n4. Finale<\/p>\n<p><strong>Fr\u00e9d\u00e9ric Chopin<\/strong> (1810-1849)<br \/>\nPrimer Concierto para Piano y Orquesta en Mi Menor, Op. 11\u00a0 (39\u2019)\u00a0 Arreglo Para Piano y Orquesta De Cuerdas.<\/p>\n<p>1. Allegro Maestoso<br \/>\n2. Romance. Larghetto<br \/>\n3. Rondo. Vivace<br \/>\nWojciech Kocyan, Piano<\/p>\n<p>Intermedio<\/p>\n<p><strong>Miguel Bernal Jim\u00e9nez<\/strong> (1910-1956)<\/p>\n<p>Cuarteto Virreinal (14\u2019)<br \/>\n1.\u00a0\u00a0\u00a0 Allegro<br \/>\n2.\u00a0\u00a0\u00a0 Sarabanda Con Variaciones<br \/>\n3.\u00a0\u00a0\u00a0 Minu\u00e9<br \/>\n4.\u00a0\u00a0\u00a0 Tr\u00edo<\/p>\n<p><strong>Josef Suk<\/strong> (1874-1935)<br \/>\nSerenata En Mi Bemol Mayor, Op. 6 (30\u2019)<br \/>\n1.\u00a0\u00a0\u00a0 Andante Con Moto<br \/>\n2.\u00a0\u00a0\u00a0 Allegro, Ma Non Troppo E Grazioso<br \/>\n3.\u00a0\u00a0\u00a0 Adagio<br \/>\n4.\u00a0\u00a0\u00a0 Allegro Giocoso, Ma Non Troppo Presto<\/p>\n<p><!--nextpage--><\/p>\n<h3>S\u00e1bado 13 de Noviembre<\/h3>\n<p><span style=\"text-decoration: underline;\"><strong>&#8220;Voz En Punto canta a Cri Cri&#8221;- Ensamble Vocal De M\u00e9xico<\/strong><\/span><\/p>\n<p>11:00 horas<br \/>\n<span style=\"text-decoration: underline;\">Lugar:<\/span> Calzada Fray Antonio De San Miguel<br \/>\n<span style=\"text-decoration: underline;\">Boletos:<\/span> Evento Gratuito<\/p>\n<p><em>Con una original propuesta musical &#8220;a capella&#8221; en cuyo centro se encuentra la espl\u00e9ndida cultura de m\u00e9xico, voz en punto es actualmente el ensamble vocal con la m\u00e1s brillante trayectoria internacional en la historia de la m\u00fasica mexicana.<\/em><\/p>\n<p><em>Fue hace 20 a\u00f1os cuando &#8220;Voz en Punto&#8221; irrumpi\u00f3 en los escenarios impresionando a un p\u00fablico\u00a0 que con su canto quedaba \u201cextasiado, enloquecido y delirante\u2026\u201d como dan testimonio las emocionantes cr\u00edticas de prensa publicadas alrededor del mundo. con un repertorio que va desde m\u00fasica virreinal y en lenguas ind\u00edgenas, hasta folklore, m\u00fasica tradicional y contempor\u00e1nea de m\u00e9xico, voz en punto ha logrado un arte verdaderamente universal, derribando las m\u00e1s diversas barreras entre lo acad\u00e9mico y lo popular, conquistando as\u00ed las salas de concierto y los m\u00e1s prestigiados escenarios a trav\u00e9s de su muy particular expresi\u00f3n\u00a0 del canto &#8220;a capella&#8221;, utilizando todos los recursos que posee el m\u00e1s maravilloso instrumento con que el ser humano ha contado desde siempre: la voz.<\/em><\/p>\n<p>Tema De Cri Cri<br \/>\nEl Negrito Bailar\u00edn<br \/>\nEl Chorrito<br \/>\nCucurumb\u00e9<br \/>\nLa Merienda<br \/>\nMi Amigo Hans<br \/>\nEl Tel\u00e9fono<br \/>\nCochinitos Dormilones<br \/>\nAcuarela<br \/>\nEl Ropero<br \/>\nDi Porqu\u00e9<br \/>\nEl Comal y La Olla<br \/>\nM\u00e9tete Tet\u00e9<br \/>\nTema De Cri Cri<\/p>\n<p>Autor de todas las piezas: Francisco Gabilondo Soler \u201cCri Cri\u201d<br \/>\nDirecci\u00f3n y Arreglos Vocales: Jos\u00e9 Galv\u00e1n Casta\u00f1eda.<\/p>\n<h3>S\u00e1bado 13 de Noviembre<\/h3>\n<p><span style=\"text-decoration: underline;\"><strong>&#8220;Tapetes Florales M\u00e9xico&#8221; &#8211; Artesanos de Patamban<\/strong><\/span><\/p>\n<p>11:00 horas<br \/>\n<span style=\"text-decoration: underline;\">Lugar<\/span>: Calzada Fray Antonio De San Miguel<br \/>\n<span style=\"text-decoration: underline;\">Boletos<\/span>: Evento Gratuito<\/p>\n<p><em>En la comunidad de Patamban, municipio de Tanganc\u00edcuaro, Michoac\u00e1n, el \u00faltimo domingo de octubre es tradici\u00f3n que los pobladores del lugar realicen una serie de festejos en honor a Cristo Rey, organiz\u00e1ndose para adornar las calles con un largo tapete de flores, aserr\u00edn y mucho colorido.<\/em><\/p>\n<h3>S\u00e1bado 13 de Noviembre 20:30 y Domingo 14 de Noviembre &#8211;\u00a0 13:00<\/h3>\n<p><span style=\"text-decoration: underline;\"><strong> &#8220;Camerata Salzburgo&#8221; &#8211; Concierto orquestal.<\/strong><\/span><\/p>\n<p><span style=\"text-decoration: underline;\">Lugar<\/span>: Teatro Morelos<br \/>\n<span style=\"text-decoration: underline;\">Boletos<\/span>: $330 \/ $220<\/p>\n<p>Director: Jan Bjoranger.<\/p>\n<p><em>En busca de la excelencia. Encontrar el tono correcto es para cada orador lo m\u00e1s esencial y hasta una obligaci\u00f3n, y lo mismo aplica para los m\u00fasicos. La coronaci\u00f3n, lo esencial y el desaf\u00edo comienzan m\u00e1s all\u00e1 de la interpretaci\u00f3n de lo que es visible en la partitura. S\u00f3lo aqu\u00ed se manifiesta realmente la m\u00fasica. Con este pensamiento inspir\u00f3 el violinista S\u00e1ndor V\u00e9gh al conjunto musical fundado en el a\u00f1o de 1952 por Bernhard Paumgartner y caracteriz\u00f3 la identidad estil\u00edstica de la Camerata Salzburg desde 1978 hasta su fallecimiento ocurrido en 1997. Lo sucedi\u00f3 Sir Roger Norrington, quien fue director en jefe de la Camerata Salzburg de 1997 hasta 2006 y quien sigue estando \u00edntimamente ligado como director de honor a la orquesta hasta la fecha.<\/em><\/p>\n<p><strong>Joseph Haydn<\/strong> (1732-1809)<br \/>\n&#8220;Sinfon\u00eda en Mi Bemol Mayor Hob. I:22, El Fil\u00f3sofo&#8221; (16\u2019)<br \/>\n1. Adagio<br \/>\n2. Presto<br \/>\n3. Menuetto<br \/>\n4. Finale. Presto<\/p>\n<p><strong>Carlos Ch\u00e1vez <\/strong>(1899-1978)<br \/>\n&#8220;Zarabanda de la Hija de C\u00f3lquide, para Orquesta de cuerdas&#8221; (05\u2019)<\/p>\n<p><strong>Gottfried von Einem<\/strong> (1918-1996)<br \/>\n&#8220;Concertino Car\u00edntico para doce Instrumentos de cuerdas&#8221; (12\u2019)<\/p>\n<p>Intermedio<\/p>\n<p><strong>Wolfgang Amadeus Mozart<\/strong> (1756-1791)<br \/>\n&#8220;Sinfon\u00eda No.40 en Sol Menor, Kv 550&#8221; (35\u2019)<br \/>\n1. Molto Allegro<br \/>\n2. Andante<br \/>\n3. Menuetto. Allegretto<br \/>\n4. Allegro Assai<\/p>\n<p><strong>Arnold Schoenberg<\/strong> (1874-1951)<br \/>\n&#8220;Valses para Orquesta de cuerdas&#8221; (15\u2019)<br \/>\n1. Kr\u00e4ftig<br \/>\n2. Nicht zu rasch<br \/>\n3. Etwas langsam<br \/>\n4. Etwas rasch<br \/>\n5. Rasch<br \/>\n6. [ohne Bezeichnung]<br \/>\n7. Kr\u00e4ftig<br \/>\n8. Getragen<br \/>\n9. Lebhaft<br \/>\n10. Nicht rasch<\/p>\n<p><strong>Joseph Haydn<\/strong> (1732-1809)<br \/>\n&#8220;Sinfon\u00eda en Do Mayor, Hob. I:63, La Roxelane&#8221; (20\u2019)<br \/>\n1. Allegro<br \/>\n2. Allegretto<br \/>\n3. Menuet. Allegretto<br \/>\n4. Finale. Presto (2\u00aa versi\u00f3n)<\/p>\n<p>Intermedio<\/p>\n<p><strong>Franz Schubert<\/strong> (1797-1828) (27\u2019)<br \/>\n&#8220;Sinfon\u00eda N\u00ba 5 En Si Bemol Mayor, D 485&#8221;<br \/>\n1. Allegro<br \/>\n2. Andante con moto<br \/>\n3. Menuetto. Allegro molto<br \/>\n4. Allegro vivace<\/p>\n<p><!--nextpage--><\/p>\n<h3>Domingo 14 de Noviembre<\/h3>\n<p><span style=\"text-decoration: underline;\"><strong>&#8220;Voz en Punto&#8221; &#8211; &#8220;M\u00e9xico a Capella&#8221;<\/strong> <em><strong>Programa Bicentenario<\/strong><\/em><\/span><\/p>\n<p>19:00 horas<br \/>\n<span style=\"text-decoration: underline;\">Lugar<\/span>: Plaza de Armas<br \/>\n<span style=\"text-decoration: underline;\">Boletos:<\/span> Evento Gratuito<\/p>\n<p><em>Integrado por Jos\u00e9 Galv\u00e1n Casta\u00f1eda, Sonia Sol\u00f3rzano, Suomi Sol\u00f3rzano, Vanessa Mill\u00e1n, Luis Giolando Mart\u00ednez y Santiago Men\u00e9ndez, el ensamble vocal Voz en Punto ofrecer\u00e1 una original propuesta musical a capella en cuyo centro se encuentra la espl\u00e9ndida cultura de M\u00e9xico, Voz en Punto es actualmente el ensamble vocal con la m\u00e1s brillante trayectoria internacional en la historia de la m\u00fasica mexicana.<\/em><\/p>\n<p><em>Fue hace 20 a\u00f1os cuando Voz en Punto irrumpi\u00f3 en los escenarios impresionando a un p\u00fablico\u00a0 que con su canto quedaba \u201cextasiado, enloquecido y delirante\u2026\u201d como dan testimonio las emocionantes cr\u00edticas de prensa publicadas alrededor del mundo. Con un repertorio que va desde m\u00fasica virreinal y en lenguas ind\u00edgenas, hasta folklore, m\u00fasica tradicional y contempor\u00e1nea de M\u00e9xico, Voz en Punto ha logrado un arte verdaderamente universal, derribando las m\u00e1s diversas barreras entre lo acad\u00e9mico y lo popular, conquistando as\u00ed las salas de concierto y los m\u00e1s prestigiados escenarios a trav\u00e9s de su muy particular expresi\u00f3n\u00a0 del canto a capella, utilizando todos los recursos que posee el m\u00e1s maravilloso instrumento con que el ser humano ha contado desde siempre: La Voz.<\/em><\/p>\n<p><span style=\"text-decoration: underline;\">Programa:<\/span><\/p>\n<p>Juan Ara\u00f1\u00e9s &#8220;Chacona&#8221;<br \/>\nHernando Franco\u00a0 &#8220;Sancta Mar\u00eda&#8221;, &#8220;Dios Itlaconantzin\u00e9&#8221;<br \/>\nAntonio\u00a0 Salazar &#8220;Tarara yo soy Anton&#8221;<br \/>\nJuan Garc\u00eda C\u00e9spedes &#8220;Convidando est\u00e1 la noche&#8221;<br \/>\nBlas Galindo &#8220;Arrullo&#8221;<br \/>\nJos\u00e9 Castilla &#8220;Plegaria Guadalupana&#8221;<br \/>\nDos Pirecuas &#8220;Male Betulia&#8221;<br \/>\nJucheti Consuelito &#8220;Dos Sones Jarochos&#8221;,\u00a0 &#8220;La Bruja&#8221;, &#8220;El Tilingolingo&#8221;<\/p>\n<p>Intermedio<\/p>\n<p>Roberto Sierra &#8220;El Viajero&#8221;<br \/>\nPepe Gu\u00edzar\u00a0 &#8220;Como M\u00e9xico no hay dos&#8221;<br \/>\n\u00c1lvaro Carrillo &#8220;El Andariego&#8221;<br \/>\nConsuelo Vel\u00e1zquez &#8220;B\u00e9same mucho&#8221;<br \/>\nValeriano Trejo &#8220;Tata Dios&#8221;<br \/>\nSon jalisciense &#8220;La Negra&#8221;<br \/>\nJes\u00fas Palacios &#8220;Copitas de mezcal&#8221;<br \/>\nRub\u00e9n Fuentes &#8220;Qu\u00e9 bonita es mi tierra&#8221;.<\/p>\n<h3>Domingo 14 de Noviembre<\/h3>\n<p><strong><span style=\"text-decoration: underline;\">&#8220;Schweizer Kammerchor&#8221; &#8211; Concierto Coral (Coro Suizo de C\u00e1mara) <\/span><\/strong><\/p>\n<p>20:30 horas<br \/>\n<span style=\"text-decoration: underline;\">Lugar<\/span>: Palacio Dde Gobierno<br \/>\n<span style=\"text-decoration: underline;\">Boletos<\/span>: $280<\/p>\n<p><span style=\"text-decoration: underline;\">Piano<\/span>: Manfred Kratzer<br \/>\n<span style=\"text-decoration: underline;\">Director<\/span>: Werner Pfaff.<\/p>\n<p><em>El Kammerchor fue fundado en 1997 bajo la iniciativa de Fritz N\u00e4f y la Tonhalle Orquesta de Zurich. Se consagra particularmente a la m\u00fasica coral sinf\u00f3nica y las obras a cappella de los siglos 17 al 21. A nivel internacional, la Coral ha colaborado con directores reconocidos tal como David Zinman, Director Tonhalle Orchestra, Claudio Abbado, Herbert Blomstedt, Ivor Bolton, Pierre Boulez, Frans Br\u00fcggen, Sir Colin Davis, Eric Ericson, Ton Koopman, Kurt Masur, Sir Simon Rattle, Gennady Rozhdestvensky o Wolfgang Sawallisch. El Coro particip\u00f3 en varias producciones de CDs que ganaron premios y ha visitado muchos pa\u00edses de Europa y de Asia. <\/em><\/p>\n<p><strong>Claudio Monteverd<\/strong>i (1567-1643)<br \/>\n&#8220;De Segundo Libro De Madrigales&#8221;<br \/>\nEcco mormorar l\u2019onde,\u00a0 para cinco voces a cappella\u00a0 (04\u2019)<\/p>\n<p><strong>Fernando Carrasco<\/strong> (1953)<br \/>\n&#8220;Tres Obras Corales Para Coro Mixto A Cappella&#8221; (07\u00b4)<\/p>\n<p><strong>Ren\u00e9 Wohlhauser<\/strong> (1954)<br \/>\n&#8220;Masona, para Coro Mixto de Diecis\u00e9s Voces A Cappella&#8221; (08\u00b4)<\/p>\n<p><strong>Gy\u00f6rgy Ligeti<\/strong> (1923-2006)<br \/>\n&#8220;Noche y D\u00eda, Para Coro Mixto&#8221; (04\u00b4)<\/p>\n<p><strong>Frank Martin<\/strong> (1890-1974)<br \/>\n&#8220;De Misa para Coro Doble A Cappella&#8221; (1922)<br \/>\nKyrie\u00a0 (05\u2019)<br \/>\nGloria (06\u2019)<\/p>\n<p>Intermedio<br \/>\n<strong><br \/>\nFranz\u00a0 Schubert<\/strong> (1797-1828)<br \/>\n&#8220;St\u00e4ndchen, para Contralto Solista, Coro Masculino y Piano&#8221; (05\u2019)<\/p>\n<p><strong>Robert Schumann<\/strong> (1810-1856)<br \/>\n&#8220;De Romanzas, Op. 69&#8221;<br \/>\nN\u00ba 6: Die Kapelle, para coro femenino y piano\u00a0 (03\u2019)<br \/>\nN\u00ba 2: Waldm\u00e4dchen, para cuatro voces femeninas y piano (02\u2019)<br \/>\nN\u00ba 4: Soldatenbraut, para coro femenino y piano\u00a0 (02\u2019)<\/p>\n<p><strong>Johannes Brahms<\/strong> (1833-1897)<br \/>\n&#8220;Cuatro Cuartetos Op. 92, Para Cuatro Voces Mixtas y Piano&#8221; (12\u2019)<br \/>\n1. O Sch\u00f6ne Nacht (Georg Friedrich Daumer)<br \/>\n2. Sp\u00e4therbst (Hermann Allmers)<br \/>\n3. Abendlied (Friedrich Hebbel)<br \/>\n4. Warum? (Johann Wolfgang von Goethe)<\/p>\n<p><strong>Gioacchino Rossini<\/strong> (1792-1868)<br \/>\n&#8220;La Passegiata, Para Coro Mixto y Piano&#8221; (05\u2019)<\/p>\n<h3>Lunes 15 de Noviembre<\/h3>\n<p><span style=\"text-decoration: underline;\"><strong>&#8220;Schweizer Kammerchor&#8221; &#8211; Concierto coral (Grupo Coral Suizo). <\/strong><\/span><\/p>\n<p>13:00 horas<br \/>\n<span style=\"text-decoration: underline;\">Lugar<\/span>: Catedral Metropolitana De Morelia<br \/>\n<span style=\"text-decoration: underline;\">Precio<\/span>: $280<\/p>\n<p><span style=\"text-decoration: underline;\">\u00d3rgano<\/span>: Manfred Kratzer<br \/>\n<span style=\"text-decoration: underline;\">Director<\/span>: Werner Pfaff<\/p>\n<p><em>El Kammerchor fue fundado en 1997 bajo la iniciativa de Fritz N\u00e4f y la Tonhalle Orquesta de Zurich. Se consagra particularmente a la m\u00fasica coral sinf\u00f3nica y las obras a cappella de los siglos 17 al 21. A nivel internacional, la Coral ha colaborado con directores reconocidos tal como David Zinman, Director Tonhalle Orchestra, Claudio Abbado, Herbert Blomstedt, Ivor Bolton, Pierre Boulez, Frans Br\u00fcggen, Sir Colin Davis, Eric Ericson, Ton Koopman, Kurt Masur, Sir Simon Rattle, Gennady Rozhdestvensky o Wolfgang Sawallisch. El Coro particip\u00f3 en varias producciones de CDs que ganaron premios y ha visitado muchos pa\u00edses de Europa y de Asia. <\/em><\/p>\n<p><strong>Heinrich Sch\u00fctz<\/strong> (1585-1672)<br \/>\n&#8220;Also Hat Gott Die Welt Geliebt, Swv 380, Motete Para Coro Mixto&#8221; (03\u2019)<\/p>\n<p><strong>Johann Sebastian Bach<\/strong> (1685-1750)<br \/>\n&#8220;Komm Jesu Komm,\u00a0 Bwv 229, Motete para Ocho Voces A Cappella&#8221; (08\u2019)<\/p>\n<p><!--nextpage--><strong><br \/>\nAnton Bruckner <\/strong>(1824-1896)<br \/>\n&#8220;Ave Maria, Motete Para Coro Mixto A Cappella&#8221; (04\u2019)<br \/>\n<strong><br \/>\nRudolf Kelterborn<\/strong> (1931)<br \/>\n&#8220;Tres Canciones Sacras, para Coro Mixto de Siete Voces A Cappella&#8221; (08\u2019)<\/p>\n<p>Intermedio<\/p>\n<p><strong>Miguel Bernal Jim\u00e9nez<\/strong> (1910-1956)<br \/>\nTe Deum Jubilar, para\u00a0 Coro Mixto a Tres Partes y \u00d3rgano (12\u2019)<\/p>\n<p><strong>Manuel Maria Ponce<\/strong> (1882-1948)<br \/>\n&#8220;Ave Gratia Plena, para Coro Mixto y \u00d3rgano&#8221; (02\u2019)<\/p>\n<p><strong>Alfredo Carrasco Candil<\/strong> (1875-1945)<br \/>\n&#8220;Ave Maria, para Coro Mixto y \u00d3rgano&#8221; (03\u2019)<\/p>\n<p><strong>Frank Martin<\/strong> (1890-1974)<br \/>\n&#8220;De Misa para Coro Doble A Cappella&#8221; (1922)<br \/>\nKyrie\u00a0 (05\u2019)<br \/>\nGloria (06\u2019)<br \/>\nAgnus Dei (05\u2019)<\/p>\n<h3>Martes 16 de Noviembre<\/h3>\n<p><span style=\"text-decoration: underline;\"><strong>&#8220;Capilla Virreinal de Santa Rosa&#8221; <\/strong><\/span><\/p>\n<p><span style=\"text-decoration: underline;\">Concierto de M\u00fasica Virreinal sobre fondos del Archivo Hist\u00f3rico del Conservatorio <\/span><\/p>\n<p>20:30<br \/>\n<span style=\"text-decoration: underline;\">Lugar<\/span>: Templo De San Diego<br \/>\n<span style=\"text-decoration: underline;\">Boletos<\/span>: $220<\/p>\n<p>Taller de M\u00fasica Antigua, Dir. Ignacio Mart\u00ednez<br \/>\nCoral de las Rosas, Dir. Ernesto Garc\u00eda Velasco<\/p>\n<p>Coordinador de la C\u00e1tedra de Direcci\u00f3n Coral: Maestro Manuel Torres Cosio<br \/>\nEstudiantes y maestros destacados del Conservatorio de las Rosas<\/p>\n<p><strong><span style=\"text-decoration: underline;\">Artistas invitados<\/span><\/strong>: <strong>Ensamble Tiranni Splendori<\/strong><br \/>\nAna\u00ed Gonz\u00e1lez Sim\u00f3n, soprano<br \/>\nAlejandro Cardozo Garc\u00eda, Viola da Gamba y Flauta de pico<br \/>\nC\u00e9sar Romero Benavides, Teorba y Guitarra Barroca<br \/>\nRoberto Gonz\u00e1lez L\u00f3pez, Guitarra Barroca.<br \/>\nErnesto Garc\u00eda Velasco, director concertador<br \/>\nEdgar Calder\u00f3n, investigaci\u00f3n y coordinaci\u00f3n del proyecto.<\/p>\n<p><em>&#8220;La musicolog\u00eda en M\u00e9xico tuvo uno de sus m\u00e1s importantes impulsos  cuando el distinguido compositor y music\u00f3logo michoacano Miguel Bernal  Jim\u00e9nez publicara en 1939 El Archivo Musical del Colegio de Santa Rosa  Mar\u00eda de Valladolid, poniendo al alcance p\u00fablico la existencia de uno de  los m\u00e1s importantes tesoros musicales del \u00e1mbito novohispano en el  siglo XVIII, adem\u00e1s de ofrecer una lista pormenorizada de las obras que  se contienen en tan preciado acervo.<\/em><\/p>\n<p><strong>Hernando Franco<\/strong> (1532-1585)<br \/>\n&#8220;Circumdederunt Me (I) (Ii), Regem Cui Omnia del Oficio de Difuntos&#8221; (03\u2019)<br \/>\nTranscripci\u00f3n de Javier Mar\u00edn<\/p>\n<p><strong>Fco. Xavier Ort\u00edz de Alcal\u00e1<\/strong> (\u00bf?-1763) (05\u2019)<br \/>\n&#8220;Cantad Nuevas Glorias, Villancico A 4&#8221;<br \/>\nTranscripci\u00f3n de Mercedes de Le\u00f3n<\/p>\n<p><strong>Gregorio Remacha<\/strong> (fl. 1715-1754)<br \/>\n&#8220;Venid Al Combite, Villancico A 4 Con Violines&#8221; (10\u2019)<br \/>\nTranscripci\u00f3n de Edgar A. Calder\u00f3n Alc\u00e1ntar<\/p>\n<p><strong>Ignacio de Jerusalem<\/strong> (1707-1769)<br \/>\n&#8220;A La Milagrosa Escuela&#8221; (07\u2019)<\/p>\n<p><strong>Gregorio Remacha<\/strong> (fl. 1715-1754)<br \/>\n&#8220;Al Eco Sonoro, Villancico Al Sant\u00edsimo A 8&#8221; (12\u2019)<br \/>\nTranscripci\u00f3n de Edgar A. Calder\u00f3n Alc\u00e1ntar<\/p>\n<p><strong>Jos\u00e9 de Nebra<\/strong> (1702-1768)<br \/>\n&#8220;Al Arma Discurso, Villancico A 8 Con Violines&#8221; (10\u2019)<br \/>\nTranscripci\u00f3n de Edgar A. Calder\u00f3n Alc\u00e1ntar<\/p>\n<h3>Mi\u00e9rcoles 17 de Noviembre<\/h3>\n<p><strong><span style=\"text-decoration: underline;\">&#8220;Ken Vandermark&#8221; &#8211; Concierto de Jazz<\/span><\/strong><\/p>\n<p>20:30<br \/>\n<span style=\"text-decoration: underline;\">Lugar<\/span>: Casa De La Cultura<br \/>\n<span style=\"text-decoration: underline;\">Boletos<\/span>: Evento Gratuito<\/p>\n<p>Vandermark 5<br \/>\nBater\u00eda: Tim Daysy,<br \/>\nBajo Ac\u00fastico: Ken Kessler,<br \/>\nCello: Fred Lonberg-Holm,<br \/>\nSaxof\u00f3n: Dave Rempis,<br \/>\nSaxof\u00f3n y Clarinete: Ken Vandermark.<\/p>\n<p><em>Ken Vandermark naci\u00f3 el 22 septiembre de 1964 en Warwick, Rhode Island, USA; saxo  tenor, clarinete bajo Bb clarinete, saxo bar\u00edtono; Licenciatura en Cine  y Comunicaci\u00f3n de la Universidad McGill, Montreal, 1986.<\/em><\/p>\n<p>(Fuente http:\/\/www.apoloybaco.com\/kenvandermarkbiografia.htm) :<br \/>\n<em>El saxofonista Ken Vandermark es una de las razones por la que Chicago ha ganado la delantera a Nueva York como capital del jazz avanzado. Creativo, original, explosivo y arraigado en las fuentes de la mejor tradici\u00f3n jazzistica, Vandermark es uno de los grandes instrumentistas del jazz del Siglo XXI. Circunvalando el be-bop, la banda liderada por Ken Vandermark es uno de los grupos fundamentales en la construcci\u00f3n del jazz de nuestros d\u00edas. El grupo practica una m\u00fasica que partiendo de su caudal solista de alto voltaje puede tan pronto calar en el cool jazz, en el desbordamiento free, o en el funk con sus dedicatorias a maestros presentes y pasados del contin\u00faa jazz\u00edstico y las artes visuales, campo en el que comenz\u00f3 su l\u00edder. Contundente, comprometida y ferozmente individual, la m\u00fasica de Vandermark bombea directamente desde el coraz\u00f3n del jazz actual y, como ninguna otra, sedimenta para el futuro.<\/em><\/p>\n<p>Duraci\u00f3n aproximada: 75 minutos.<\/p>\n<p>Fables Of Facts<br \/>\nLocation<br \/>\nWhether<br \/>\nLeap Revisited<br \/>\nSecons Phase.<\/p>\n<h3>Jueves 18 de Noviembre<\/h3>\n<p><strong><span style=\"text-decoration: underline;\">&#8220;Ensamble Signos&#8221; &#8211; Concierto de c\u00e1mara M\u00fasica Iberoamericana <\/span><\/strong><\/p>\n<p>20:30<br \/>\n<span style=\"text-decoration: underline;\">Lugar<\/span>: Palacio Municipal<br \/>\n<span style=\"text-decoration: underline;\">Boletos<\/span>: $220<\/p>\n<p>Flauta y Director Art\u00edstico: \u00d3scar Romano,<br \/>\nClarinete: Luis Mora,<br \/>\nViol\u00edn: Pawel Sliwinski,<br \/>\nViolonchelo: Fabiola Flores,<br \/>\nContrabajo: Alexei Diorditsa.<\/p>\n<p><!--nextpage--><\/p>\n<p><em>El Ensamble Signos es un proyecto art\u00edstico enfocado a propiciar la creaci\u00f3n e interpretaci\u00f3n musical mediante la exploraci\u00f3n y desarrollo de una singular e interesante combinaci\u00f3n instrumental de alientos y cuerdas: un quinteto mixto integrado por: flauta, clarinete,viol\u00edn, violoncelo, contrabajo.<\/em><\/p>\n<p><em>El Ensamble Signos posee un repertorio propio de transcripciones y obras originales dedicadas al grupo. Las transcripciones proponen una nueva sonoridad en los diferentes estilos musicales y ofrecen a las obras un componente adicional al hecho de su interpretaci\u00f3n. Las obras escritas para Signos resultan de la colaboraci\u00f3n con compositores contempor\u00e1neos, estando el proyecto abierto a lenguajes musicales de vanguardia y tradicionales, as\u00ed como a expresiones de ra\u00edz popular. Desde su fundaci\u00f3n en 1997 el Ensamble Signos ha consolidado su perfil art\u00edstico teniendo como objetivo primordial el logro de resultados distintivos que aporten un material de inter\u00e9s dentro de la expresi\u00f3n musical. <\/em><\/p>\n<p><strong>Miguel Bernal Jim\u00e9nez<\/strong> (1910-1956)<br \/>\n&#8220;Carteles&#8221;<strong>*<\/strong> (12\u2019)<br \/>\n1.- Volant\u00edn<br \/>\n2.- Danza Maya<br \/>\n3.- Noche<br \/>\n4.- Huarache<br \/>\n5.- Sandunga<br \/>\n6.- Pordioseros<br \/>\n7.- Hechicer\u00eda<br \/>\n8.- Parangaricutirimicuaro<\/p>\n<p><strong>Charles Daniels <\/strong>(1985)<br \/>\n&#8220;\u00cdo&#8221; (10\u2019)<\/p>\n<p><strong>Eduardo Angulo<\/strong> (1954)<br \/>\n&#8220;Tenues Invocaciones&#8221;<strong>**<\/strong> (11\u2019)<br \/>\n1. Lento<br \/>\n2. Marcado<br \/>\n3. Un poco menos r\u00e1pido<br \/>\n4. Alegre y gracioso<\/p>\n<p>Intermedio<\/p>\n<p><strong>Alberto Ginastera<\/strong> (1916-1983)<br \/>\n&#8220;Pampeana N\u00ba 2, Op. 21&#8221; (Rapsodia para Violoncello)* (9\u2019)<br \/>\n1. Lento y rubato<br \/>\n2. Allegro<br \/>\n3. Lento y exaltado<br \/>\n4. Alegre vivace<\/p>\n<p><strong>Heitor Villa-Lobos <\/strong>(1887-1959)<br \/>\n&#8220;Tres Piezas&#8221;*\u00a0 (14\u2019)<br \/>\n1. Preludio No. 1 \u2013 Andantino espressivo<br \/>\n2. Preludio No. 5 \u2013 Poco animato<br \/>\n3. Choro No. 1<\/p>\n<p><strong>Ernesto Lecuona<\/strong> (1895-1963)<br \/>\n&#8220;Danzas Afro-Cubanas&#8221;* (9\u2019)<br \/>\n1. La conga de medianoche<br \/>\n2. La comparsa<br \/>\n3. \u2026 y la negra bailaba<\/p>\n<p><strong>* <\/strong>Transcripciones: Oscar Romano<br \/>\n<strong>** <\/strong>Obra resultante del proyecto \u201cSignos &#8211; M\u00fasica mexicana hacia finales del siglo XX\u201d, realizado con el Premio \u00fanico del \u201cV Concurso para ensambles de c\u00e1mara\u201d UNAM 1998.<\/p>\n<h3>Viernes 19 de Noviembre<\/h3>\n<p><span style=\"text-decoration: underline;\"><strong>Concierto de C\u00e1mara &#8220;Cuarteto Talich&#8221; <\/strong><\/span><\/p>\n<p>20:30 horas<br \/>\n<span style=\"text-decoration: underline;\">Lugar<\/span>: Palacio Municipal<br \/>\n<span style=\"text-decoration: underline;\">Boletos<\/span>: $220<\/p>\n<p>Viol\u00edn Antonio Stradivari (1729): Jan Talich<br \/>\nViol\u00edn Francesco Rugby (1694): Petr Macecek,<br \/>\nViola Guadagnini Lorenzo (1740): Vladimir Bukac,<br \/>\nCello Grancino Giovanni (1710): Petr Prause.<\/p>\n<p><em>El Cuarteto Talich, que ha sido considerado durante muchos a\u00f1os como uno de los cuartetos m\u00e1s finos del mundo de cadena, representa el arte checo musicales por toda Europa, Am\u00e9rica y Extremo Oriente.<br \/>\nEl cuarteto fue fundado en 1964 por Jan Talich sr. durante sus estudios en el Conservatorio de Praga, siendo \u00e9l mismo el sobrino del director de orquesta de renombre jefe de la Orquesta Filarm\u00f3nica Checa, Vaclav Talich, quien fue nombrado el cuarteto despu\u00e9s. Desde el principio el cuarteto (P. Messiereur, J. Kvapil, J. Talich, E. Rattay) gan\u00f3 r\u00e1pidamente una posici\u00f3n importante entre los cuartetos de l\u00edder en el mundo. En el CD que ha grabado, entre otras, las obras completas de WA Mozart y Beethoven L.van, y han recibido numerosos premios internacionales, incluido el Diapasson d&#8217;Or, el Grand Prix du Disque, Diapasson du Si\u00e9cle, Disque de Oro de Supraphon, etc<\/em>.<\/p>\n<p><strong>Ludwig van Beethoven (<\/strong>1770-1827)<br \/>\n&#8220;Cuarteto En Si Bemol Mayor Op. 18 N\u00ba 6, La Malinconia&#8221; (25\u2019)<br \/>\n1. Allegro con brio<br \/>\n2. Adagio ma non troppo<br \/>\n3. Scherzo. Allegro<br \/>\n4. \u201cLa malinconia\u201d: Adagio \u2013 Allegretto quasi Allegro<\/p>\n<p><strong>Bedrich Smetana<\/strong> (1824-1884)<br \/>\n&#8220;Cuarteto N\u00ba 2 En Re Menor&#8221; (20\u2019)<br \/>\n1. Allegro<br \/>\n2. Allegro moderato<br \/>\n3. Allegro non pi\u00f9 moderato, ma agitato e con fuoco<br \/>\n4. Presto<\/p>\n<p>Intermedio<\/p>\n<p><strong>Mario Lavista<\/strong> (1943)<br \/>\n&#8220;Reflejos De La Noche&#8221; (11\u2019)<\/p>\n<p><strong>Franz Schubert<\/strong> (1797-1828)<br \/>\n&#8220;Cuarteto en La Menor Op. 29 N\u00ba 1, D 804, Rosamunde&#8221; (33\u2019)<br \/>\n1. Allegro ma non troppo<br \/>\n2. Andante<br \/>\n3. Menuetto. Allegretto \u2013 Trio<br \/>\n4. Allegro moderato<\/p>\n<h3>S\u00e1bado 20 de Noviembre<\/h3>\n<p><span style=\"text-decoration: underline;\"><strong>&#8220;Concierto Espect\u00e1culo Bicentenario&#8221;<\/strong><\/span> <em> <\/em><br \/>\n<em>Espect\u00e1culo sobre el Centenario de la Revoluci\u00f3n Mexicana<\/em><\/p>\n<p><span style=\"text-decoration: underline;\"><strong>Eugenia Le\u00f3n \/ Orquesta Filarm\u00f3nica De Acapulco \/ Mariachi Ordaz \/ Director Mtro. Eduardo \u00c1lvarez <\/strong><\/span><\/p>\n<p>20:00 horas<br \/>\n<span style=\"text-decoration: underline;\">Lugar<\/span>: Plaza Valladolid<br \/>\n<span style=\"text-decoration: underline;\">Boletos<\/span>: Evento Gratuito<\/p>\n<p><em><strong>Eugenia Le\u00f3n:<\/strong><\/em><br \/>\n<em>\u201cEn cada uno de nosotros, cuando la escuchamos, la acci\u00f3n ben\u00e9fica de Eugenia Le\u00f3n auspicia el redescubrimiento de la capacidad de gozo\u2026 Viajero, detente: has llegado a la regi\u00f3n m\u00e1s transparente del canto\u201d.\u00a0 Jos\u00e9 Antonio Alcaraz . <\/em><\/p>\n<p><!--nextpage--><em>Cantante universal de ra\u00edces mexicanas, Eugenia Le\u00f3n inicia su carrera musical en los a\u00f1os 70 cantando con grupos de j\u00f3venes estudiantes que buscaban en la m\u00fasica latinoamericana y las canciones de protesta un espacio para su rebeld\u00eda. Desde sus inicios Eugenia se define como una cantante comprometida con la gente y sus causas. <\/em><\/p>\n<p><strong>Orquesta Filarm\u00f3nica de Acapulco, Dir. Mtro. Eduardo \u00c1lvarez <\/strong><\/p>\n<p>La Cama de Piedra<br \/>\nCarabina 30-30<br \/>\nLa Rielera<br \/>\nLa Cautela<br \/>\nBola Suriana de Zapata<br \/>\nLa Adelita<br \/>\nLa C\u00e1rcel de Cananea<br \/>\nEl Canto del Bracero<br \/>\nCorrido de Francisco Villa<br \/>\nLas Soldaderas<br \/>\nSolicitando Parcela<br \/>\nDos Palomas al Volar<br \/>\nSol Redondo<br \/>\nCorrido de la Revoluci\u00f3n<br \/>\nPu\u00f1o de Tierra<br \/>\nLa Paloma<br \/>\nCanci\u00f3n Mixteca<br \/>\nEl Caballo Blanco<\/p>\n<h3>Domingo 21 de Noviembre<\/h3>\n<p><span style=\"text-decoration: underline;\"><strong>&#8220;Concierto de C\u00e1mara&#8221; &#8211; Cuarteto Talich <\/strong><\/span><\/p>\n<p>13:00 horas<br \/>\n<span style=\"text-decoration: underline;\">Lugar<\/span>: Unidad Acad\u00e9mica Cultural de la Unam C. Morelia<br \/>\n<span style=\"text-decoration: underline;\">Boleto<\/span>s: $220<\/p>\n<p>Viol\u00edn Antonio Stradivari (1729): Jan Talich<br \/>\nViol\u00edn Francesco Rugby (1694): Petr Macecek,<br \/>\nViola Guadagnini Lorenzo (1740): Vladimir Bukac,<br \/>\nCello Grancino Giovanni (1710): Petr Prause.<\/p>\n<p><em>El Cuarteto Talich, que ha sido considerado durante muchos a\u00f1os como uno de los cuartetos m\u00e1s finos del mundo de cadena, representa el arte checo musicales por toda Europa, Am\u00e9rica y Extremo Oriente.<br \/>\nEl cuarteto fue fundado en 1964 por Jan Talich sr. durante sus estudios en el Conservatorio de Praga, siendo \u00e9l mismo el sobrino del director de orquesta de renombre jefe de la Orquesta Filarm\u00f3nica Checa, Vaclav Talich, quien fue nombrado el cuarteto despu\u00e9s. Desde el principio el cuarteto (P. Messiereur, J. Kvapil, J. Talich, E. Rattay) gan\u00f3 r\u00e1pidamente una posici\u00f3n importante entre los cuartetos de l\u00edder en el mundo. En el CD que ha grabado, entre otras, las obras completas de WA Mozart y Beethoven L.van, y han recibido numerosos premios internacionales, incluido el Diapasson d&#8217;Or, el Grand Prix du Disque, Diapasson du Si\u00e9cle, Disque de Oro de Supraphon, etc.<\/em><\/p>\n<p><strong>Wolfgang Amadeus Mozart<\/strong> (1756-1791)<br \/>\n&#8220;Cuarteto en Fa Mayor, K 590&#8221; (27\u2019)<br \/>\n1. Allegro moderato<br \/>\n2. Allegretto<br \/>\n3. Menuetto. Allegretto<br \/>\n4. Allegro<\/p>\n<p><strong>Leos Janac\u00e9k<\/strong> (1854-1928)<br \/>\n&#8220;Cuarteto De Cuerdas N\u00ba 1, Sonata A Kreutzer&#8221; (19\u2019)<br \/>\n1. Adagio \u2013 Con moto<br \/>\n2. Con moto<br \/>\n3. Con moto \u2013 Vivo \u2013 Andante<br \/>\n4. Con moto \u2013 (Adagio) \u2013 Pi\u00f9 mosso<\/p>\n<p>Intermedio<br \/>\n<strong><br \/>\nJavier \u00c1lvarez<\/strong> (1956)<br \/>\n&#8220;Metro Chabacano&#8221; (7\u2019)<\/p>\n<p><strong>Antonin Dvor\u00e1k <\/strong>(1841-1904)<br \/>\n&#8220;Cuarteto N\u00ba 13 En Sol Mayor, Op. 106&#8221; (40\u2019)<br \/>\n1. Allegro moderato<br \/>\n2. Adagio ma non troppo<br \/>\n3. Molto vivace<br \/>\n4. Andante sostenuto \u2013 Allegro con fuoco<\/p>\n<h3>Domingo 21 de Noviembre<\/h3>\n<p><span style=\"text-decoration: underline;\"><strong>&#8220;Periplum&#8221; &#8211; La Campana<\/strong><\/span> (Espect\u00e1culo De Teatro Callejero)<\/p>\n<p>19:00 horas<br \/>\n<span style=\"text-decoration: underline;\">Lugar<\/span>: Plaza Valladolid<br \/>\n<span style=\"text-decoration: underline;\">Boletos<\/span>: Evento Gratuito<\/p>\n<p>Formado en 1999 por los Directores Art\u00edsticos Claire Raftery y Damian Wright, Periplum es una compa\u00f1\u00eda de teatro dcon sede en el Reino Unido. En colaboraci\u00f3n con compositores, dise\u00f1adores, ingenieros y pirot\u00e9cnicos, Periplum ofrece espect\u00e1culos de calle altamente visuales y dram\u00e1ticos con contenidos hist\u00f3ricos socialmente significativos y emocionalmente explosivos para todos los sentidos.<\/p>\n<p>&#8220;La Campana&#8221; es un espect\u00e1culo de guerra y fuego que cuenta la historia de un clan guerrero que en un pasado remoto fue atacado por sus enemigos devastando su vida y empuj\u00e1ndolos a escoger entre la venganza y el perd\u00f3n que les permita la prosperidad de su pueblo.<\/p>\n<h3>Lunes 22 de Noviembre<\/h3>\n<p><span style=\"text-decoration: underline;\"><strong>Heriberto Cruz Cornejo<\/strong><\/span>, <strong>Piano <\/strong><br \/>\n<strong><span style=\"text-decoration: underline;\">Recital del Ganador del Concurso de Interpretaci\u00f3n del Conservatorio de las Rosas <\/span><\/strong><\/p>\n<p>18:00 horas<br \/>\n<span style=\"text-decoration: underline;\">Lugar<\/span>: Sala De Ni\u00f1os Cantores<br \/>\n<span style=\"text-decoration: underline;\">Boletos<\/span>: Evento Gratuito<\/p>\n<p><em>Heriberto Cruz Cornejo naci\u00f3 en Morelia Michoac\u00e1n en 1986. De ni\u00f1o estudi\u00f3 teclado con el Prof. Ramiro Guti\u00e9rrez Aguilar y con el Bio. Jes\u00fas Guti\u00e9rrez Aguilar. Tras unos meses de estudio con Ma. De la Luz Ortiz ingres\u00f3 a La Escuela Popular de Bellas Artes, donde inici\u00f3 sus estudios formales de piano con el Maestro. Eduardo Montes y Arroyo. All\u00ed mismo pudo estudiar historia de la m\u00fasica con el Maestro Felipe de Jes\u00fas S\u00e1nchez Padilla y Entrenamiento auditivo con el Maestro Manuel Torres. Cuatro a\u00f1os despu\u00e9s ingres\u00f3 al Conservatorio de Las Rosas, donde actualmente estudia piano con el Maestro. Cuauht\u00e9moc Trejo y M\u00fasica de C\u00e1mara con la\u00a0 Maestra Caroline Grivellaro. En mayo de 2008 obtuvo junto con la pianista Xochiqu\u00e9tzal L\u00f3pez Hern\u00e1ndez el segundo lugar en el Primer Concurso de M\u00fasica de C\u00e1mara del Conservatorio de las Rosas y en mayo de 2010 obtuvo el primer lugar en el Quinto Concurso de interpretaci\u00f3n del Conservatorio de las Rosas.<\/em><br \/>\n<strong><br \/>\nJohann Sebastian Bach<\/strong> (1685-1750)<br \/>\n&#8220;Concierto Italiano&#8221; (12\u2019)<br \/>\n1. Allegro<br \/>\n2. Andante<br \/>\n3. Presto<\/p>\n<p><strong>Ludwig van Beethoven<\/strong> (1770-1827)<br \/>\n&#8220;Sonata Para Piano N\u00ba 17 En Re Menor, Op. 31, No. 2, La Tempestad&#8221; (22\u2019)<br \/>\n1. Largo\u2014 Allegro<br \/>\n2. Adagio<br \/>\n3. Allegretto<\/p>\n<p><!--nextpage--><\/p>\n<p><strong>Horacio Uribe<\/strong> (1970)<br \/>\n&#8220;Tres Miniaturas Para Piano&#8221; (5\u2019)<br \/>\n1. Membranza<br \/>\n2. Campanas<br \/>\n3. Libre vuelo<\/p>\n<p><strong>Frederic Mompou<\/strong> (1893-1987)<br \/>\n&#8220;Variaciones Sobre Un Tema De Chopin&#8221; (15\u2019)<br \/>\n1. Tema\u00a0 (Preludio en la mayor de Fr\u00e9d\u00e9ric Chopin)<br \/>\n2. Tranquilo e molto amabile<br \/>\n3. Gracioso (para la mano izquierda)<br \/>\n4. Espresivo<br \/>\n5. Tempo di mazurka<br \/>\n6. Allegro leggiero<br \/>\n7. Andante dolce e espressivo<br \/>\n8. Galope y ep\u00edlogo<\/p>\n<p><strong>Claude Debussy<\/strong> (1862-1918)<br \/>\n&#8220;Suite Pour Le Piano&#8221; (10\u2019)<br \/>\n1. Pr\u00e9lude<br \/>\n2. Sarabande<br \/>\n3. Toccata<\/p>\n<h3>Lunes 22 de Noviembre<\/h3>\n<p><span style=\"text-decoration: underline;\"><strong>&#8220;Nueva M\u00fasica D\u00fao&#8221; &#8211; Recital de C\u00e1mara de Viol\u00edn y Piano <\/strong><\/span><\/p>\n<p>20:30 horas<br \/>\n<span style=\"text-decoration: underline;\">Lugar<\/span>: Templo De Las Rosas<br \/>\n<span style=\"text-decoration: underline;\">Boletos<\/span>: $160<\/p>\n<p>Viol\u00edn: Miguel \u00c1ngel Garc\u00eda,<br \/>\nPiano: Jos\u00e9 Luis Hurtado.<\/p>\n<p><em>&#8220;Nueva M\u00fasica D\u00fao&#8221; es uno de los grupos profesionales de m\u00fasica de c\u00e1mara m\u00e1s j\u00f3venes y\u00a0 prometedores de M\u00e9xico. Se especializa en la interpretaci\u00f3n de la m\u00fasica de los Siglos XX y XXI y en obras poco conocidas o incluso nunca antes escuchadas. Pilares esenciales de sus programas son las obras de compositores como Berio, Carter, Feldman, Harvey, Hosokawa, Lutoslawski, Penderecki, Schoenberg, Stockhausen, Webern y Xenakis entre otros.<br \/>\nSe han presentado ya en importantes foros y Festivales como el Internacional Cervantino, Internacional de M\u00fasica Contempor\u00e1nea de Michoac\u00e1n, Internacional de Arte Contempor\u00e1neo de Le\u00f3n, Discantus y el Foro de M\u00fasica Nueva de Chihuahua, siempre recibiendo elogios por parte de\u00a0 la audiencia y excelentes cr\u00edticas de la prensa especializada. Sus integrantes mantienen una intensa actividad musical internacional y juntos son el ensamble en residencia de la serie de conciertos Morelia Nueva M\u00fasica. <\/em><\/p>\n<p><strong>Jos\u00e9 De Jes\u00fas Hurtado<\/strong> (1920-1999)<br \/>\n&#8220;Rond\u00f3 Tarasco, para Piano Solo&#8221; (1985) (5\u2019)<\/p>\n<p><strong>Bonifacio Rojas<\/strong> (1920-1997)<br \/>\n&#8220;Intermezzo para Viol\u00edn y Piano&#8221; (1947) (03\u2019)<\/p>\n<p><strong>Gerhart Muench<\/strong> (1907-1988)<br \/>\n&#8220;Yuriko, para Viol\u00edn y Piano&#8221; (1978) (12\u2019)<\/p>\n<p><strong>Jos\u00e9 De Jes\u00fas Carre\u00f1o<\/strong> (1928)<br \/>\n&#8220;Suite para Viol\u00edn y Piano&#8221; (1980) (12\u2019)<\/p>\n<p>Intermedio<\/p>\n<p><strong>Gerhart Muench<\/strong> (1907-1988)<br \/>\n&#8220;Tessellata Tacambarensia N\u00ba 6, para Viol\u00edn y Piano&#8221;<br \/>\n&#8220;Tocando Piano, Maracas y Claves&#8221; (1972-1973) (10\u2019)<\/p>\n<p><strong>Rub\u00e9n Valencia <\/strong><br \/>\n&#8220;Suite para Viol\u00edn y Piano&#8221; (1982) (6\u2019)<\/p>\n<p><strong>Bonifacio Rojas<\/strong> (1920-1997)<br \/>\n&#8220;S\u00faplica, para Viol\u00edn y Piano&#8221; (1947) (3\u2019)<\/p>\n<p><strong>Miguel Bernal Jim\u00e9nez<\/strong> (1910-1956)<br \/>\nTres Danzas Tarascas, Para Viol\u00edn Y Piano (1951) (12\u2019)<\/p>\n<p><!--nextpage--><\/p>\n<h3>Martes 23 de Noviembre<\/h3>\n<p><span style=\"text-decoration: underline;\"><strong>&#8220;Recital de Violonchelo y Piano&#8221;<\/strong><\/span><\/p>\n<p><span style=\"text-decoration: underline;\"><strong>Dmitry Volkov, Chelo<\/strong><\/span> (Ganador Del Concurso Internacional Carlos Prieto)<br \/>\n<span style=\"text-decoration: underline;\"><strong>Alexandr Pashkov<\/strong><\/span>, Piano.<\/p>\n<p>18:00 horas<br \/>\n<span style=\"text-decoration: underline;\">Lugar<\/span>: Templo De Las Rosas<br \/>\n<span style=\"text-decoration: underline;\">Boletos<\/span>: $160<\/p>\n<p><em>Dimitry Volkov: Rusia, 25 de octubre de 1985. 1994-2002 Escuela de M\u00fasica N \u00ba 4, ciudades de Togliatti. Profesor: Tatiana Lihanova. 2002-2006 Escuela Superior de M\u00fasica Tchaikovsky de Mosc\u00fa. Profesor: Olga Galochkina.<br \/>\nDesde 2006 Conservatorio Tchaikovsky de Mosc\u00fa. Maestra: Natalia Shakhovskaya.<\/em><\/p>\n<p><em>Alexandr Pashkov: Rusia\u00a0 03\/04\/1974, desarrolla su gusto por la m\u00fasica en el seno familiar. Con su padre, concertista y profesor, escucha las mejores orquestas e int\u00e9rpretes. Estas horas compartidas de estudio y placer definen en Alexandr su destino musical elegido <\/em><\/p>\n<p><strong>Robert Schumann<\/strong> (1810-1856) (11\u2019)<br \/>\n&#8220;Fantasiest\u00fccke&#8221;, OP. 73<br \/>\n1. Zart und mit Ausdruck<br \/>\n2. Lebhaft leicht<br \/>\n3. Rasch und mit Feuer<\/p>\n<p><strong>Dmitri Shostakovich<\/strong> (1906-1975)<br \/>\n&#8220;Sonata Para Violonchelo Y Piano, Op. 40&#8221; (30\u2019)<br \/>\n1. Allegro non troppo<br \/>\n2. Allegro<br \/>\n3. Largo<br \/>\n4. Allegro<\/p>\n<p>Intermedio<\/p>\n<p><strong>Ludwig van Beethoven<\/strong> (1770-1827)<br \/>\n&#8220;Sonata Para Violonchelo Y Piano N\u00ba 4 En Do Mayor, Op. 102 N\u00ba 1&#8221; (15\u2019)<br \/>\n1. Andante \u2013 Allegro vivace<br \/>\n2. Adagio \u2013 Tempo d\u2019Andante \u2013 Allegro vivace<\/p>\n<p><strong>Claude Debussy<\/strong> (1862-1918)<br \/>\n&#8220;Sonata Para Violonchelo Y Piano En Re Menor&#8221; (13\u2019)<br \/>\n1. Prologue: Lent, sostenuto e molto risoluto<br \/>\n2. S\u00e9r\u00e9nade: Mod\u00e9r\u00e9ment anim\u00e9<br \/>\n3. Final: Anim\u00e9, l\u00e9ger et nerveux<br \/>\n<strong><br \/>\nNicolo Paganini<\/strong> (1782-1840)<br \/>\n&#8220;Variaciones En Una Cuerda Tras Un Tema De Rossini&#8221; (8\u2019)<\/p>\n<h3>Martes 23 de Noviembre<\/h3>\n<p><strong><span style=\"text-decoration: underline;\">&#8220;Ensamble de Las Rosas&#8221; &#8211; Recital de M\u00fasica Contempor\u00e1nea <\/span><\/strong><\/p>\n<p>20:30 horas<br \/>\n<span style=\"text-decoration: underline;\">Lugar<\/span>: Palacio de Justicia<br \/>\n<span style=\"text-decoration: underline;\">Boletos<\/span>: $220<\/p>\n<p>Flautas: Guillermo Portillo,<br \/>\nClarinetes: Alfredo Vald\u00e9s Brito,<br \/>\nViol\u00edn: Miguel \u00c1ngel Garc\u00eda,<br \/>\nViolonchelo: Jos\u00e9 Luis G\u00e1lvez,<br \/>\nPiano: Mario Quir\u00f3z.<\/p>\n<p><em>Fundado en el a\u00f1o de 1994, el Ensamble de las Rosas, reconocido como emblema del Conservatorio de las Rosas, se ha propuesto difundir un amplio repertorio con especial atenci\u00f3n a la m\u00fasica contempor\u00e1nea nacional e internacional. Un numeroso grupo de compositores mexicanos han creado obras dedicadas al Ensamble, adem\u00e1s de tener entre su repertorio obras de compositores cl\u00e1sicos del siglo XX, como Boulez, Kurtag, Carter y Scelsi, entre otros. Es particularmente trascendente el trabajo que el Ensamble de las Rosas realiza con los alumnos de composici\u00f3n de Conservatorio de las Rosas quienes enriquecen su formaci\u00f3n al tener la oportunidad de escuchar sus obras estrenadas por m\u00fasicos de gran calibre profesional.<br \/>\nEl Ensamble est\u00e1 integrado por Guillermo Portillo, flauta, Alfredo Vald\u00e9s-Brito, clarinete, Miguel \u00c1ngel Garc\u00eda, viol\u00edn, Jos\u00e9 Luis G\u00e1lvez, violonchelo, y Mario Quiroz al piano. Frecuentemente se unen al ensamble otros maestros y alumnos destacados, propiciando as\u00ed una gran flexibilidad en cuanto al repertorio que aborda.<br \/>\n<\/em><br \/>\n<strong>Ana Lara <\/strong>(1959)<br \/>\n&#8220;Y Los Oros La Luz&#8221;<br \/>\nPara Flauta, Clarinete, Viol\u00edn, Violonchelo y Piano (9\u2019)<\/p>\n<p><strong>Mario Lavista<\/strong> (1943)<br \/>\n&#8220;Eleg\u00eda (Para Nacho)&#8221; Para Flauta Y Piano (10\u2019)<br \/>\n<strong><br \/>\nLuis Jaime Cort\u00e9s<\/strong> (1962)<br \/>\n&#8220;Olfato Y Seda&#8221;<strong>*<\/strong> (10\u2019)<br \/>\n&#8220;Poemas De Gonzalo Rojas&#8221; Para Flauta, Clarinete, Viol\u00edn, Violonchelo y Piano<br \/>\nSalvador Ginori, voz<\/p>\n<p>Intermedio<\/p>\n<p><strong>Javier \u00c1lvarez <\/strong>(1956)<br \/>\n&#8220;Le Repas Du Serpent &amp; Retour A La Raison&#8221; Violonchelo y V\u00eddeo (9\u2019)<\/p>\n<p>Alejandro Basulto Mart\u00ednez (1985)<br \/>\n&#8220;Metalectura&#8221; (9\u2019) Para Flauta, Clarinete, Viol\u00edn, Violonchelo y Piano<\/p>\n<p><strong>James MacMillan<\/strong> (1959)<br \/>\n&#8220;After The Tryst&#8221;(6\u2019) Para Viol\u00edn y Piano<\/p>\n<p><strong>Hebert V\u00e1zquez <\/strong>(1963)<br \/>\nOut Of The Blue (11\u2019) Para Flauta, Clarinete, Viol\u00edn, Violonchelo y Piano<\/p>\n<p>*Obra escrita con el apoyo del Sistema Nacional de Creadores (FONCA)<\/p>\n<h3>Mi\u00e9rcoles 24 de Noviembre<\/h3>\n<p><strong><span style=\"text-decoration: underline;\">&#8220;Tambuco&#8221; &#8211; Recital de Percusiones <\/span><\/strong><\/p>\n<p>20:30<br \/>\n<span style=\"text-decoration: underline;\">Lugar<\/span>: Centro Cultural Clavijero<br \/>\n<span style=\"text-decoration: underline;\">Boletos<\/span>: Evento Gratuito<\/p>\n<p>Director Art\u00edstico: Ricardo Gallardo,<br \/>\nAlfredo Bringas, Miguel Gonz\u00e1lez, Ra\u00fal Tud\u00f3n.<\/p>\n<p><em>Tambuco, Ensamble de Percusiones de M\u00e9xico est\u00e1 integrado por cuatro destacados m\u00fasicos mexicanos cuyo perfil e interpretaciones les ha valido ser considerados como uno de los m\u00e1s importantes ensambles de percusi\u00f3n en el mundo. La actividad de Tambuco se ha hecho merecedora de numerosos premios, distinciones y reconocimientos internacionales.<br \/>\nTambuco ha ofrecido presentaciones en 5 continentes, entre cuales destacan conciertos en Estados Unidos (Lincoln Center, Kennedy Center), Jap\u00f3n (Ino Hall), Inglaterra (Barbican Centre), Francia (Festival de Radio France, Journ\u00e9es de la Percussion), Alemania (Berliner Festpiele), Australia (Queensland International Music Festival), Portugal (Festival dos Cem D\u00edas. Culturgest, Festival de Espinho), Italia (Bari, Catania, Trento, Mil\u00e1n), China (Oriental Arts Centre) y conciertos en Australia, Espa\u00f1a, Cuba, Colombia, Brasil, Uruguay, Argentina, Canad\u00e1, India, Taiwan, Egipto y Arabia Saudita, as\u00ed como en casi todas las salas de conciertos en M\u00e9xico.<br \/>\n<\/em><strong><br \/>\nGraham Fitkin<\/strong> (1963)<br \/>\n&#8220;Hook&#8221; (1992) (8\u2019)<\/p>\n<p><strong>Francisco Guerrero<\/strong> (1951-1997)<br \/>\n&#8220;Acte Pr\u00e9alable&#8221; (1978) (13\u2019)<\/p>\n<p><strong>William Cahn<\/strong> (1946)<br \/>\n&#8220;Birds&#8221; (1981) (10\u2019)<\/p>\n<p><strong>Stewart Copeland<\/strong> (1952)<br \/>\n&#8220;Percussion Suite&#8221; (2010)* (12\u2019)<br \/>\nJorge Camiruaga (1959)<br \/>\n&#8220;Cuarteto En Chico&#8221; (1990) (8\u2019)<\/p>\n<p><strong>Istv\u00e1n M\u00e1rta<\/strong> (1952)<br \/>\n&#8220;Doll&#8217;s House Story&#8221; (1986) (10\u2019)<\/p>\n<p><!--nextpage--><\/p>\n<h3>Jueves 25 de Noviembre<\/h3>\n<p><span style=\"text-decoration: underline;\"><strong>&#8220;Concierto Sinf\u00f3nico en homenaje a Miguel Bernal Jim\u00e9nez&#8221; <\/strong><\/span><\/p>\n<p><span style=\"text-decoration: underline;\"><strong>Orquesta de C\u00e1mara del Conservatorio De Las Rosas <\/strong><\/span><\/p>\n<p>20:30 horas<br \/>\n<span style=\"text-decoration: underline;\">Lugar<\/span>: Centro Cultural Clavijero<br \/>\n<span style=\"text-decoration: underline;\">Boletos<\/span>: $220<\/p>\n<p><span style=\"text-decoration: underline;\">Solista<\/span>: Maestro Jes\u00fas Castro Balbi,<br \/>\n<span style=\"text-decoration: underline;\">Director<\/span>: Maestro Jos\u00e9 Luis Galv\u00e9z.<\/p>\n<p><em>Agrupaci\u00f3n musical representativa de la intensa vida cultural Moreliana, es referente obligado de la actividad que vive nuestra ciudad, Patrimonio Cultural de la Humanidad.<\/em><\/p>\n<p><em>Fundada en 1997, con el objetivo de proporcionar a los estudiantes una herramienta indispensable para la profesionalizaci\u00f3n en su instrumento, se ha convertido tambi\u00e9n en una forma para atraer nuevos p\u00fablicos a la m\u00fasica y sobre todo a la actividad que se realiza en la instituci\u00f3n.<\/em><\/p>\n<p><em>Es el resultado del trabajo cotidiano de las diferentes c\u00e1tedras que conforman la oferta acad\u00e9mica del Conservatorio contando con al participaci\u00f3n de alumnos avanzados de Bachillerato y Licenciaturas, siendo uno de los m\u00e1s importantes valores para nuestros alumnos y docentes.<\/em><\/p>\n<p><em> <\/em><strong>Miguel Bernal Jim\u00e9nez<\/strong> (1910-1956)<br \/>\n&#8220;Angelus&#8221; (7\u2019)<\/p>\n<p><strong>Joseph Haydn<\/strong> (1732-1809)<br \/>\n&#8220;Concierto Para Violonchelo Y Orquesta En Do Mayor, Hob. VIIB: 1&#8221; (21\u2019)<br \/>\n1. Moderato<br \/>\n2. Adagio<br \/>\n3. Allegro molto<\/p>\n<p>Jes\u00fas Castro Balbi, violonchelo<\/p>\n<p>Intermedio<\/p>\n<p><strong>Miguel Bernal Jim\u00e9nez<\/strong> (1910-1956)<br \/>\n&#8220;Navidad En P\u00e1tzcuaro&#8221; (23\u2019)<br \/>\n1. Allegro risoluto<br \/>\n2. Andantino con tenerezza<br \/>\n3. Vivace molto<br \/>\n4. Moderato<br \/>\n5. Huaracua Tiring\u00fciri<br \/>\n6. Huaracua Tepontzcua<br \/>\n7. Huaraca Tzintzuntzan<br \/>\n8. Allegro risoluto<\/p>\n<p><strong>Igor Stravinsky <\/strong>(1882-1971)<br \/>\nSuite De Pulcinella (1947) (20\u2019)<br \/>\n1. Sinfonia<br \/>\n2. Serenata<br \/>\n3. Scherzino \u2013 Allegretto \u2013 Andantino<br \/>\n4. Tarantella<br \/>\n5. Toccata<br \/>\n6. Gavotta (con due variazioni)<br \/>\n7. Vivo<br \/>\n8. Menuetto \u2013 Finale<\/p>\n<h3>Viernes 26 de Noviembre<\/h3>\n<p><span style=\"text-decoration: underline;\"><strong><br \/>\n&#8220;Capella de Ministrers&#8221; Fantasiant<\/strong><\/span><\/p>\n<p><span style=\"text-decoration: underline;\"><strong>Recital de M\u00fasica Espa\u00f1ola Renacentista en tiempo de los Reyes Cat\u00f3licos <\/strong><\/span><\/p>\n<p>20:30 horas<br \/>\n<span style=\"text-decoration: underline;\">Lugar<\/span>: Biblioteca Publica de la Universidad Michoacana San Nicol\u00e1s de Hidalgo<br \/>\n<span style=\"text-decoration: underline;\">Boletos<\/span>: $280<\/p>\n<p>Director: Carles Magraner,<br \/>\nSoprano: Pilar Esteban,<br \/>\nFlautas: David: Antich,<br \/>\nViola: Carles Magraner,<br \/>\nViola: Jordi Comellas,<br \/>\nClave: Ignasi Jord\u00e0,<br \/>\nPercusi\u00f3n: Pau Ballester.<\/p>\n<p><em>Desde su creaci\u00f3n el a\u00f1o 1987, el grupo &#8220;Capella de Ministrers&#8221;, bajo la direcci\u00f3n de Carles Magraner, ha desarrollado una importante tarea investigadora y musicol\u00f3gica en favor del patrimonio musical espa\u00f1ol, desde el medioevo hasta el siglo XIX. El resultado, transformado en testimonio musical, conjuga a la perfecci\u00f3n tres factores clave: el rigor hist\u00f3rico, la sensibilidad musical y, muy especialmente, un incontenible deseo de comunicarnos y hacernos part\u00edcipes de estas experiencias.<\/em><\/p>\n<p><em>La actividad concert\u00edstica de la formaci\u00f3n ha sido muy intensa desde el inicio de su actividad, recorriendo las mejores salas de m\u00fasica de Espa\u00f1a: Auditorio Nacional de Espa\u00f1a, Palau de la M\u00fasica de Valencia, Palau de la M\u00fasica Catalana, Auditorio de Le\u00f3n, Teatro de La Maestranza, El Escorial, Centro Conde Duque, Auditorio de Castell\u00f3n, Teatro Cervantes&#8230;<br \/>\nAsimismo, ha participado en numerosos festivales, de entre los que cabe destacar el Festival de M\u00fasica Antiga de Barcelona, Madrid Cultural 1992 (con la recuperaci\u00f3n de la \u00f3pera Los elementos de Antonio Literes), Festival de Teatro Cl\u00e1sico de Almagro, Festival de M\u00fasica Antigua y Barroca de Pe\u00f1\u00edscola, Festival de Peralada, Quincena Musical Donostiarra, Los Veranos de la Villa (Madrid), Festival Grec (Barcelona), Festival Internacional de M\u00fasica y Danza de Granada, Festival de M\u00fasica Religiosa de Cuenca, Serenates a l\u2019Universitat (Valencia), Festival Are More (Vigo), Festival Medieval de Elche,\u00a0 entre otros. <\/em><\/p>\n<p><strong>Jean Verdelet<\/strong> (antes de 1440)<br \/>\n&#8220;La Verdelete (Basse Dance, Manuscrito de Bruselas&#8221; (3\u201920\u00b4\u00b4)<\/p>\n<p><strong>Juan Del Encina <\/strong>(1468-1529)<br \/>\n&#8220;Los Suspiros No Sosiegan&#8221; (Cancionero De Palacio) (4\u201914\u00b4\u00b4)<\/p>\n<p><strong>An\u00f3nimo <\/strong><br \/>\n&#8220;Amor Que T\u2019o Fat Hio&#8221; (Strambotto, Montecassino) (3\u201901\u00b4\u00b4)<br \/>\n&#8220;El Cervel Mi Fa Nocte I Die&#8221; (Cancionero De Palacio) (3\u201902\u00b4\u00b4)<\/p>\n<p><strong>An\u00f3nimo <\/strong><br \/>\n&#8220;Zappay&#8221; (Strambotto. Montecassino) (1\u201945\u00b4\u00b4)<\/p>\n<p><strong>Juan Del Encina<\/strong> (1468-1529)<br \/>\n&#8220;Ay Triste, Que Vengo&#8221; (Cancionero De Palacio) (5\u201914\u00b4\u00b4)<\/p>\n<p><strong>Juan Cornago<\/strong> (Ca.1440-Despu\u00e9s De 1475)<br \/>\n&#8220;Moro Perche Non Day Fede&#8221; (Montecassino) (4\u201904\u00b4\u00b4)<\/p>\n<p><strong>Enrique De Paris<\/strong> (Ca.1488)<br \/>\n&#8220;Mi Querer Tanto Vos Quiere&#8221; (Cancionero De Palacio) (2\u201940\u00b4\u00b4)<\/p>\n<p><strong>An\u00f3nimo <\/strong><br \/>\n&#8220;Pase El Agoa, Ma Julieta&#8221; (Cancionero De Palacio) (2\u201934\u00b4\u00b4)<\/p>\n<p><strong>Alexander Agricola <\/strong>(1446-1506)<br \/>\n&#8220;De Tous Bien Plaine&#8221; (Instrumental) (3\u2019)<br \/>\n<strong><\/strong><\/p>\n<p><!--nextpage--><\/p>\n<p><strong><br \/>\nTinctoris <\/strong>(Ca.1435-Ca.1511)<br \/>\n&#8220;Votre Regard&#8221; (1\u201912\u00b4\u00b4)<\/p>\n<p><strong>An\u00f3nimo <\/strong><br \/>\n&#8220;O Tempo Bono&#8221; (Strambotto, Montecassino) (4\u201905\u00b4\u00b4)<\/p>\n<p><strong>An\u00f3nimo <\/strong><br \/>\n&#8220;Rodrigo Mart\u00ednez&#8221; (Cancionero De Palacio) (2\u201959\u00b4\u00b4)<br \/>\n<strong><br \/>\nJuan V\u00e1squez<\/strong> (Ca.1500-Despu\u00e9s De 1560)<br \/>\n&#8220;Con Qu\u00e9 La Lavar\u00e9&#8221; (Cancionero Del Duque De Calabria) (3\u201948\u00b4\u00b4)<\/p>\n<p><strong>An\u00f3nimo<\/strong><br \/>\n&#8220;Dindirin, Dindirin&#8221; (Montecasino \/ Cancionero De Palacio) (2\u201923\u00b4\u00b4)<\/p>\n<p><strong>Guglielmo Ebreo Da Pesaro<\/strong> (1420-1484)<br \/>\n&#8220;La Bassa Castiglia&#8221; (Instrumental) (2\u201930\u00b4\u00b4)<\/p>\n<p><strong>An\u00f3nimo <\/strong><br \/>\n&#8220;Yo Me Soy La Morenica&#8221; (Cancionero Del Duque De Calabria) (3\u201930\u00b4\u00b4)<br \/>\n&#8220;Viva El Rey Ferrando&#8221; (Montecassino) (3\u201900\u00b4\u00b4)<br \/>\n&#8220;La Gra\u00e7ia De Vos Doncella&#8221; (Cordiforme) (4\u201910\u00b4\u00b4)<br \/>\n&#8220;Alle Stamenge&#8221; (Canto Carnacialesco, Montecassino) (3\u201910\u00b4\u00b4)<\/p>\n<h3>S\u00e1bado 27 de Noviembre<\/h3>\n<p><span style=\"text-decoration: underline;\"><strong>&#8220;Concierto Coral Ni\u00f1os Cantores De Morelia&#8221; <\/strong><\/span><\/p>\n<p>12:00 horas<br \/>\n<span style=\"text-decoration: underline;\">Lugar<\/span>: Logia del Conservatorio De Las Rosas<br \/>\n<span style=\"text-decoration: underline;\">Boletos<\/span>: Evento Gratuito<\/p>\n<p>Mtra. Dir. Elizabeth Espejel<\/p>\n<p><em>El Coro de los Ni\u00f1os Cantores de Morelia es la agrupaci\u00f3n emblem\u00e1tica y orgullo del Conservatorio de las Rosas y del pa\u00eds, reconocida por su alta calidad art\u00edstica.<br \/>\nSemillero de importantes m\u00fasicos mexicanos, como Rub\u00e9n Valencia y Gustavo Corona, el Coro de los Ni\u00f1os Cantores de Morelia fue fundado en 1944 por Bernal Jim\u00e9nez con el apoyo de Cayetano Blanco Vigil. Durante el viaje que realiza a Europa entre 1947 y 1948, Bernal Jim\u00e9nez visit\u00f3 el Instituto de los Ni\u00f1os Cantores de Viena en Austria, donde conoci\u00f3 al maestro Romano Picutti, entonces director de este prestigioso coro, y promovi\u00f3 su contrataci\u00f3n con vistas a transformar dicha agrupaci\u00f3n moreliana en un coro con similar orientaci\u00f3n y calidad al europeo.<\/em><\/p>\n<p><em>Romano Picutti (1914-1956) hab\u00eda estudiado en el Conservatorio Benedetto\u00a0 Marcello de Venecia y m\u00e1s tarde en el Conservatorio de Viena, donde se gradu\u00f3 con todos los honores en 1937. Posteriormente se traslad\u00f3 al instituto de los Ni\u00f1os Cantores de Viena, obteniendo el cargo de asistente de director, y en 1946 sucedi\u00f3 a Ferdinand Grossman como director art\u00edstico de la agrupaci\u00f3n. Despu\u00e9s de su \u00e9xito con el coro en el festival de Salzburgo de 1946, recibi\u00f3 varias ofertas de contrataci\u00f3n, tanto de Am\u00e9rica como de Europa. Pero fue la propuesta del maestro Miguel Bernal la que acept\u00f3,\u00a0 y en el mes de septiembre de 1949 lleg\u00f3 a la ciudad de Morelia con un contrato por diez meses, mismo que se extender\u00eda a aproximadamente 7 a\u00f1os, hasta su temprana muerte el 25 de octubre de 1956. <\/em><\/p>\n<p><strong>Cayetano de Perea <\/strong><br \/>\n&#8220;Te Invocamus&#8221; (1\u201930\u2019\u2019) &#8211; Motete A 4 Para La Procesi\u00f3n De La Sant\u00edsima Trinidad<\/p>\n<p><strong>Johann Sebastian Bach <\/strong> (1685-1759)<br \/>\n&#8220;Wohl Mir, Da\u00df Ich Jesum Habe&#8221; (3\u2019) (Coral De La Cantata Bwv 147)<br \/>\n<strong><br \/>\nWitold Lutoslawski<\/strong> (1913-1994)<br \/>\n&#8220;Tres Canciones Infantiles&#8221; (07\u2019)<br \/>\n&#8220;A Night In May&#8221;<br \/>\n&#8220;Windowpanes Of Ice&#8221;*<br \/>\n&#8220;In Every Seashell&#8221;*<\/p>\n<p><strong>Maurice Ravel <\/strong>(1875-1937)<br \/>\n&#8220;De El Ni\u00f1o y Los Sortilegios&#8221;<br \/>\n&#8220;Les Chiffres&#8221; (1\u201930\u2019\u2019)<\/p>\n<p><strong>Miguel Bernal Jim\u00e9nez <\/strong>(1910-1956)<br \/>\n&#8220;Negritos&#8221; (1\u201930\u2019\u2019)<br \/>\n&#8220;Ave Mar\u00eda&#8221; (03\u2019)<br \/>\n&#8220;Antonino&#8221; (02\u2019)<br \/>\n&#8220;Ma\u00f1anita\u00a0 (2\u201930\u2019\u2019)<br \/>\n<strong><br \/>\nTata Domingo Ramos<\/strong><br \/>\n&#8220;Flor De Canela&#8221; (1\u201930\u2019\u2019)<\/p>\n<p><strong>Juan Cris\u00f3stomo <\/strong><br \/>\n&#8220;Consuelito&#8221; (2\u2019)<\/p>\n<p><strong>Gonzalo Chapela<\/strong> (1910-1971)<br \/>\n&#8220;Yunu\u00e9n&#8221; (Arreglo De Manuel Torres) (3\u2019)<\/p>\n<p><strong>Alfredo Bola\u00f1os <\/strong><br \/>\n&#8220;Que Lindo Es Michoac\u00e1n&#8221; (2\u201930\u2019\u2019)<\/p>\n<p><strong>Pedro Galindo<\/strong> (1906-1989)<br \/>\n&#8220;Viva M\u00e9xico&#8221; (1\u201930\u2019\u2019)<\/p>\n<p><strong>Alfonso Esparza Oteo<\/strong> (1894-1950)<br \/>\n&#8220;Juan Colorado&#8221; (1\u201930\u2019\u2019)<\/p>\n<p><strong>An\u00f3nimo <\/strong><br \/>\n&#8220;La Bamba&#8221; (Son Veracruzano, Arreglo De Manuel Torres) (2\u2019)<br \/>\n<strong><br \/>\nLorenzo Barcelata<\/strong> (1898-1943)<br \/>\n&#8220;El Cascabel&#8221; (Arreglo De Jorge C\u00f3zatl) (4\u2019)<\/p>\n<h3>S\u00e1bado 27 de Noviembre<\/h3>\n<p><strong>&#8220;Grupo Segrel&#8221; <\/strong><\/p>\n<p>13:30 horas<br \/>\n<span style=\"text-decoration: underline;\">Lugar<\/span>: Templo De Las Rosas<br \/>\n<span style=\"text-decoration: underline;\">Boletos<\/span>: $220<\/p>\n<p>Manuel Mej\u00eda Armijo: la\u00fad \u00e1rabe, guitarrilla de cuatro \u00f3rdenes, vihuela en re,<br \/>\nguitarra s\u00e9ptima mexicana, direcci\u00f3n.<br \/>\nVladimir Bendixen: f\u00eddula, viol\u00edn, canto.<br \/>\nJorge Morenos: guitarrilla, guitarra de golpe, quinta huapanguera, jarana huasteca, verser\u00eda, canto.<br \/>\nCasilda Madrazo: danza, casta\u00f1uelas, zapateo, semillas, canto.<br \/>\nRafael P\u00e9rez Enr\u00edquez: viola da gamba, guitarra s\u00e9ptima.<\/p>\n<p><em>Se llamaba Segrel a un tipo de juglar del medioevo de origen galaico-portugu\u00e9s con categor\u00eda de escudero y que a menudo creaba sus propias composiciones y poes\u00edas tal como lo hac\u00edan los trovadores.<\/em><\/p>\n<p><em>El grupo Segrel nace en el a\u00f1o de 1996 con el prop\u00f3sito de recrear el mundo l\u00edrico y musical de la edad media. Su fundadora, la maestra Carmen Elena Armijo, con un amplio conocimiento del per\u00edodo medieval, ha dado la pauta de este proyecto que abarca tanto la investigaci\u00f3n hist\u00f3rica como una siempre bien dispuesta voluntad creativa en el terreno interdisciplinario.<\/em><\/p>\n<p><em>Manuel Mej\u00eda, guitarrista, laudista y compositor, est\u00e1 encargado de la direcci\u00f3n del grupo desde 1999, dedicando a esta empresa sus esfuerzos como ejecutante del la\u00fad tanto occidental como \u00e1rabe, su investigaci\u00f3n en los materiales y po\u00e9ticos de la \u00e9poca, y su fascinaci\u00f3n por el tema. <\/em><br \/>\n<span style=\"text-decoration: underline;\"><strong><br \/>\nInvitados especiales<\/strong><\/span>: Mart\u00edn P\u00e9rez, bailes tradicionales, Liamna Pestana Roche, guitarra quinta, c\u00edtola, canto, Atzin Moreno, arpa, baile.<\/p>\n<p><!--nextpage--><\/p>\n<p><strong>&#8220;Xarab&#8221;<\/strong> (10\u2019)<br \/>\nEntrada<br \/>\nNo pueden dormir mis ojos (de \u201cCancionero de Palacio\u201d)<br \/>\nJ\u00e1caras del cinco punteadas (de \u201cLibro de diferentes cifras\u201d)<br \/>\nPetenera (de \u201c24 canciones y jarabes mexicanos\u201d)<\/p>\n<p><strong>&#8220;La Zarabanda y El Maracumb\u00e9&#8221;<\/strong> (8\u2019)<br \/>\n\u00c1ndalo zarabanda (de \u201cM\u00e9todo muy facil\u00edssimo\u201d)<br \/>\nParacumb\u00e9 por la A (de \u201cLibro de diferentes cifras\u201d)<br \/>\nMaracumb\u00e9 viejo (de \u201cCancionero tradicional de Tierra Caliente\u201d)<\/p>\n<p><strong>&#8220;Cantidos de Quebranta Huesos Insurgentes&#8221;<\/strong> (10\u2019)<br \/>\nJota (de \u201cLibro de diferentes cifras\u201d et al.)<br \/>\nRema, nanita, rema (de \u201cLa Canci\u00f3n Mexicana\u201d)<br \/>\nLos ba\u00f1os (de \u201c24 canciones y jarabes mexicanos\u201d)<br \/>\nLa indita (de \u201cCancionero folcl\u00f3rico de M\u00e9xico\u201d)<br \/>\n<strong><br \/>\n&#8220;Fandango&#8221;<\/strong> (15\u2019)<br \/>\nEntrada (de \u201cReglas y Advertencias\u201d)<br \/>\nFandango yndiano (de \u201cLibro de diferentes cifras\u201d)<br \/>\nFandanguito (tradicional huasteco)<br \/>\nD\u00e9cimas (Miguel Hidalgo)<\/p>\n<p>Intermedio<\/p>\n<p><strong>&#8220;Sarao&#8221;<\/strong> (12\u2019)<br \/>\nEntrada del sarao espa\u00f1ol (de \u201cM\u00e9todo muy facil\u00edssimo\u201d)<br \/>\nFol\u00eda: Serrana, si vuestros ojos (de \u201cTratado de glosas\u201d et al.)<br \/>\nMinuete (Manuscrito de M\u00e9xico)<br \/>\nOtro minuete (tradicional michoacano)<\/p>\n<p><strong>&#8220;Canarios&#8221;<\/strong> (8\u2019)<br \/>\nChiconcanario (Tradicional huasteco: m\u00fasica tradicional para el ma\u00edz)<br \/>\nCanarios tamborilados\u00a0\u00a0\u00a0 (de \u201cLibro de diferentes cifras\u201d)<br \/>\nEl butaquito (de \u201cJarabes mexicanos\u201d)<\/p>\n<p><strong>&#8220;Chacona&#8221; <\/strong>(9\u2019)<br \/>\nChacona (de \u201cM\u00e9todo muy facil\u00edssimo\u201d)<br \/>\nPregones del pastelero (de \u201cCuadros de costumbres\u201d)<br \/>\nZarabanda chaconada (de \u201cM\u00e9todo muy facil\u00edssimo\u201d)<\/p>\n<p><strong>&#8220;Jarabe&#8221; <\/strong>(15\u2019)<br \/>\nEntrada (de \u201cSones para viol\u00edn\u201d)<br \/>\nCoplas (de fuentes varias)<br \/>\nZapateo (de \u201cAntolojia folkl\u00f3rica i musical\u201d)<br \/>\nSonecitos de la tierra (de \u201cEl folklore y la m\u00fasica mexicana\u201d)<br \/>\nPaseo\u00a0\u00a0\u00a0\u00a0 (de \u201cVariedad de sones\u201d)<br \/>\nDespedida (de \u201cSones para viol\u00edn\u201d)<\/p>\n<h3>S\u00e1bado 27 de Noviembre<\/h3>\n<p><span style=\"text-decoration: underline;\"><strong>&#8220;Orquesta Sinf\u00f3nica Nacional&#8221; (Concierto de Clausura) <\/strong><\/span><\/p>\n<p>20:30 horas<br \/>\n<span style=\"text-decoration: underline;\">Lugar<\/span>: Teatro Morelos<br \/>\n<span style=\"text-decoration: underline;\">Boletos:<\/span> $330\/$220<\/p>\n<p>Director: Mtro. Carlos Miguel Prieto, Director<br \/>\nSolista: Mtro. Vadim Gluzman.<\/p>\n<p><em>Es la agrupaci\u00f3n musical m\u00e1s relevante de nuestro pa\u00eds. Su primer antecedente es la Orquesta Sinf\u00f3nica de M\u00e9xico fundada por el maestro Carlos Ch\u00e1vez en 1928. Con la creaci\u00f3n del Instituto Nacional de Bellas Artes en 1947, la Sinf\u00f3nica de M\u00e9xico se convirti\u00f3 primero en la Sinf\u00f3nica del Conservatorio Nacional de M\u00fasica y finalmente, en la Orquesta Sinf\u00f3nica Nacional.\u00a0 Ha obtenido diversos reconocimientos, como la nominaci\u00f3n al Grammy Latino 2002 al Mejor \u00c1lbum Cl\u00e1sico y el premio Lunas del Auditorio en 2004 como mejor espect\u00e1culo cl\u00e1sico. <\/em><br \/>\n<strong><br \/>\nDavid Hern\u00e1ndez Ramos<\/strong> (1975) (6\u2019)<br \/>\n&#8220;Son Sue\u00f1os&#8221; (Obra ganadora del Concurso de Miguel Bernal Jim\u00e9nez)<\/p>\n<p><strong>Miguel Bernal Jim\u00e9nez<\/strong> (1910-1956)<br \/>\n&#8220;Sinfon\u00eda Poema M\u00e9xico&#8221; (40\u2019)<br \/>\nTenoxtlitlan<br \/>\nAquella vieja Espa\u00f1a<br \/>\nMestizaje<br \/>\nOraci\u00f3n por la patria<\/p>\n<p>Intermedio<\/p>\n<p><strong>Piotr Ilich Tchaikovsky<\/strong> (1840-1893)<br \/>\n&#8220;Concierto Para Viol\u00edn Y Orquesta En Re Mayor&#8221;, OP. 35 (33\u2019)<br \/>\nAllegro moderato<br \/>\nCanzonetta. Andante \u2013 Attacca:<br \/>\nFinale. Allegro vivacissimo<br \/>\nVadim Gluzman, viol\u00edn<\/p>\n","protected":false},"excerpt":{"rendered":"<p>Programa de Conciertos del Festival de M\u00fasica de Morelia 2010. Jueves\u00a0 11 de Noviembre 2010 &#8220;The Mutter-Bashmet-Harrel Tr\u00edo&#8221; &#8211; Concierto<\/p>\n","protected":false},"author":2,"featured_media":7075,"comment_status":"open","ping_status":"open","sticky":false,"template":"","format":"standard","meta":[],"categories":[37,14],"tags":[360,553,897,1053],"_links":{"self":[{"href":"https:\/\/www.travelbymexico.com\/blog\/wp-json\/wp\/v2\/posts\/5172"}],"collection":[{"href":"https:\/\/www.travelbymexico.com\/blog\/wp-json\/wp\/v2\/posts"}],"about":[{"href":"https:\/\/www.travelbymexico.com\/blog\/wp-json\/wp\/v2\/types\/post"}],"author":[{"embeddable":true,"href":"https:\/\/www.travelbymexico.com\/blog\/wp-json\/wp\/v2\/users\/2"}],"replies":[{"embeddable":true,"href":"https:\/\/www.travelbymexico.com\/blog\/wp-json\/wp\/v2\/comments?post=5172"}],"version-history":[{"count":3,"href":"https:\/\/www.travelbymexico.com\/blog\/wp-json\/wp\/v2\/posts\/5172\/revisions"}],"predecessor-version":[{"id":7550,"href":"https:\/\/www.travelbymexico.com\/blog\/wp-json\/wp\/v2\/posts\/5172\/revisions\/7550"}],"wp:featuredmedia":[{"embeddable":true,"href":"https:\/\/www.travelbymexico.com\/blog\/wp-json\/wp\/v2\/media\/7075"}],"wp:attachment":[{"href":"https:\/\/www.travelbymexico.com\/blog\/wp-json\/wp\/v2\/media?parent=5172"}],"wp:term":[{"taxonomy":"category","embeddable":true,"href":"https:\/\/www.travelbymexico.com\/blog\/wp-json\/wp\/v2\/categories?post=5172"},{"taxonomy":"post_tag","embeddable":true,"href":"https:\/\/www.travelbymexico.com\/blog\/wp-json\/wp\/v2\/tags?post=5172"}],"curies":[{"name":"wp","href":"https:\/\/api.w.org\/{rel}","templated":true}]}}