{"id":5166,"date":"2010-11-09T21:19:22","date_gmt":"2010-11-10T02:19:22","guid":{"rendered":"http:\/\/travelbymexico.com\/blog\/?p=5166"},"modified":"2011-05-31T18:41:04","modified_gmt":"2011-05-31T23:41:04","slug":"festival-de-musica-de-morelia-2010","status":"publish","type":"post","link":"https:\/\/www.travelbymexico.com\/blog\/5166-festival-de-musica-de-morelia-2010\/","title":{"rendered":"Festival de M\u00fasica de Morelia 2010"},"content":{"rendered":"<h2><span style=\"text-decoration: underline;\">Fecha: Del 11 al 27 de Noviembre 2010 <\/span><\/h2>\n<h2>El Festival de M\u00fasica de Morelia Miguel Bernal Jim\u00e9nez fue creado en 1989 con el prop\u00f3sito de fomentar la difusi\u00f3n y la ense\u00f1anza musical en M\u00e9xico y acrecentar la ense\u00f1anza musical impartida en el Conservatorio de las Rosas.<\/h2>\n<p>En cada edici\u00f3n participan prestigiosos compositores e interpretes del mundo entero. Su creciente fama lo ha convertido en <strong>el Mejor Festival de M\u00fasica de Concierto en M\u00e9xico<\/strong>.<\/p>\n<p>Este a\u00f1o, el Festival presentar\u00e1 un &#8220;Homenaje del Mundo a M\u00e9xico&#8221;, con la conmemoraci\u00f3n del Centenario de la Revoluci\u00f3n Mexicana y el Bicentenario de su Independencia, y festejar\u00e1 el Centenario del Natalicio del Maestro Miguel Bernal Jim\u00e9nez.<\/p>\n<p>Gracias a este Festival, el Conservatorio de las Rosas reafirma su excelencia acad\u00e9mica ya que ofrece cursos y clases magistrales en \u00e1reas como canto, piano, composici\u00f3n, cuerdas, direcci\u00f3n y percusi\u00f3n, entre otros.<\/p>\n<p><span style=\"text-decoration: underline;\">En esta edici\u00f3n, podr\u00e1s deleitar tus o\u00eddos asistiendo a los conciertos de los siguientes artistas y ensambles musicales: <\/span><\/p>\n<p>&#8220;The Mutter-Bashmet-Harrel Tr\u00edo&#8221;<br \/>\n&#8220;Camerata Wratislavia&#8221;<br \/>\n&#8220;Voz En Punto&#8221;<br \/>\n&#8220;Camerata Salzburgo&#8221;<br \/>\n&#8220;Schweizer Kammerchor&#8221;<br \/>\n&#8220;Capilla Virreinal de Santa Rosa&#8221; Coral de las Rosas<br \/>\n&#8220;Ken Vandermark&#8221;<br \/>\n&#8220;Ensamble Signos&#8221;<br \/>\n&#8220;Cuarteto Talich&#8221;<br \/>\n&#8220;Eugenia Le\u00f3n&#8221;<br \/>\n&#8220;Orquesta Filarm\u00f3nica de Acapulco&#8221;<br \/>\n&#8220;Mariachi Ordaz&#8221;<br \/>\n&#8220;Heriberto Cruz Cornejo&#8221;<br \/>\n&#8220;Nueva M\u00fasica D\u00fao&#8221;<br \/>\n&#8220;Dmitry Volkov&#8221;<br \/>\n&#8220;Alexandr Pashkov&#8221;<br \/>\n&#8220;Ensamble de Las Rosas&#8221;<br \/>\n&#8220;Tambuco&#8221;<br \/>\n&#8220;Orquesta de C\u00e1mara del Conservatorio De Las Rosas&#8221;<br \/>\n&#8220;Capella de Ministrers&#8221;<br \/>\n&#8220;Coral Ni\u00f1os Cantores De Morelia&#8221;<br \/>\n&#8220;Grupo Segrel&#8221;<br \/>\n&#8220;Orquesta Sinf\u00f3nica Nacional&#8221;<\/p>\n<p>Tambi\u00e9n habr\u00e1 eventos al aire libre y sin costo como el espect\u00e1culo de Teatro de Calle de la <span style=\"text-decoration: underline;\">Compa\u00f1\u00eda Periplum<\/span> o los &#8220;Tapetes Florales M\u00e9xico&#8221; presentados por los <span style=\"text-decoration: underline;\">artesanos de la comunidad de Patamban<\/span>, Municipio de Tanganc\u00edcuaro.<\/p>\n<p><strong><a title=\"Programa Festival de M\u00fasica de Morelia, Fuente festivalmorelia.com\" href=\"http:\/\/travelbymexico.com\/blog\/fiestas-y-celebraciones\/programa-2010-festival-de-musica-de-morelia\" target=\"_blank\">Consulte el Programa de Eventos del XXII Festival de M\u00fasica de Morelia:<\/a><\/strong><\/p>\n<p>(Artistas, Obras, Horarios, Sitios, Precios y Rese\u00f1as). <em><span style=\"text-decoration: underline;\">Fuente: www.festivalmorelia.com.mx<\/span><\/em><\/p>\n","protected":false},"excerpt":{"rendered":"<p>Fecha: Del 11 al 27 de Noviembre 2010 El Festival de M\u00fasica de Morelia Miguel Bernal Jim\u00e9nez fue creado en<\/p>\n","protected":false},"author":2,"featured_media":7073,"comment_status":"open","ping_status":"open","sticky":false,"template":"","format":"standard","meta":[],"categories":[37,14],"tags":[360,553,709,897],"_links":{"self":[{"href":"https:\/\/www.travelbymexico.com\/blog\/wp-json\/wp\/v2\/posts\/5166"}],"collection":[{"href":"https:\/\/www.travelbymexico.com\/blog\/wp-json\/wp\/v2\/posts"}],"about":[{"href":"https:\/\/www.travelbymexico.com\/blog\/wp-json\/wp\/v2\/types\/post"}],"author":[{"embeddable":true,"href":"https:\/\/www.travelbymexico.com\/blog\/wp-json\/wp\/v2\/users\/2"}],"replies":[{"embeddable":true,"href":"https:\/\/www.travelbymexico.com\/blog\/wp-json\/wp\/v2\/comments?post=5166"}],"version-history":[{"count":3,"href":"https:\/\/www.travelbymexico.com\/blog\/wp-json\/wp\/v2\/posts\/5166\/revisions"}],"predecessor-version":[{"id":7548,"href":"https:\/\/www.travelbymexico.com\/blog\/wp-json\/wp\/v2\/posts\/5166\/revisions\/7548"}],"wp:featuredmedia":[{"embeddable":true,"href":"https:\/\/www.travelbymexico.com\/blog\/wp-json\/wp\/v2\/media\/7073"}],"wp:attachment":[{"href":"https:\/\/www.travelbymexico.com\/blog\/wp-json\/wp\/v2\/media?parent=5166"}],"wp:term":[{"taxonomy":"category","embeddable":true,"href":"https:\/\/www.travelbymexico.com\/blog\/wp-json\/wp\/v2\/categories?post=5166"},{"taxonomy":"post_tag","embeddable":true,"href":"https:\/\/www.travelbymexico.com\/blog\/wp-json\/wp\/v2\/tags?post=5166"}],"curies":[{"name":"wp","href":"https:\/\/api.w.org\/{rel}","templated":true}]}}