{"id":5007,"date":"2010-10-22T20:20:00","date_gmt":"2010-10-23T01:20:00","guid":{"rendered":"http:\/\/travelbymexico.com\/blog\/?p=5007"},"modified":"2012-11-01T22:04:26","modified_gmt":"2012-11-02T04:04:26","slug":"programa-festival-de-las-almas-2010","status":"publish","type":"post","link":"https:\/\/www.travelbymexico.com\/blog\/5007-programa-festival-de-las-almas-2010\/","title":{"rendered":"Programa Festival de Las Almas 2010"},"content":{"rendered":"<h2>8\u00ba Edici\u00f3n del Festival de las Almas del 29 de Octubre al 6 de Noviembre de 2010.<\/h2>\n<p>Faltan pocos d\u00edas para el inicio del <strong>Festival de las Almas 2010<\/strong>, tambi\u00e9n conocido como el Festival Internacional Vallesano de Arte y Cultura.<\/p>\n<p>Creado en 2003, ha forjado su fama gracias a la calidad de su propuesta art\u00edstica y cultural.<\/p>\n<p>En el marco de su 8ava. Edici\u00f3n, el Festival presentar\u00e1:<\/p>\n<blockquote><p>Obras de Teatro, Compa\u00f1\u00edas de Marionetas, Conciertos, Recitales, Ballets Folkl\u00f3ricos, Muestras de Cine, Exposiciones Art\u00edsticas y Gastron\u00f3micas, Lecturas y Mesas Redondas, as\u00ed como Espect\u00e1culos relacionados con el D\u00eda de Muertos.<\/p><\/blockquote>\n<p>Se llevar\u00e1n a cabo en 17 foros situados en Valle de Bravo, Delegaci\u00f3n de Colorines y Toluca.<\/p>\n<p><span style=\"text-decoration: underline;\"><strong>Direcciones de los Foros en Valle de Bravo: <\/strong><\/span><\/p>\n<p>Alameda del Bicentenario<br \/>\n<em>Frente al Malec\u00f3n<\/em><\/p>\n<p>Auditorio Manuel Hinojosa Giles Escuela Primaria Joaqu\u00edn Arcadio Pagaza<br \/>\n<em>Nicol\u00e1s Bravo, entre Hidalgo y Coliseo<\/em>,<em> Col. Centro<\/em><\/p>\n<p>Casa Abierta<br \/>\n<em>Coliseo N\u00b0 107 , Col. Centro<\/em><\/p>\n<p>Casa de Oraci\u00f3n Carmel Maranath\u00e1<br \/>\n<em>A 6 Km. de Valle de Bravo por la carretera a Amanalco de Becerra<\/em><\/p>\n<p>Centro Regional de Cultura Joaqu\u00edn Arcadio Pagaza<br \/>\n<em>Manuel P. Archundia s\/n frente al embarcadero<\/em>, <em>Col. Centro<\/em><\/p>\n<p>Jard\u00edn Principal foro alterno<br \/>\n<em>Plaza Independencia entre 5 de febrero y Bocanegra, Col. Centro<\/em><\/p>\n<p>Museo Joaqu\u00edn Arcadio Pagaza<br \/>\n<em>Joaqu\u00edn Arcadio Pagaza No. 201, Col. Centro<\/em><\/p>\n<p>Templo de Santa Mar\u00eda<br \/>\n<em>Ameyal esq. Marina Nacional, Col. Centro<\/em><\/p>\n<p><strong><a title=\"Hoteles en Valle de Bravo\" href=\"http:\/\/www.travelbymexico.com\/valledebravo\/hoteles\" target=\"_self\">Reserva tu Hotel\u00a0 en Valle del Bravo y Av\u00e1ndaro<\/a><\/strong><\/p>\n<h3>Programa de Eventos Art\u00edsticos en la Alameda Del Bicentenario:<\/h3>\n<p><strong>Viernes 29 de octubre<\/strong> <strong>&#8211; INAUGURACI\u00d3N<\/strong><\/p>\n<p><strong>&#8220;Ballet Venezuela Viva&#8221;<\/strong> (Venezuela)<br \/>\nDanza &#8211; 19:00 hrs<\/p>\n<p><strong>S\u00e1bado 30 de octubre<br \/>\n<\/strong><\/p>\n<p><strong>&#8220;Tania Libertad&#8221;<\/strong> (Per\u00fa)<br \/>\nM\u00fasica &#8211; 19:30 hrs<\/p>\n<p><strong>Domingo 31 de octubre<br \/>\n<\/strong><\/p>\n<p><strong>&#8220;Ballet Folkl\u00f3rico de M\u00e9xico de Amalia Hern\u00e1ndez&#8221;<\/strong> (M\u00e9xico)<br \/>\nDanza &#8211; 19:30 hrs<\/p>\n<p><strong>Lunes 1o de noviembre<br \/>\n&#8220;Anjou, un cuento de horror&#8221;<\/strong><\/p>\n<p>Asociaci\u00f3n Thomas Jefferson Musical Theatre Company Foundation, A.C. (M\u00e9xico)<br \/>\nTeatro &#8211; 19:30 hrs<\/p>\n<p><strong>Martes 2 de noviembre<br \/>\n<\/strong><\/p>\n<p><strong>&#8220;Ballet Folcl\u00f3rico del Estado de M\u00e9xico y Renacimiento&#8221;<\/strong> (M\u00e9xico)<br \/>\nDanza &#8211; 19:30 hrs<br \/>\n<strong><br \/>\nMi\u00e9rcoles 3 de noviembre<br \/>\n<\/strong><\/p>\n<p><strong>&#8220;Fito P\u00e1ez y sus amigos&#8221;<\/strong> (Argentina)<br \/>\nM\u00fasica &#8211; 19:30 hrs<\/p>\n<p><strong>Jueves 4 de noviembre<br \/>\n<\/strong><\/p>\n<p><strong>&#8220;Los 7 dedos de la mano&#8221;<\/strong><br \/>\n(Canad\u00e1) Arte circense 19:30 hrs<br \/>\n<strong>Viernes 5 de noviembre<\/strong><\/p>\n<p><strong><br \/>\n<\/strong><\/p>\n<p><strong>Camila (M\u00e9xico)<\/strong><br \/>\nM\u00fasica Pop 19:30 hrs<br \/>\n<strong><br \/>\nS\u00e1bado 6 de noviembre &#8211; CLAUSURA<\/strong><\/p>\n<p>Eugenia Le\u00f3n y Ram\u00f3n Vargas<br \/>\n(M\u00e9xico) M\u00fasica 19:00 hrs<\/p>\n<h3>Calendario de Eventos del Festival de Las Almas 2010<\/h3>\n<p><strong>Del s\u00e1bado 30 de octubre al martes 2 de noviembre <\/strong><br \/>\n&#8220;Ciclo de cine&#8221;<br \/>\n20:00 hrs<br \/>\nClub Marina Azul<\/p>\n<p><strong>Del lunes 1o al s\u00e1bado 6 de noviembre <\/strong><br \/>\n&#8220;Talleres de creatividad&#8221;<br \/>\n9:30 a 14:00 hrs<br \/>\nExplanada de la Presidencia Municipal<\/p>\n<p><!--nextpage--><\/p>\n<h3>Programa S\u00e1bado 30 de octubre<\/h3>\n<p><strong>&#8220;Ballet Moderno M\u00e9xico-Japon\u00e9s&#8221;<\/strong> (Distrito Federal)<br \/>\nDanza Japonesa Contempor\u00e1nea &#8211; 17:00 hrs<br \/>\nAuditorio Manuel Hinojosa Giles (Esc. Primaria Joaqu\u00edn Arcadio Pagaza)<\/p>\n<p><a class=\"galeria derecha\" title=\"La Cantante peruana Tania Libertad. Derechos Imagen: www.tanialibertad.com\" href=\"http:\/\/travelbymexico.com\/blog\/imgBase\/2010\/10\/Captura-de-pantalla-2010-10-22-a-las-20.37.30.jpg\"><img loading=\"lazy\" title=\"La Cantante peruana Tania Libertad. Derechos Imagen: www.tanialibertad.com\" src=\"http:\/\/travelbymexico.com\/blog\/imgBase\/2010\/10\/Captura-de-pantalla-2010-10-22-a-las-20.37.30-197x173.jpg\" alt=\"\" width=\"197\" height=\"173\" \/><\/a><\/p>\n<p><strong>&#8220;Tania Libertad&#8221;<\/strong> (Per\u00fa)<br \/>\nM\u00fasica &#8211; 19:30 hrs<br \/>\nAlameda del Bicentenario<\/p>\n<p><strong>&#8220;Carmen Fuente y su grupo de Jazz&#8221;<\/strong>, UAEM (Estado de M\u00e9xico)<br \/>\nM\u00fasica &#8211; 19:00 hrs<br \/>\nCasa Abierta<\/p>\n<p><strong>&#8220;Compa\u00f1\u00eda de danza Mangala Bhatt&#8221;<\/strong> FIC (India) Danza 18:00 hrs<br \/>\nJard\u00edn Principal de Valle de Bravo<\/p>\n<p><strong>&#8220;La Trouppe&#8221;<\/strong>(Distrito Federal)<br \/>\nTeatro Infantil &#8211; 19:00 hrs<br \/>\nDelegaci\u00f3n de Colorines<\/p>\n<p><strong>&#8220;Los Colibr\u00edes&#8221;<\/strong> (Estado de M\u00e9xico)<br \/>\nM\u00fasica &#8211; 17:00 hrs<br \/>\nExplanada Externa de la Alameda del Bicentenario<\/p>\n<h3>Programa Domingo 31 de octubre<\/h3>\n<p><strong>&#8220;Ballet Folkl\u00f3rico de M\u00e9xico de Amalia Hern\u00e1ndez&#8221;<\/strong> (M\u00e9xico)<br \/>\nDanza &#8211; 19:30 hrs<br \/>\nAlameda del Bicentenario<\/p>\n<p><strong>&#8220;Tanto so\u00f1\u00e9 de ti&#8221;<\/strong><br \/>\nTeatro Entre 2 y Genial Prod\u2019 (Francia)<br \/>\nTeatro &#8211; 17:00 hrs<br \/>\nAuditorio Manuel Hinojosa Giles (Esc. Primaria Joaqu\u00edn Arcadio Pagaza)<\/p>\n<p><strong>&#8220;Grupo de Danza Cl\u00e1sica del IMC&#8221;<\/strong> (Estado de M\u00e9xico)<br \/>\nDanza &#8211; 18:00 hrs<br \/>\nCentro Regional de Cultura &#8220;Joaqu\u00edn Arcadio Pagaza&#8221;<\/p>\n<p><strong>&#8220;Hugo Col\u00edn Tenor, soprano y pianista&#8221;<\/strong> (Distrito Federal)<br \/>\nM\u00fasica 17:00 hrs<br \/>\nMuseo \u201cJoaqu\u00edn Arcadio Pagaza\u201d<\/p>\n<p><strong>&#8220;Musical Cisnes&#8221; <\/strong>(Estado de M\u00e9xico)<br \/>\nM\u00fasica &#8211; 16:00 hrs<br \/>\nJard\u00edn Principal de Valle de Bravo<\/p>\n<p><strong>&#8220;Los Comandantes de Tollocan, ASE&#8221;<\/strong> (Estado de M\u00e9xico)<br \/>\nM\u00fasica &#8211; 19:00 hrs<br \/>\nDelegaci\u00f3n de Colorines<\/p>\n<p><strong>&#8220;Grupo y Muestra Gastron\u00f3mica&#8221;<\/strong> (Estado de M\u00e9xico)<br \/>\n12:00 hrs<br \/>\nExplanada Externa De La Alameda Del Bicentenario<\/p>\n<h3>Programa Lunes 1\u00ba de Noviembre<\/h3>\n<p><strong>&#8220;Compa\u00f1\u00eda de Marionetas del IMC&#8221;<\/strong> (Estado de M\u00e9xico)<br \/>\nTeatro &#8211; 18:00 hrs<br \/>\nCentro Regional De Cultura \u201cJoaqu\u00edn Arcadio Pagaza\u201d<\/p>\n<p><strong>&#8220;Sr. Lodsh&#8221;<\/strong> (Estado de M\u00e9xico)<br \/>\nM\u00fasica &#8211; 17:00 hrs<br \/>\nMuseo \u201cJoaqu\u00edn Arcadio Pagaza\u201d<\/p>\n<p><strong>&#8220;Retorno a Mictl\u00e1n&#8221;<\/strong><br \/>\nCompa\u00f1\u00eda Art\u00edstica Tlatemoani (Distrito Federal)<br \/>\nTeatro &#8211; 18:00 hrs<br \/>\nJard\u00edn Principal de Valle de Bravo<\/p>\n<p><strong>&#8220;Hobbeat&#8221; <\/strong> (M\u00e9xico)<br \/>\nRock infantil\u00a0 &#8211; 17:00 hrs<br \/>\nDelegaci\u00f3n de Colorines<\/p>\n<p><strong>&#8220;Tlatzutzunqui&#8221;<\/strong> (Estado de M\u00e9xico)<br \/>\nM\u00fasica Tradicional en Lengua N\u00e1huatl &#8211; 17:00 hrs<br \/>\nExplanada Externa De La Alameda Del Bicentenario<\/p>\n<p><strong>&#8220;Anjou, un cuento de horror&#8221;<\/strong><br \/>\nAsociaci\u00f3n Thomas Jefferson Musical Theatre Company Foundation, A.C. (M\u00e9xico)<br \/>\n19:30 hrs<br \/>\nAlameda del Bicentenario<\/p>\n<h3>Programa Martes 2 de noviembre<\/h3>\n<p><strong>&#8220;Ballet Folcl\u00f3rico del Estado de M\u00e9xico y Renacimiento&#8221;<\/strong> (M\u00e9xico)<br \/>\nDanza &#8211; 19:30 hrs<br \/>\nAlameda del Bicentenario<\/p>\n<p><strong>&#8220;El Ahijado de la Muerte&#8221;<\/strong><br \/>\nIgnacio L\u00f3pez Tarso (Distrito Federal)<br \/>\nMon\u00f3logo &#8211; 19:00 hrs<br \/>\nAuditorio Manuel Hinojosa Giles (Esc. Primaria Joaqu\u00edn Arcadio Pagaza)<\/p>\n<p><strong>&#8220;Cine Infantil&#8221;<\/strong><br \/>\n10:00 hrs Y 12:00 hrs<br \/>\nCentro Regional De Cultura \u201cJoaqu\u00edn Arcadio Pagaza\u201d<\/p>\n<p><strong>&#8220;Concierto de Guitarra Cl\u00e1sica&#8221;<\/strong><br \/>\nH\u00e9ctor Sommaruga (M\u00e9xico-Uruguay)<br \/>\nM\u00fasica &#8211; 18:00 hrs<br \/>\nCentro Regional De Cultura \u201cJoaqu\u00edn Arcadio Pagaza\u201d<\/p>\n<p><strong>&#8220;Tloke-Nahuake&#8221;<\/strong> (Estado de M\u00e9xico)<br \/>\nDanza &#8211; 18:00 hrs<br \/>\nJard\u00edn Principal de Valle de Bravo<br \/>\n<strong>&#8220;Ra\u00edces, el culto a la vida a trav\u00e9s de la muerte&#8221; <\/strong><br \/>\nGrupo Bambalinas (Estado de M\u00e9xico)<br \/>\nTeatro &#8211; 19:00 h<br \/>\nDelegaci\u00f3n De Colorines<\/p>\n<p><strong>&#8220;Cuicani UAEM&#8221;<\/strong> (Estado de M\u00e9xico)<br \/>\nM\u00fasica &#8211; 17:00 hrs<br \/>\nExplanada Externa De La Alameda Del Bicentenario<\/p>\n<p><!--nextpage--><\/p>\n<h3>Programa Mi\u00e9rcoles 3 de noviembre<\/h3>\n<p><strong>&#8220;Fito P\u00e1ez y sus Amigos&#8221;<\/strong> (Argentina)<br \/>\nM\u00fasica &#8211; 19:30 hrs<br \/>\nAlameda del Bicentenario<\/p>\n<p><strong>&#8220;Ensamble Kaleidoscoph&#8221;<\/strong> (M\u00e9xico-Ucrania)<br \/>\nM\u00fasica &#8211; 18:00 hrs<br \/>\nTemplo De Santa Mar\u00eda<\/p>\n<p><strong>&#8220;Las reglas del buen vivir en la sociedad moderna&#8221; <\/strong><br \/>\nTeatro horizontal (Distrito Federal)<br \/>\nMon\u00f3logo &#8211; 17:00 hrs<br \/>\nAuditorio Manuel Hinojosa Giles (Esc. Primaria Joaqu\u00edn Arcadio Pagaza)<\/p>\n<p><strong>&#8220;Coro de C\u00e1mara de la UAEM&#8221; <\/strong>(Estado de M\u00e9xico)<br \/>\nM\u00fasica 17:00 hrs<br \/>\nCasa De Oraci\u00f3n Carmel Maranath\u00e1<\/p>\n<p><strong>&#8220;Cine infantil&#8221;<\/strong><br \/>\n10:00 hrs y 12:00 hrs<br \/>\nCentro Regional De Cultura \u201cJoaqu\u00edn Arcadio Pagaza\u201d<\/p>\n<p><strong>&#8220;Gustavo G. Vel\u00e1zquez&#8221;<\/strong>, el historiador, periodista y catedr\u00e1tico universitario<br \/>\nParticipan: Virna Vel\u00e1zquez Vilchis, Sergio L\u00f3pez Mena y Gerardo Novo Valencia Moderador: Benjam\u00edn Araujo (Estado de M\u00e9xico)<br \/>\nMesa redonda &#8211; 17:00 hrs<br \/>\nCentro Regional de Cultura &#8220;Joaqu\u00edn Arcadio Pagaza&#8221;<\/p>\n<p>&#8220;Grupo de Danza Contempor\u00e1nea de la EBAT&#8221; (Estado de M\u00e9xico)<br \/>\nDanza &#8211; 18:00 hrs<br \/>\nJard\u00edn Principal de Valle de Bravo<\/p>\n<p><strong>&#8220;Orquesta Sinf\u00f3nica de la EBAT&#8221;<\/strong> (Estado de M\u00e9xico)<br \/>\nM\u00fasica &#8211; 19:00 hrs<br \/>\nDelegaci\u00f3n de Colorines<\/p>\n<p><strong>&#8220;Los H\u00e9roes In\u00fatiles&#8221;<\/strong><br \/>\nGrupo de teatro independiente Caminantes (Estado de M\u00e9xico)<br \/>\nTeatro &#8211; 11:00 hrs<br \/>\nInstituciones Educativas de Nivel Medio Superior y Superior &#8211; Escuela Secundaria Juan Antonio Mateos<\/p>\n<p><strong>&#8220;Las Etnias Mazahuas y Matlatzincas&#8221;<\/strong> (Estado de M\u00e9xico)<br \/>\nConferencia &#8211; 12:00 hrs<br \/>\nEscuela Secundaria Guadalupe Victoria Lestonac<\/p>\n<p><strong>&#8220;El Legado de la Revoluci\u00f3n Mexicana&#8221;<\/strong> (M\u00e9xico)<br \/>\nConferencia &#8211; 12:00 hrs<br \/>\n(Subdirecci\u00f3n de Publicaciones)<br \/>\nEscuela Normal De Valle De Bravo<\/p>\n<p><strong>&#8220;Enlaces Cruzados, Estampas del Bicentenario&#8221;<\/strong><br \/>\nde Sandra Turlay (Estado de M\u00e9xico)<br \/>\nLectura en atril &#8211; 12:00 hrs<br \/>\nTecnol\u00f3gico De Estudios Superiores De Valle De Bravo<\/p>\n<p><strong>&#8220;Octeto Vocal del IMC&#8221;<\/strong> (Estado de M\u00e9xico)<br \/>\nM\u00fasica &#8211; 12:00 hrs<br \/>\nEstic y Estis Gral. L\u00e1zaro C\u00e1rdenas<\/p>\n<h3>Programa Jueves 4 de noviembre<\/h3>\n<p><strong>&#8220;Furiosa Sustancia&#8221;<\/strong> Colecci\u00f3n: Tunastralia No. 6<br \/>\nAutor: Roberto Fern\u00e1ndez Iglesias<br \/>\nComenta: Margarita Monroy (Estado de M\u00e9xico)<br \/>\nPresentaci\u00f3n de libro &#8211; 12:00 hrs<br \/>\nEscuela Normal De Valle De Bravo<\/p>\n<p><strong>&#8220;Les 7 Doigts de la Main&#8221;<\/strong> (Los 7 Dedos de La Mano) &#8211; (Canad\u00e1)<br \/>\nArte Circense &#8211; 19:30 hrs<br \/>\nAlameda del Bicentenario<\/p>\n<p><strong>&#8220;Eva Mar\u00eda Zuk&#8221;<\/strong> (Estado de M\u00e9xico)<br \/>\nM\u00fasica &#8211; 18:00 hrs<br \/>\nTemplo de Santa Mar\u00eda<\/p>\n<p><strong>&#8220;Ra\u00edces, el Culto a la Vida a trav\u00e9s de la Muerte&#8221;<\/strong><br \/>\nGrupo Bambalinas (Estado de M\u00e9xico)<br \/>\nTeatro &#8211; 11:00 hrs<br \/>\nAuditorio Manuel Hinojosa Giles (Esc. Primaria Joaqu\u00edn Arcadio Pagaza)<\/p>\n<p><strong>&#8220;El Poeta Gustavo G. Vel\u00e1zquez&#8221;<\/strong><br \/>\nParticipan: Oscar Wong y Flor Cecilia Reyes (Estado de M\u00e9xico)<br \/>\nMesa Redonda: 17:00 hrs<br \/>\nCentro Regional de Cultura &#8220;Joaqu\u00edn Arcadio Pagaza&#8221;<\/p>\n<p><strong>&#8220;Cuarteto de Cuerdas Paax&#8221;<\/strong> (M\u00e9xico-Rusia)<br \/>\nM\u00fasica &#8211; 17:00 hrs<br \/>\nMuseo \u201cJoaqu\u00edn Arcadio Pagaza\u201d<\/p>\n<p><strong>&#8220;Grupo de Jazz de la EBAT&#8221;<\/strong> (Estado de M\u00e9xico)<br \/>\nM\u00fasica &#8211; 18:00 hrs<br \/>\nMuseo \u201cJoaqu\u00edn Arcadio Pagaza\u201d<\/p>\n<p><strong>&#8220;Rondalla Nezahualc\u00f3yotl UAEM&#8221;<\/strong> (Estado de M\u00e9xico)<br \/>\nM\u00fasica &#8211; 17:00 hrs<br \/>\nDelegaci\u00f3n De Colorines<\/p>\n<p><strong>&#8220;Pinturas rupestres, maquetas prehisp\u00e1nicas y petroglifos en Valle de Bravo&#8221;<\/strong><br \/>\nConferencia &#8211; 11:00 hrs<br \/>\nInstituciones Educativas de Nivel Medio Superior y Superior Escuela Secundaria Juan Antonio Mateos<\/p>\n<p><strong>&#8220;Coro Juvenil de la EBAT&#8221; <\/strong>(Estado de M\u00e9xico)<br \/>\nM\u00fasica &#8211; 11:00 hrs<br \/>\nEscuela Secundaria Lic. Adolfo L\u00f3pez Mateos<\/p>\n<p><strong>&#8220;Furiosa Sustancia&#8221;<\/strong> Colecci\u00f3n: Tunastralia No. 6<br \/>\nAutor: Roberto Fern\u00e1ndez Iglesias<br \/>\nComenta: Margarita Monroy (Estado de M\u00e9xico)<br \/>\nPresentaci\u00f3n de libro &#8211; 12:00 h<br \/>\nEscuela Normal De Valle De Bravo<\/p>\n<p><strong>&#8220;Protagonistas de las novelas de la Revoluci\u00f3n Mexicana&#8221;<\/strong> (M\u00e9xico)<br \/>\nPresentaci\u00f3n de libro &#8211; 12:00 h<br \/>\n(Subdirecci\u00f3n de Publicaciones)<br \/>\nInstituto Universitario Auriga<\/p>\n<p><strong>&#8220;Alfredo Esquivel Cuarenta&#8221;<\/strong> (Estado de M\u00e9xico)<br \/>\nM\u00fasica &#8211; 11:00 hrs<br \/>\nTecnol\u00f3gico De Estudios Superiores De Valle De Bravo<\/p>\n<p><strong>&#8220;Ju\u00e1rez Y Su Familia&#8221;<\/strong> &#8211; Entre la Independencia y la Revoluci\u00f3n Mexicana (M\u00e9xico)<br \/>\nConferencia magistral &#8211; 19:00 hrs<br \/>\n(Subdirecci\u00f3n de Publicaciones)<br \/>\nSubsedes : Museo \u201cJos\u00e9 Ma. Velasco\u201d (Toluca)<\/p>\n<p><!--nextpage--><\/p>\n<h3>Programa Viernes 5 de noviembre<\/h3>\n<p><strong>&#8220;Teatro Kal\u00fariz&#8221;<\/strong> (Distrito Federal)<br \/>\nCirco, maroma y teatro &#8211; 11:00 h<br \/>\nAuditorio Manuel Hinojosa Giles (Esc. Primaria Joaqu\u00edn Arcadio Pagaza)<\/p>\n<p><strong>&#8220;Izcalli Jazz Band&#8221;<\/strong> (Estado de M\u00e9xico)<br \/>\nM\u00fasica &#8211; 18:00 hrs<br \/>\nCasa Abierta<\/p>\n<p><strong>&#8220;M\u00fasica Sacra de los siglos XVI y XX&#8221; <\/strong><br \/>\nGrupo Forsa (Nuevo Le\u00f3n)<br \/>\nM\u00fasica &#8211; 17:00 h<br \/>\nCasa De Oraci\u00f3n Carmel Maranath\u00e1<\/p>\n<p><strong>&#8220;Cine infantil&#8221;<\/strong><br \/>\n10:00 hrs y 12:00 hrs<br \/>\nCentro Regional de Cultura &#8220;Joaqu\u00edn Arcadio Pagaza&#8221;<\/p>\n<p><strong>&#8220;El Cuervo y El Halc\u00f3n&#8221;<\/strong> De Bertha Balestra (Estado de M\u00e9xico)<br \/>\nPresentaci\u00f3n de libro &#8211; 17:00 h<br \/>\nCentro Regional de Cultura &#8220;Joaqu\u00edn Arcadio Pagaza&#8221;<\/p>\n<p><strong>&#8220;Velada literaria y callejoneada&#8221; <\/strong>(M\u00e9xico)<br \/>\nLiteratura y m\u00fasica &#8211; 19:00 hrs<br \/>\nMuseo \u201cJoaqu\u00edn Arcadio Pagaza\u201d<\/p>\n<p><strong>&#8220;Marcial Trujillo&#8221; <\/strong>(Estado de M\u00e9xico)<br \/>\nM\u00fasica &#8211; 17:00 hrs<br \/>\nJard\u00edn Principal de Valle de Bravo<\/p>\n<p><strong>&#8220;Danzart&#8221;<\/strong> (Estado de M\u00e9xico)<br \/>\nDanza &#8211; 17:00 hrs<br \/>\nDelegaci\u00f3n de Colorines<\/p>\n<p><strong>&#8220;De Reyes, Herreros y Otros Dulces&#8221; <\/strong><br \/>\nGrupo de Teatro de la EBAT (Estado de Me\u0301xico)<br \/>\nTeatro &#8211; 12:00 hrs<br \/>\nEscuela Normal De Valle De Bravo<\/p>\n<p><strong>&#8220;Arqueolog\u00eda de la Regi\u00f3n de Valle de Bravo&#8221;<\/strong> (Estado de M\u00e9xico)<br \/>\nConferencia &#8211; 10:00 hrs<br \/>\nTecnol\u00f3gico De Estudios Superiores De Valle De Bravo<\/p>\n<p><strong>&#8220;Concierto de Camila&#8221;<\/strong> (M\u00e9xico)<br \/>\nM\u00fasica Pop 19:30 hrs<\/p>\n<h3>Programa S\u00e1bado 6 de noviembre<\/h3>\n<p><strong>&#8220;Mistic Apple&#8221;<\/strong> (Distrito Federal)<br \/>\nM\u00fasica &#8211; 18:00 hrs<br \/>\nJard\u00edn Principal de Valle de Bravo<\/p>\n<p><strong>&#8220;Ballet Folcl\u00f3rico del Estado de M\u00e9xico&#8221; <\/strong>(Estado de M\u00e9xico)<br \/>\nDanza &#8211; 18:00 hrs<br \/>\nDelegaci\u00f3n De Colorines<\/p>\n<p><strong>CLAUSURA:<\/strong><br \/>\n<strong>&#8220;Eugenia Le\u00f3n y Ram\u00f3n Vargas&#8221;<\/strong> (M\u00e9xico)<br \/>\nM\u00fasica &#8211; 19:00 hrs<br \/>\nAlameda del Bicentenario<\/p>\n","protected":false},"excerpt":{"rendered":"<p>8\u00ba Edici\u00f3n del Festival de las Almas del 29 de Octubre al 6 de Noviembre de 2010. Faltan pocos d\u00edas<\/p>\n","protected":false},"author":2,"featured_media":7020,"comment_status":"open","ping_status":"open","sticky":false,"template":"","format":"standard","meta":[],"categories":[37,14],"tags":[346,363,400,551,816,896,1163,1249],"_links":{"self":[{"href":"https:\/\/www.travelbymexico.com\/blog\/wp-json\/wp\/v2\/posts\/5007"}],"collection":[{"href":"https:\/\/www.travelbymexico.com\/blog\/wp-json\/wp\/v2\/posts"}],"about":[{"href":"https:\/\/www.travelbymexico.com\/blog\/wp-json\/wp\/v2\/types\/post"}],"author":[{"embeddable":true,"href":"https:\/\/www.travelbymexico.com\/blog\/wp-json\/wp\/v2\/users\/2"}],"replies":[{"embeddable":true,"href":"https:\/\/www.travelbymexico.com\/blog\/wp-json\/wp\/v2\/comments?post=5007"}],"version-history":[{"count":4,"href":"https:\/\/www.travelbymexico.com\/blog\/wp-json\/wp\/v2\/posts\/5007\/revisions"}],"predecessor-version":[{"id":7619,"href":"https:\/\/www.travelbymexico.com\/blog\/wp-json\/wp\/v2\/posts\/5007\/revisions\/7619"}],"wp:featuredmedia":[{"embeddable":true,"href":"https:\/\/www.travelbymexico.com\/blog\/wp-json\/wp\/v2\/media\/7020"}],"wp:attachment":[{"href":"https:\/\/www.travelbymexico.com\/blog\/wp-json\/wp\/v2\/media?parent=5007"}],"wp:term":[{"taxonomy":"category","embeddable":true,"href":"https:\/\/www.travelbymexico.com\/blog\/wp-json\/wp\/v2\/categories?post=5007"},{"taxonomy":"post_tag","embeddable":true,"href":"https:\/\/www.travelbymexico.com\/blog\/wp-json\/wp\/v2\/tags?post=5007"}],"curies":[{"name":"wp","href":"https:\/\/api.w.org\/{rel}","templated":true}]}}