{"id":4960,"date":"2010-10-20T13:32:36","date_gmt":"2010-10-20T18:32:36","guid":{"rendered":"http:\/\/travelbymexico.com\/blog\/?p=4960"},"modified":"2011-06-04T12:58:15","modified_gmt":"2011-06-04T17:58:15","slug":"dia-de-muertos-2010en-xochimilco","status":"publish","type":"post","link":"https:\/\/www.travelbymexico.com\/blog\/4960-dia-de-muertos-2010en-xochimilco\/","title":{"rendered":"D\u00eda de Muertos 2010 en Xochimilco"},"content":{"rendered":"<h2>Eventos Relacionados con el D\u00eda de Muertos 2010 en Xochimilco.<\/h2>\n<h3>15 Feria de la Flor de Cempas\u00fachil<\/h3>\n<p><strong>Mercado de Plantas San Luis Tlaxialtemalco <\/strong><\/p>\n<p>(Carretera\u00a0 Tulyehualco-Xochimilco)<br \/>\ndel 15 al 31 de Octubre 2010<\/p>\n<p>En donde podr\u00e1s conseguir las tradicionales flores de D\u00eda de Muertos a los mejores precios. Del Productor al Consumidor.<br \/>\nEntrada Libre.<\/p>\n<h3>Eventos en el Museo Dolores Olmedo<\/h3>\n<p>Av. M\u00e9xico 5843, La Noria, Xochimilco, M\u00e9xico, D.F.<\/p>\n<p><strong>12\u00ba Concurso de Disfraces de la Calavera Catrina<\/strong><br \/>\nTradicional concurso de disfraces que llevar\u00e1 este a\u00f1o por tema: La Catrina Independiente y Revolucionaria.<\/p>\n<h3>Ofrenda de Muertos 2010<\/h3>\n<p>\u201cIndependencia y Revoluci\u00f3n\u201d<br \/>\nDel 26 de octubre al 9 de enero de 2011<\/p>\n<p>Este a\u00f1o, la tradicional Ofrenda de Muertos del Museo Dolores Olmedo presentar\u00e1 una exposici\u00f3n de calacas de cartoner\u00eda que representan escenas de las gestas heroicas que tuvieron lugar durante la Revoluci\u00f3n Mexicana y el Movimiento de su Independencia mientras que en el Altar de Muertos dedicado al estado de Chiapas, se podr\u00e1 apreciar una capilla abierta de tres arcos rebozados con laca decorada con figuras de jaguares y alfarer\u00eda chiapaneca.<\/p>\n<h3>&#8220;Retorno al Mictl\u00e1n&#8221;<\/h3>\n<p>Espect\u00e1culo de D\u00eda de Muertos<br \/>\nTeatro &#8211; Danza &#8211; M\u00fasica en Vivo<\/p>\n<p>En el Embarcadero Fernando Celada, Col. Centro, Xochimilco.<\/p>\n<p>15, 16, 17, 22, 23, 24, 29, 30, 31 de Octubre a las 19:00 horas.<br \/>\n1, 2, 5, 6, 7, 12, 13, 14 de Noviembre a las 19:00 horas.<\/p>\n<p>31 de Octubre y 1 de Noviembre: Doble Funci\u00f3n 19:00 y 21:00 horas.<\/p>\n<p>Costo: $130 pesos por persona, $100 pesos con descuento a maestros, estudiantes, INAPAM, jubilados y pensionados.<\/p>\n","protected":false},"excerpt":{"rendered":"<p>Eventos Relacionados con el D\u00eda de Muertos 2010 en Xochimilco. 15 Feria de la Flor de Cempas\u00fachil Mercado de Plantas<\/p>\n","protected":false},"author":2,"featured_media":7004,"comment_status":"open","ping_status":"open","sticky":false,"template":"","format":"standard","meta":[],"categories":[14],"tags":[76,410,580,878,1285],"_links":{"self":[{"href":"https:\/\/www.travelbymexico.com\/blog\/wp-json\/wp\/v2\/posts\/4960"}],"collection":[{"href":"https:\/\/www.travelbymexico.com\/blog\/wp-json\/wp\/v2\/posts"}],"about":[{"href":"https:\/\/www.travelbymexico.com\/blog\/wp-json\/wp\/v2\/types\/post"}],"author":[{"embeddable":true,"href":"https:\/\/www.travelbymexico.com\/blog\/wp-json\/wp\/v2\/users\/2"}],"replies":[{"embeddable":true,"href":"https:\/\/www.travelbymexico.com\/blog\/wp-json\/wp\/v2\/comments?post=4960"}],"version-history":[{"count":4,"href":"https:\/\/www.travelbymexico.com\/blog\/wp-json\/wp\/v2\/posts\/4960\/revisions"}],"predecessor-version":[{"id":7629,"href":"https:\/\/www.travelbymexico.com\/blog\/wp-json\/wp\/v2\/posts\/4960\/revisions\/7629"}],"wp:featuredmedia":[{"embeddable":true,"href":"https:\/\/www.travelbymexico.com\/blog\/wp-json\/wp\/v2\/media\/7004"}],"wp:attachment":[{"href":"https:\/\/www.travelbymexico.com\/blog\/wp-json\/wp\/v2\/media?parent=4960"}],"wp:term":[{"taxonomy":"category","embeddable":true,"href":"https:\/\/www.travelbymexico.com\/blog\/wp-json\/wp\/v2\/categories?post=4960"},{"taxonomy":"post_tag","embeddable":true,"href":"https:\/\/www.travelbymexico.com\/blog\/wp-json\/wp\/v2\/tags?post=4960"}],"curies":[{"name":"wp","href":"https:\/\/api.w.org\/{rel}","templated":true}]}}