{"id":4772,"date":"2010-09-16T15:15:02","date_gmt":"2010-09-16T20:15:02","guid":{"rendered":"http:\/\/travelbymexico.com\/blog\/?p=4772"},"modified":"2011-06-04T15:54:22","modified_gmt":"2011-06-04T20:54:22","slug":"mascaras-mexicanas-en-zacatecas","status":"publish","type":"post","link":"https:\/\/www.travelbymexico.com\/blog\/4772-mascaras-mexicanas-en-zacatecas\/","title":{"rendered":"M\u00e1scaras Mexicanas en Zacatecas"},"content":{"rendered":"<h2>A unas escasas cuadras de la <a title=\"Catedral de Zacatecas\" href=\"http:\/\/www.travelbymexico.com\/zacatecas\/atractivos\/index.php?nom=kzaccatedral\" target=\"_self\">Catedral de Zacatecas<\/a> se encuentra el <a title=\"Ex Convento de San Francisco\" href=\"http:\/\/www.travelbymexico.com\/zacatecas\/atractivos\/index.php?nom=kzacsanfco&amp;don=20\" target=\"_self\">Ex-Convento de San Francisco<\/a>, una construcci\u00f3n religiosa edificada en 1567 que alberga desde el a\u00f1o de 1990 al <a title=\"Rese\u00f1a y fotograf\u00edas Museo Rafael Coronel en Zacatecas\" href=\"http:\/\/www.travelbymexico.com\/zacatecas\/atractivos\/?nom=kzacrafcor&amp;don=10\" target=\"_blank\">Museo Rafael Coronel <\/a>y a sus excepcionales colecciones de arte popular mexicano.<\/h2>\n<p>&#8220;El acervo de este museo se integra con las colecciones de objetos art\u00edsticos que han ofrecido generosamente al pueblo zacatecano, el distinguido pintor <strong>Rafael Coronel<\/strong>, recopilador de m\u00e1scaras mexicanas y de ollas prehisp\u00e1nicas y propietario de la colecci\u00f3n de los antiguos t\u00edteres de Rosette Aranda y de la de Terracotas de la \u00e9poca colonial; y su hijo <strong>Juan Coronel Rivera<\/strong>, heredero de la colecci\u00f3n de dibujos arquitect\u00f3nicos relacionados con el Museo Anahuacalli, realizados por su abuelo, el prestigiado pintor mexicano <strong>Diego Rivera&#8221;<\/strong>.<\/p>\n<h3><span style=\"text-decoration: underline;\">Colecciones que conforman el Museo Rafael Coronel:<\/span><\/h3>\n<p><span style=\"text-decoration: underline;\"><strong>El Rostro de M\u00e9xico<\/strong><\/span><\/p>\n<p>Integrada por <span style=\"text-decoration: underline;\">m\u00e1s de cinco mil m\u00e1scaras mexicanas<\/span> clasificadas seg\u00fan los siguientes temas:<\/p>\n<p>La Conquista,<br \/>\nMoros y Cristianos,<br \/>\nLa Diablada,<br \/>\nLas Pastorelas,<br \/>\nLas Danzas,<br \/>\nM\u00e1scaras Ind\u00edgenas,<br \/>\nEl Mundo Fant\u00e1stico de las M\u00e1scaras,<br \/>\nLos Animales.<\/p>\n<p><span style=\"text-decoration: underline;\"><strong> <\/strong><\/span><\/p>\n<p><span style=\"text-decoration: underline;\"><strong><a class=\"galeria izquierda\" title=\"Terracotas de la \u00c9poca Colonial, colecci\u00f3n particular de Rafael Coronel\" href=\"http:\/\/travelbymexico.com\/blog\/imgBase\/2010\/09\/DSC08191.jpg\"><img loading=\"lazy\" title=\"Terracotas de la \u00c9poca Colonial, colecci\u00f3n particular de Rafael Coronel\" src=\"http:\/\/travelbymexico.com\/blog\/imgBase\/2010\/09\/DSC08191-230x172.jpg\" alt=\"\" width=\"230\" height=\"172\" \/><\/a><br \/>\nEn Tiempos de la Colonia<\/strong><\/span><br \/>\nColecci\u00f3n de mil terracotas coloniales, elaboradas entre los siglos XVII y XVIII.<\/p>\n<p><span style=\"text-decoration: underline;\"><strong>La Sala de la Olla<\/strong><\/span><br \/>\nMuestra una singular variedad de ollas y vasijas prehisp\u00e1nicas.<\/p>\n<p><span style=\"text-decoration: underline;\"><strong>Las tandas de Rosete Aranda<\/strong><\/span><br \/>\nT\u00edteres creados por Antonio Rosete y Mar\u00eda de la Luz Aranda, que hicieron el deleite de Pedro Coronel<\/p>\n<p><span style=\"text-decoration: underline;\"><strong>Autorretrato de Diego ni\u00f1o<\/strong><\/span><br \/>\nEstudio del autorretrato de Diego ni\u00f1o, dibujos, bocetos y proyectos arquitect\u00f3nicos de Diego Rivera.<br \/>\n<span style=\"text-decoration: underline;\"><strong><br \/>\nSala Especial<\/strong><\/span><br \/>\nSe muestran las C\u00e9dulas Reales de la Ciudad (t\u00edtulo y escudo de armas), concedidas por Felipe II en 1585 y 1588 respectivamente; as\u00ed como el pend\u00f3n de la ciudad que data del a\u00f1o 1593.<\/p>\n<p>Abierto de 10:00 a 16:30 &#8211; Cerrado los Mi\u00e9rcoles<\/p>\n<p>Adulto y ni\u00f1os mayores de 10 a\u00f1os: $30 pesos<\/p>\n<p><a title=\"Atractivos Tur\u00edsticos de Zacatecas\" href=\"http:\/\/www.travelbymexico.com\/zacatecas\/atractivos\" target=\"_self\">Descubre los Atractivos Tur\u00edsticos de la Ciudad de Zacatecas<\/a><\/p>\n","protected":false},"excerpt":{"rendered":"<p>A unas escasas cuadras de la Catedral de Zacatecas se encuentra el Ex-Convento de San Francisco, una construcci\u00f3n religiosa edificada<\/p>\n","protected":false},"author":2,"featured_media":6942,"comment_status":"open","ping_status":"open","sticky":false,"template":"","format":"standard","meta":[],"categories":[9,24],"tags":[416,797,886,1290],"_links":{"self":[{"href":"https:\/\/www.travelbymexico.com\/blog\/wp-json\/wp\/v2\/posts\/4772"}],"collection":[{"href":"https:\/\/www.travelbymexico.com\/blog\/wp-json\/wp\/v2\/posts"}],"about":[{"href":"https:\/\/www.travelbymexico.com\/blog\/wp-json\/wp\/v2\/types\/post"}],"author":[{"embeddable":true,"href":"https:\/\/www.travelbymexico.com\/blog\/wp-json\/wp\/v2\/users\/2"}],"replies":[{"embeddable":true,"href":"https:\/\/www.travelbymexico.com\/blog\/wp-json\/wp\/v2\/comments?post=4772"}],"version-history":[{"count":5,"href":"https:\/\/www.travelbymexico.com\/blog\/wp-json\/wp\/v2\/posts\/4772\/revisions"}],"predecessor-version":[{"id":7670,"href":"https:\/\/www.travelbymexico.com\/blog\/wp-json\/wp\/v2\/posts\/4772\/revisions\/7670"}],"wp:featuredmedia":[{"embeddable":true,"href":"https:\/\/www.travelbymexico.com\/blog\/wp-json\/wp\/v2\/media\/6942"}],"wp:attachment":[{"href":"https:\/\/www.travelbymexico.com\/blog\/wp-json\/wp\/v2\/media?parent=4772"}],"wp:term":[{"taxonomy":"category","embeddable":true,"href":"https:\/\/www.travelbymexico.com\/blog\/wp-json\/wp\/v2\/categories?post=4772"},{"taxonomy":"post_tag","embeddable":true,"href":"https:\/\/www.travelbymexico.com\/blog\/wp-json\/wp\/v2\/tags?post=4772"}],"curies":[{"name":"wp","href":"https:\/\/api.w.org\/{rel}","templated":true}]}}