{"id":4670,"date":"2010-09-06T20:55:01","date_gmt":"2010-09-07T01:55:01","guid":{"rendered":"http:\/\/travelbymexico.com\/blog\/?p=4670"},"modified":"2011-06-04T16:33:59","modified_gmt":"2011-06-04T21:33:59","slug":"expo-guanajuato-bicentenario","status":"publish","type":"post","link":"https:\/\/www.travelbymexico.com\/blog\/4670-expo-guanajuato-bicentenario\/","title":{"rendered":"Expo Guanajuato Bicentenario"},"content":{"rendered":"<h2>Del 17 de julio al <span style=\"text-decoration: line-through;\">20 de noviembre de 2010<\/span>.<\/h2>\n<h2>Aviso Importante: Gracias al \u00e9xito y demanda que externaron los visitantes de la Expo Guanajuato, <strong>se extender\u00e1 hasta el 30 de Enero 2011. <\/strong><em>Consultar la <\/em><a title=\"Se extiende la Expo Guanajuato Bicentenario\" href=\"http:\/\/www.vamosaguanajuato.com\/gto\/esp\/?mod=extiendeExpo\" target=\"_blank\">Fuente<\/a><em> de esta informaci\u00f3n. <\/em><\/h2>\n<p><em> <\/em>En <strong>Expo Guanajuato Bicentenario<\/strong> encontrar\u00e1s un sinf\u00edn de atractivos en donde podr\u00e1s aprender divirti\u00e9ndote as\u00ed como instalaciones de la m\u00e1s alta calidad creadas con el objetivo de fortalecer la identidad de los mexicanos en el marco de los festejos del Centenario de la Revoluci\u00f3n y del Bicentenario de la Independencia nacional.<\/p>\n<p>Este espacio conmemorativo de 14.5 hect\u00e1reas, ubicado entre las ciudades de Guanajuato, Silao y Le\u00f3n. Carretera de Cuota Silao-Gto. Km 3.8, cuenta con 7 pabellones tem\u00e1ticos y varias \u00e1reas en donde se llevan a cabo foros, congresos, espect\u00e1culos, conciertos, eventos culturales y educativos.<\/p>\n<h3>Pabellones:<\/h3>\n<p><span style=\"text-decoration: underline;\"><strong>*Pabello\u0301n del Man\u0303ana<\/strong><\/span><\/p>\n<p>Exposici\u00f3n &#8220;390 ppm Planeta Alterado&#8221;.<br \/>\nAborda el tema del cambio clim\u00e1tico, con exposiciones interactivas sobre las consecuencias de la acci\u00f3n del ser humano en el pasado, presente y futuro del planeta.<\/p>\n<p>En este espacio, el visitante podr\u00e1 observar tres testigos del lejano pasado de la humanidad: el <span style=\"text-decoration: underline;\">esqueleto del reptil marino de Aramberri<\/span>; fue encontrado en Nuevo Le\u00f3n, mide 18 metros de largo y tiene aproximadamente 150 millones de a\u00f1os ; un <span style=\"text-decoration: underline;\">beb\u00e9 mamut momificado<\/span>, tra\u00eddo de Rusia y apodado &#8220;Dima&#8221;; y la Mujer de las Palmas, la <span style=\"text-decoration: underline;\">mujer m\u00e1s antigua de Am\u00e9rica<\/span> cuya edad se estima a 12 millones de a\u00f1os.<\/p>\n<p><span style=\"text-decoration: underline;\"><strong>*Pabello\u0301n de la Memoria<\/strong><\/span>: &#8220;Me\u0301xico, un paseo por la historia&#8221;.<\/p>\n<p>Con la magia de la realidad virtual, el visitante emprender\u00e1 un fant\u00e1stico viaje en el tiempo por 16 episodios de los momentos m\u00e1s significativos de la historia de M\u00e9xico,\u00a0 con especial \u00e9nfasis en los eventos transcurridos entre 1810 y 1910. As\u00ed podr\u00e1, entre otras actividades que lo dejar\u00e1n pasmado, sentarse en un vag\u00f3n de tren en movimiento y hacerle compa\u00f1\u00eda a Pancho Villa mientras que por las ventanas desfilan Momentos Revolucionarios, o presenciar el momento en que el cura Miguel Hidalgo dio el c\u00e9lebre Grito de Independencia.<\/p>\n<p><span style=\"text-decoration: underline;\"><strong>*Pabello\u0301n de la Identidad<\/strong><\/span>: Presenta dos exposiciones.<\/p>\n<p>&#8220;<em>Miradas sin rendicio\u0301n<\/em>&#8220;. Imaginario y presencia del universo indi\u0301gena.<\/p>\n<p>Una exposici\u00f3n acerca del mundo ind\u00edgena y su relaci\u00f3n con el universo, ilustrada con elementos art\u00edsticos audiovisuales tales como fotograf\u00edas y v\u00eddeos.<\/p>\n<p>&#8220;<em>Alma de M\u00e9xico<\/em>&#8220;: Grandes maestros del Arte Popular.<\/p>\n<p>Una extraordinaria colecci\u00f3n de arte popular mexicano que permite descubrir y valorar la creatividad de los artistas que transforma madera, piedra, barro, papel y otros materiales, en verdaderas obras de arte.<\/p>\n<p><span style=\"text-decoration: underline;\"><strong>Pabell\u00f3n de la Uni\u00f3n Europea<\/strong><\/span><\/p>\n<p>&#8220;Cruce de caminos. Presencia de la Unio\u0301n Europea en Me\u0301xico.&#8221;<\/p>\n<p>M\u00e9xico  y Europa, dos mundos cuyos destinos se entrelazaron en el siglo XVI.  Esta exposici\u00f3n muestra la creatividad de artistas europeos  influenciados por M\u00e9xico.<span style=\"text-decoration: underline;\"><strong><br \/>\n<\/strong><\/span><\/p>\n<p><span style=\"text-decoration: underline;\"><strong> Pabello\u0301n de las Fuerzas Armadas<\/strong><\/span><\/p>\n<p>Un reconocimiento y homenaje  a las fuerzas armadas de M\u00e9xico que participaron en la lucha de  Independencia y la de la Revoluci\u00f3n.<\/p>\n<p><span style=\"text-decoration: underline;\"><strong>Pabell\u00f3n de Iberoam\u00e9rica<\/strong><\/span><\/p>\n<p>M\u00e9xico  no es la \u00fanica naci\u00f3n en festejar su Independencia, ya que entre 2009 y  2011, son nueve los pa\u00edses que tienen motivos para conmemorar sus  bicentenarios: Argentina, Bolivia, Chile, Colombia, Ecuador, El  Salvador, Paraguay y Venezuela.<\/p>\n<p><span style=\"text-decoration: underline;\"><strong>Pabello\u0301n del Dia\u0301logo y Pabell\u00f3n del INEGI<\/strong><\/span><\/p>\n<h3>Espect\u00e1culos<a class=\"galeria izquierda\" title=\"Explanada de Los Espect\u00e1culos en la Expo Guanajuato Bicentenario\" href=\"http:\/\/travelbymexico.com\/blog\/wp-content\/uploads\/2010\/09\/IMG_1456-.jpg\"><img loading=\"lazy\" title=\"Explanada de Los Espect\u00e1culos en la Expo Guanajuato Bicentenario\" src=\"http:\/\/travelbymexico.com\/blog\/imgBase\/2010\/09\/IMG_1456-230x172.jpg\" alt=\"\" width=\"230\" height=\"172\" \/><\/a><\/h3>\n<p><span style=\"text-decoration: underline;\"><strong>La Explanada de Especta\u0301culos<\/strong><\/span><\/p>\n<p>Es el escenario de m\u00e1s de 50 espect\u00e1culos y conciertos de primer nivel que se llevar\u00e1n a cabo del 17 de julio al 25 de septiembre de 2010.<\/p>\n<p><span style=\"text-decoration: underline;\">En Julio y Agosto, se presentar\u00e1n los siguientes artistas: <\/span><\/p>\n<p>Chayanne, Benny Ibarra y Sasha, Mar\u00eda Jos\u00e9 con Edith M\u00e1rquez, Thang Long Water Puppets of Vietnam, Jaguares y Fobia, Victori Garc\u00eda y Yahir, el mimo J\u00e9r\u00f4me Murat, Ha Ash, Fanny Lu, Yuri, Panda y Tuxido, Aleks Syntek, Moenia, Pepe Aguilar, Momix, la compa\u00f1\u00eda espa\u00f1ola de teatro callejero Xarxa, Moderatto y Jotdog, entre otros.<\/p>\n<p><span style=\"text-decoration: underline;\">En Septiembre podr\u00e1s asistir a los espect\u00e1culos y conciertos de<\/span>:<\/p>\n<p>Emmanuel y Alexander Acha, Ely Guerra y Molotov, El show de Atr\u00e9vete a so\u00f1ar, La Biznaga-Compa\u00f1\u00eda franco-mexicana de Teatro, Orquesta de Duke Ellington que alternar\u00e1 en el escenario con la Orquesta de P\u00e9rez Prado, Aida y Carlos Cuevas, Invasores de Nuevo Le\u00f3n, Intocable, Ballet Flamenco de Antonio Canales, Ballet Flamenco de Antonio Canales, Pedro Fern\u00e1ndez, Paty cant\u00fa y Motel.<\/p>\n<p><span style=\"text-decoration: underline;\">Costo de entrada<\/span>: entre $200 y $250 pesos.<br \/>\nLos espect\u00e1culos art\u00edsticos y culturales comenzar\u00e1n a diversos horarios posteriores a las 8:30 p.m. de acuerdo al programa de espect\u00e1culos publicado.<\/p>\n<p><span style=\"text-decoration: underline;\"><strong>&#8220;Espect\u00e1culo Murales de Luz&#8221;<\/strong><\/span><\/p>\n<p>Obra del pintor y escen\u00f3grafo franc\u00e9s Xavier de Richemont, este <span style=\"text-decoration: underline;\">espect\u00e1culo nocturno<\/span> se realiza a trav\u00e9s de innumerables <span style=\"text-decoration: underline;\">juegos de rayos l\u00e1ser, luces, prismas, fotograf\u00edas<\/span>, im\u00e1genes y tecnolog\u00eda de primer nivel, proyectados sobre las fachadas de los pabellones de la Macroplaza. Se incluir\u00e1n elementos relativos a los festejos de la Revoluci\u00f3n y del Bicentenario tales como la bandera, el choque de las culturas espa\u00f1ola y prehisp\u00e1nica, as\u00ed como de su arquitectura.<\/p>\n<p>En el marco de los festejos del Bicentenario, el artista vestir\u00e1 de gala a otros edificios y monumentos del Estado de Guanajuato como la <a title=\"La Alh\u00f3ndiga de Granaditas en Guanajuato\" href=\"http:\/\/travelbymexico.com\/blog\/cultura\/alhondiga-de-granaditas-y-su-museo\" target=\"_self\">Alh\u00f3ndiga de Granaditas<\/a>, el Monumento a Miguel Hidalgo en la Plaza Casa Hidalgo de la ciudad de P\u00e9njamo, la <a title=\"Parroquia de Nuestra Se\u00f1ora de los Dolores\" href=\"http:\/\/www.travelbymexico.com\/dolores\/atractivos\/index.php?nom=1282849327\" target=\"_self\">Parroquia de Nuestra Se\u00f1ora de Dolores<\/a> en Dolores Hidalgo y el <a title=\"Templo El Expiatorio en la ciudad de Le\u00f3n\" href=\"http:\/\/travelbymexico.com\/blog\/arquitectura\/expiatorio-sagrado-corazon-de-jesus-madero-721-zona-centro\" target=\"_self\">Templo Expiatorio<\/a> en Le\u00f3n.<\/p>\n<p><span style=\"text-decoration: underline;\">Horarios<\/span> de los espect\u00e1culos en las diversas ciudades guanajuatenses: Los s\u00e1bados y Domingos entre 21:00 y 22:00 horas.<\/p>\n<p>Xavier de Richemont es el autor del espect\u00e1culo &#8220;<a title=\"Fiestas de Luz en la Ciudad de San Luis Potos\u00ed\" href=\"http:\/\/travelbymexico.com\/blog\/fiestas-y-celebraciones\/fiestas-de-luz-en-san-luis-potosi\" target=\"_self\">Fiestas de Luz<\/a>&#8221; en la capital de San Lu\u00eds Potos\u00ed, proyectado sobre los edificios del <a title=\"Templo del Carmen en San Luis Potos\u00ed\" href=\"http:\/\/www.travelbymexico.com\/sanluispotosi\/atractivos\/index.php?nom=kslpcarmen2&amp;don=15\" target=\"_self\">Templo del Carmen<\/a>, la Catedral y las <a title=\"Plaza de los Fundadores en San Luis Potos\u00ed\" href=\"http:\/\/www.travelbymexico.com\/sanluispotosi\/atractivos\/index.php?nom=kslpplazfund&amp;don=17\" target=\"_self\">Plaza de los Fundadores<\/a>. Trabaj\u00f3 tambi\u00e9n en la ciudad de Chihuahua donde visti\u00f3 de gala su Catedral y diversos edificios del centro hist\u00f3rico.<\/p>\n<p><!--nextpage--><\/p>\n<h3>Monumentos:<\/h3>\n<p><span style=\"text-decoration: underline;\"><strong>&#8220;Victoria&#8221;<\/strong><\/span><\/p>\n<p>Magna obra en bronce del escultor potosino Ricardo  Motilla, Victoria  Alada simboliza la victoria del ej\u00e9rcito insurgente  sobre la corona  espa\u00f1ola. Mide 14 metros de alto (20 metros con su\u00a0  base) y pesa 30  toneladas. Para su realizaci\u00f3n colaboraron los se\u00f1ores  Reynaldo Medina,  de Le\u00f3n, Rogelio Y\u00e9pez, Pedroza y Juan Ram\u00f3n Rea.<\/p>\n<p><a class=\"galeria izquierda\" title=\"Victoria \u2013 Escultura Monumental en bronce del escultor Ricardo Motilla\" href=\"http:\/\/travelbymexico.com\/blog\/imgBase\/2010\/09\/IMG_1483.jpg\"><img loading=\"lazy\" title=\"Victoria \u2013 Escultura Monumental en bronce del escultor Ricardo Motilla\" src=\"http:\/\/travelbymexico.com\/blog\/imgBase\/2010\/09\/IMG_1483-230x172.jpg\" alt=\"\" width=\"230\" height=\"172\" \/><\/a><\/p>\n<p><strong><span style=\"text-decoration: underline;\">&#8220;Bandera Monumental&#8221;<\/span><\/strong><\/p>\n<p>Alrededor de esta  monumental bandera mexicana de 50 metros de altura, est\u00e1n las diversas  banderas que han representado a la naci\u00f3n, desde su inicio hasta la  actualidad.<\/p>\n<p><span style=\"text-decoration: underline;\"><strong>&#8220;Rotonda de los He\u0301roes y las Heroi\u0301nas&#8221;<\/strong><\/span><\/p>\n<p>Debe  su nombre al impresionante mural en bronce de 16 metros de ancho por 5  metros de altura que la adorna.\u00a0 Esta explanada ser\u00e1 la puerta de  entrada a las conmemoraciones del Bicentenario de la Independencia y  el Centenario de la Revoluci\u00f3n Mexicana.<\/p>\n<p><span style=\"text-decoration: underline;\"><strong>Fuente Bicentenario<\/strong><\/span><\/p>\n<p>Una  fuente monumental de 60 metros de longitud que fue pensada aprovechando  el m\u00e1s m\u00ednimo recurso convirtiendola en una fuente ecol\u00f3gicamente  responsable.<\/p>\n<h3>\u00c1reas Educativas y Recreativas<\/h3>\n<p><span style=\"text-decoration: underline;\"><strong>Bi\u00f3sfera Congreso de los Ni\u00f1os <\/strong><\/span><\/p>\n<p><span style=\"text-decoration: underline;\"><strong>Bi\u00f3sfera 3 R&#8217;s<\/strong><\/span> (Reusar, reutilizar y reciclar)<\/p>\n<p><span style=\"text-decoration: underline;\"><strong>Zona Deportiva: <\/strong><\/span><\/p>\n<p>Un lugar para la convivencia familiar conformado por juegos y actividades como un circuito vial, pared de escalar, tirolesa, juegos extremos y un laberinto.<\/p>\n<h3>Congresos y Convenciones<\/h3>\n<p><strong>Unidad de Centro de Congresos y Convenciones:<\/strong><\/p>\n<p>Importantes congresos y convenciones realizar\u00e1n algunas de sus actividades en las instalaciones de Expo Guanajuato Bicentenario tales como: el Foro Mundial de Competitividad, el Foto Binacional de Pol\u00edticas P\u00fablicas, la Celebraci\u00f3n de los Notarios de Am\u00e9rica en el Bicentenario de la Independencia.<\/p>\n<p>Foros y Dia\u0301logos<\/p>\n<p>Se abordan temas actuales desde distintas  perspectivas, tales como el Papel de la Mujer a 200 a\u00f1os de la  Independencia, la Migraci\u00f3n, el Papel de la Juventud, entre otros.<\/p>\n<h3>Zona Gastron\u00f3mica:<strong> <\/strong><\/h3>\n<p>Restaurante bicentenario\/terraza<br \/>\nM\u00e1s de 60 expositores ofreciendo comida mexicana e internacional para todos los presupuestos.<\/p>\n<p>Cuenta tambi\u00e9n con una A\u0301rea de comida Ra\u0301pida.<\/p>\n<p><strong><span style=\"text-decoration: underline;\">COSTOS:<\/span><br \/>\n<\/strong><br \/>\nEntrada general\u2028 $15.00 por persona. Ni\u00f1os que miden menos de 1.20 m entran gratis.<br \/>\nEspect\u00e1culos culturales\u2028 Gratuitos<\/p>\n<p>El uso de c\u00e1maras fotogr\u00e1ficas y\/o de video esta permitido fuera de los pabellones.<\/p>\n<p><strong><span style=\"text-decoration: underline;\">HORARIOS<\/span>: <\/strong><br \/>\nExpo Guanajuato Bicentenario abre sus puertas de martes a domingo de 10:00 a.m\u00a0 a 8:00 p.m sin importar periodos vacacionales y d\u00edas festivos.<br \/>\nCerrado los lunes.<br \/>\n* Los pabellones de la Identidad, de la Memoria y del Ma\u00f1ana cierran a las 7 p.m.<\/p>\n<p><strong><span style=\"text-decoration: underline;\">DIRECCI\u00d3N<\/span>:<\/strong><br \/>\nCarretera de Cuota Silao-Gto. Km 3.8 C.P. 36270 Silao, Guanajuato, M\u00e9xico<br \/>\nTel\u00e9fono: 01 (472) 723 80 00<\/p>\n<p><span style=\"text-decoration: underline;\">Distancia de la Expo Guanajuato Bicentenario desde&#8230;<\/span><\/p>\n<p>Le\u00f3n: 33 Km.<br \/>\nSilao: 6 Km.<br \/>\nCelaya: 74 Km.<br \/>\nIrapuato: 31 Km.<br \/>\nGuanajuato: 12.8 Km.<br \/>\nQuer\u00e9taro: 148 Km.<br \/>\nAguascalientes: 140 Km.<br \/>\nGuadalajara: 205 Km.<br \/>\nD.F.: 294 Km.<\/p>\n","protected":false},"excerpt":{"rendered":"<p>Del 17 de julio al 20 de noviembre de 2010. Aviso Importante: Gracias al \u00e9xito y demanda que externaron los<\/p>\n","protected":false},"author":2,"featured_media":6925,"comment_status":"open","ping_status":"open","sticky":false,"template":"","format":"standard","meta":[],"categories":[36,14],"tags":[161,503,621,1094,1146],"_links":{"self":[{"href":"https:\/\/www.travelbymexico.com\/blog\/wp-json\/wp\/v2\/posts\/4670"}],"collection":[{"href":"https:\/\/www.travelbymexico.com\/blog\/wp-json\/wp\/v2\/posts"}],"about":[{"href":"https:\/\/www.travelbymexico.com\/blog\/wp-json\/wp\/v2\/types\/post"}],"author":[{"embeddable":true,"href":"https:\/\/www.travelbymexico.com\/blog\/wp-json\/wp\/v2\/users\/2"}],"replies":[{"embeddable":true,"href":"https:\/\/www.travelbymexico.com\/blog\/wp-json\/wp\/v2\/comments?post=4670"}],"version-history":[{"count":6,"href":"https:\/\/www.travelbymexico.com\/blog\/wp-json\/wp\/v2\/posts\/4670\/revisions"}],"predecessor-version":[{"id":7686,"href":"https:\/\/www.travelbymexico.com\/blog\/wp-json\/wp\/v2\/posts\/4670\/revisions\/7686"}],"wp:featuredmedia":[{"embeddable":true,"href":"https:\/\/www.travelbymexico.com\/blog\/wp-json\/wp\/v2\/media\/6925"}],"wp:attachment":[{"href":"https:\/\/www.travelbymexico.com\/blog\/wp-json\/wp\/v2\/media?parent=4670"}],"wp:term":[{"taxonomy":"category","embeddable":true,"href":"https:\/\/www.travelbymexico.com\/blog\/wp-json\/wp\/v2\/categories?post=4670"},{"taxonomy":"post_tag","embeddable":true,"href":"https:\/\/www.travelbymexico.com\/blog\/wp-json\/wp\/v2\/tags?post=4670"}],"curies":[{"name":"wp","href":"https:\/\/api.w.org\/{rel}","templated":true}]}}