{"id":4551,"date":"2010-08-19T14:55:38","date_gmt":"2010-08-19T19:55:38","guid":{"rendered":"http:\/\/travelbymexico.com\/blog\/?p=4551"},"modified":"2011-06-04T20:18:14","modified_gmt":"2011-06-05T01:18:14","slug":"programa-de-eventos-del-2-noviembre-festival-cervantino-2010","status":"publish","type":"post","link":"https:\/\/www.travelbymexico.com\/blog\/4551-programa-de-eventos-del-2-noviembre-festival-cervantino-2010\/","title":{"rendered":"Programa de Eventos del 2 Noviembre-Festival Cervantino 2010"},"content":{"rendered":"<h2>Festival Cervantino &#8211; *Eventos del 2 de Noviembre de 2010.<\/h2>\n<p><strong>&#8220;Kafka &#8211; Fragmente&#8221;<br \/>\nLi\u0301a Ferenese \/ Cuauhte\u0301moc Rivera<\/strong> (M\u00e9xico, Argentina)<br \/>\nEl violonista mexicano Cuauht\u00e9moc Rivera y la cantante y actriz argentina L\u00eda Ferenese proponen la compleja y emocionalmente avasallante obra Fragmentos de Kafka, del gran compositor h\u00fangaro Gy\u00f6rgy Kurt\u00e1g, tremendo reto t\u00e9cnico y expresivo para ambos int\u00e9rpretes.<br \/>\n<strong>12:00<\/strong> &#8211; Duraci\u00f3n 60 minutos<br \/>\n<strong>Sal\u00f3n del Consejo Universitario<\/strong> (Edificio Central de la Universidad de Guanajuato, calle Lascurain, Col. Centro)<\/p>\n<p><strong>&#8220;El Mundo de los Payasos&#8221;<br \/>\nAlexio et Marie Bulle<\/strong> (Quebec, Canad\u00e1)<br \/>\nEl mundo de Alexio era el de las fiestas infantiles, de los carnavales callejeros, de la experiencia cotidiana; el mundo de Marie \u00e9l del entrenamiento, la academia, la preparaci\u00f3n t\u00e9cnica, pero desde la primera vez que se encontraron supieron que uno era para el otro y comenzaron a intercambiar sus habilidades en la hermosa ciudad de Quebec.<br \/>\n<em>Teatro de Calle<\/em><br \/>\n<strong>12:00 <\/strong>&#8211; Duraci\u00f3n 60 minutos<br \/>\n<strong>Plaza San Fernando<\/strong> (Entre Av. Ju\u00e1rez y Plazuela San Roque, Col. Centro, Guanajuato).<\/p>\n<p><strong><br \/>\n&#8220;Citadino. Un recorrido por los sonidos de la ciudad&#8221;<br \/>\nHector Infanzo\u0301n Cuarteto<\/strong> (M\u00e9xico)<br \/>\nEl pianista H\u00e9ctor Infanz\u00f3n, integrante hasta 1990 del Tr\u00edo Antrop\u00f3leo es ahora un l\u00edder del jazz latino. Su propuesta tiene tambi\u00e9n un sabor citadino que refleja el entorno en el que creci\u00f3, as\u00ed como resabios de la m\u00fasica folcl\u00f3rica mexicana y Latinoamericana, por no hablar de la m\u00fasica de concierto, g\u00e9nero en el que ha incursionado con igual pasi\u00f3n.<br \/>\n<em>M\u00fasica Jazz<\/em><br \/>\n<strong>12:00<\/strong> &#8211; Duraci\u00f3n 105 minutos<br \/>\n<strong>Ex Hacienda San Gabriel de Barrera<\/strong> (Camino Antiguo a Marfil Km 2.5, Guanajuato)<\/p>\n<p><strong><br \/>\nPoemas Corridos y Sotol<\/strong> (Chihuahua)<br \/>\nEl grupo Poemas y Corridos, formado por actores, m\u00fasicos y cantantes, rinde tributo a Pancho Villa, su figura m\u00edtica y sus inigualables haza\u00f1as militares, as\u00ed como a sus anhelos libertarios, pero tambi\u00e9n recuerda a mujeres y hombres an\u00f3nimos que entregaron su vida en esta lucha por un mundo m\u00e1s justo.<br \/>\n<em>M\u00fasica Popular<\/em><br \/>\n<strong>12:00<\/strong> &#8211; Duraci\u00f3n 60 minutos<br \/>\n<strong>Kiosco del Jard\u00edn de la Uni\u00f3n<\/strong> (Col. Centro, Guanajuato)<\/p>\n<p><strong>&#8220;El Mundo de los Payasos&#8221;<br \/>\nAlexio et Marie Bulle<\/strong> (Quebec, Canad\u00e1)<br \/>\nEl mundo de Alexio era el de las fiestas infantiles, de los carnavales callejeros, de la experiencia cotidiana; el mundo de Marie \u00e9l del entrenamiento, la academia, la preparaci\u00f3n t\u00e9cnica, pero desde la primera vez que se encontraron supieron que uno era para el otro y comenzaron a intercambiar sus habilidades en la hermosa ciudad de Quebec.<br \/>\n<em>Teatro de Calle<\/em><br \/>\n<strong>13:00<\/strong> &#8211; Duraci\u00f3n 60 minutos<br \/>\n<strong>Plaza San Fernando<\/strong> (Entre Av. Ju\u00e1rez y Plazuela San Roque, Col. Centro, Guanajuato).<\/p>\n<p><strong>&#8220;El Mundo de los Payasos&#8221;<br \/>\nAlexio et Marie Bulle<\/strong> (Quebec, Canad\u00e1)<br \/>\nEl mundo de Alexio era el de las fiestas infantiles, de los carnavales callejeros, de la experiencia cotidiana; el mundo de Marie \u00e9l del entrenamiento, la academia, la preparaci\u00f3n t\u00e9cnica, pero desde la primera vez que se encontraron supieron que uno era para el otro y comenzaron a intercambiar sus habilidades en la hermosa ciudad de Quebec.<br \/>\n<em>Teatro de Calle<\/em><br \/>\n<strong>17:00<\/strong> &#8211; Duraci\u00f3n 60 minutos<br \/>\n<strong>Plaza San Fernando <\/strong>(Entre Av. Ju\u00e1rez y Plazuela San Roque, Col. Centro, Guanajuato).<\/p>\n<p><strong>&#8220;Bajo el volc\u00e1n&#8221;<\/strong> obra de Malcolm Lowry<br \/>\n<strong>David Hevia<\/strong> (M\u00e9xico)<br \/>\nEs una obra de culto que cuenta la historia (autobiogr\u00e1fica) del extranjero alcoh\u00f3lico que llega a Cuernavaca en el M\u00e9xico de los a\u00f1os 30, tiene una entrada al infierno y otra al para\u00edso, porque no s\u00f3lo cuenta una historia sino porque esa historia nos lleva al mundo subterr\u00e1neo de la culpa, la desolaci\u00f3n, el fracaso y a esos instantes de gloria en los que el ser humano toca la plenitud.<br \/>\n<em>Teatro<\/em><br \/>\n<strong>18:00<\/strong> &#8211; Duraci\u00f3n 140 minutos<br \/>\n<strong>Teatro Cervantes<\/strong> (Plaza Allende s\/n Col. Centro, Guanajuato)<\/p>\n<p><strong>D\u00fao G\u00edntoli-Belleville <\/strong>(Argentina)<\/p>\n<p>El violinista Rafael G\u00edntoli ha realizado una s\u00f3lida carrera en el campo de la m\u00fasica de c\u00e1mara, recibiendo numerosos premios en ese \u00e1mbito, as\u00ed como en el de la m\u00fasica cl\u00e1sica y la cultura en general. Ha tocado con la Orquesta Filarm\u00f3nica de Luxemburgo, la Orquesta Nacional de Turqu\u00eda, la Filarm\u00f3nica de Bogot\u00e1, y la Orquesta Sinf\u00f3nica Nacional de Buenos Aires (Argentina). Alicia Belleville es una relevante pianista especialista en el repertorio de m\u00fasica de c\u00e1mara.<br \/>\n<strong>18:00<\/strong> &#8211; Duraci\u00f3n 75 minutos<br \/>\n<strong>Auditorio de Minas<\/strong> (Ex Hacienda San Mat\u00edas s\/n Col. San Javier, Guanajuato)<\/p>\n<p><strong>&#8220;D\u00edas Negros&#8221;<\/strong> de Edeberto Galindo.<br \/>\n<strong>Taller de Teatro 1939, Teatro Ib\u00e9rico<\/strong> (M\u00e9xico \/ Chihuahua)<br \/>\nEl director Edeberto \u201cPilo\u201d Galindo, autor y director autodidacta que comanda el Taller de Teatro 1939 desde los a\u00f1os 80\u00b4s ofrece una dramatizaci\u00f3n de los sangrientos acontecimientos que llevaron a Madero a la tumba y a Victoriano Huerta al poder.<br \/>\n<em>Teatro<\/em><br \/>\n<strong>18:00<\/strong> &#8211; Duraci\u00f3n 100 minutos<br \/>\n<strong>Teatro Cervantes<\/strong> (Plaza Allende s\/n Col. Centro, Guanajuato)<\/p>\n<p><strong><br \/>\n&#8220;El Mundo de los Payasos&#8221;<br \/>\nAlexio et Marie Bulle<\/strong> (Quebec, Canad\u00e1)<br \/>\nEl mundo de Alexio era el de las fiestas infantiles, de los carnavales callejeros, de la experiencia cotidiana; el mundo de Marie \u00e9l del entrenamiento, la academia, la preparaci\u00f3n t\u00e9cnica, pero desde la primera vez que se encontraron supieron que uno era para el otro y comenzaron a intercambiar sus habilidades en la hermosa ciudad de Quebec.<br \/>\n<em>Teatro de Calle<\/em><br \/>\n<strong>19:00<\/strong> &#8211; Duraci\u00f3n 60 minutos<br \/>\n<strong>Plaza San Fernando<\/strong> (Entre Av. Ju\u00e1rez y Plazuela San Roque, Col. Centro, Guanajuato).<\/p>\n<p><strong>&#8220;Ballet Folkl\u00f3rico de Amalia Hern\u00e1ndez&#8221;<\/strong> (M\u00e9xico)<br \/>\nDesde 1952 el Ballet Folkl\u00f3rico de M\u00e9xico (bfm) de Amalia Hern\u00e1ndez ha sido la compa\u00f1\u00eda favorita para promover nuestro pa\u00eds a nivel nacional y en el extranjero. Este a\u00f1o presentar\u00e1 un programa conmemorativo de la Revoluci\u00f3n Mexicana. La Historia del bfm y Amalia Herna\u0301ndez ha sido sin lugar a dudas central en la historia danci\u0301stica de Me\u0301xico, porque adema\u0301s de la danza folklo\u0301rica dio un enorme impulso al ballet contempora\u0301neo, convocando en su e\u0301poca a los ma\u0301s importantes protagonistas de la danza mundial como Alvin Ailey, Martha Graham, Alvin Nikolais y Rudolph Nureyev.<br \/>\n<strong>20:00<\/strong> &#8211; Duraci\u00f3n 103 minutos<br \/>\n<strong>Explanada de la Alh\u00f3ndiga de Granaditas<\/strong> (Mendizabal No. 6 Col. Centro, Guanajuato)<\/p>\n<p><strong><em><span style=\"text-decoration: underline;\">*Fuente: P\u00e1gina Web del Festival Internacional Cervantino 2010<\/span><\/em><\/strong><\/p>\n","protected":false},"excerpt":{"rendered":"<p>Festival Cervantino &#8211; *Eventos del 2 de Noviembre de 2010. &#8220;Kafka &#8211; Fragmente&#8221; Li\u0301a Ferenese \/ Cuauhte\u0301moc Rivera (M\u00e9xico, Argentina)<\/p>\n","protected":false},"author":2,"featured_media":6897,"comment_status":"open","ping_status":"open","sticky":false,"template":"","format":"standard","meta":[],"categories":[36,14],"tags":[77,162,539,621,1053],"_links":{"self":[{"href":"https:\/\/www.travelbymexico.com\/blog\/wp-json\/wp\/v2\/posts\/4551"}],"collection":[{"href":"https:\/\/www.travelbymexico.com\/blog\/wp-json\/wp\/v2\/posts"}],"about":[{"href":"https:\/\/www.travelbymexico.com\/blog\/wp-json\/wp\/v2\/types\/post"}],"author":[{"embeddable":true,"href":"https:\/\/www.travelbymexico.com\/blog\/wp-json\/wp\/v2\/users\/2"}],"replies":[{"embeddable":true,"href":"https:\/\/www.travelbymexico.com\/blog\/wp-json\/wp\/v2\/comments?post=4551"}],"version-history":[{"count":3,"href":"https:\/\/www.travelbymexico.com\/blog\/wp-json\/wp\/v2\/posts\/4551\/revisions"}],"predecessor-version":[{"id":7716,"href":"https:\/\/www.travelbymexico.com\/blog\/wp-json\/wp\/v2\/posts\/4551\/revisions\/7716"}],"wp:featuredmedia":[{"embeddable":true,"href":"https:\/\/www.travelbymexico.com\/blog\/wp-json\/wp\/v2\/media\/6897"}],"wp:attachment":[{"href":"https:\/\/www.travelbymexico.com\/blog\/wp-json\/wp\/v2\/media?parent=4551"}],"wp:term":[{"taxonomy":"category","embeddable":true,"href":"https:\/\/www.travelbymexico.com\/blog\/wp-json\/wp\/v2\/categories?post=4551"},{"taxonomy":"post_tag","embeddable":true,"href":"https:\/\/www.travelbymexico.com\/blog\/wp-json\/wp\/v2\/tags?post=4551"}],"curies":[{"name":"wp","href":"https:\/\/api.w.org\/{rel}","templated":true}]}}