{"id":4542,"date":"2010-08-16T22:46:56","date_gmt":"2010-08-17T03:46:56","guid":{"rendered":"http:\/\/travelbymexico.com\/blog\/?p=4542"},"modified":"2011-06-04T21:03:27","modified_gmt":"2011-06-05T02:03:27","slug":"programa-de-eventos-del-30-de-octubre-festival-cervantino-2010","status":"publish","type":"post","link":"https:\/\/www.travelbymexico.com\/blog\/4542-programa-de-eventos-del-30-de-octubre-festival-cervantino-2010\/","title":{"rendered":"Programa de Eventos del 30 de Octubre-Festival Cervantino 2010"},"content":{"rendered":"<h2>Festival Cervantino &#8211; *Eventos del 30 de Octubre de 2010.&#8221;El a\u00f1o lit\u00fargico puesto en m\u00fasica en las misiones jesu\u00edticas del oriente de Bolivia&#8221;<\/h2>\n<p><strong> La Capilla del Sol<\/strong> (Argentina)<br \/>\nEste ensamble dedica lo fundamental de su atenci\u00f3n a la investigaci\u00f3n, interpretaci\u00f3n y difusi\u00f3n de la m\u00fasica colonial americana. Las piezas aqu\u00ed reunidas provienen fundamentalmente de los documentos musicales relacionados con las misiones de Moxos y Chiquitos.<br \/>\n<em>M\u00fasica Antigua<\/em><br \/>\n<strong>12:00<\/strong> &#8211; Duraci\u00f3n 60 minutos<br \/>\n<strong>Templo de la Valenciana<\/strong> (Carretera Guanajuatoto-Dolores Hidalgo Km 5)<\/p>\n<p><strong>&#8220;Oinos, M\u00fasica para beber vino&#8221;<br \/>\nEugenio Toussaint Tri\u0301o y Luca Littera<\/strong> (M\u00e9xico, Italia)<br \/>\nTr\u00edo conformado por el pianista y compositor mexicano Eugenio Toussaint, el contrabajista Aar\u00f3n Cruz y el baterista Gabriel Puentes. Invitado muy especial. Se trata del armoniquista italiano Luca Littera.<br \/>\n<em>M\u00fasica Jazz<\/em><br \/>\n<strong>12:00<\/strong> &#8211; Duraci\u00f3n 90 minutos<br \/>\n<strong>Ex Hacienda San Gabriel de Barrera <\/strong>(Camino Antiguo a Marfil Km 2.5, Guanajuato)<strong>. <\/strong><\/p>\n<p><strong>Stefan Hussong y Mike Svoboda<\/strong> (Alemania)<br \/>\nStefan Hussong, acordeonista experto en repertorio contempor\u00e1neo \/ Mike Svoboda, trombonista y compositor. Proponen un programa en el que intercalan las canzonas instrumentales de Girolamo Frescobaldi, interesantes estudios renacentistas sobre forma y contrapunto; y por el otro, selecciones de las Harmonies que conforman la obra Apartment house 1776 del vanguardista y siempre experimental John Cage.<br \/>\n<em>M\u00fasica Contempor\u00e1nea<\/em><br \/>\n<strong>12:00<\/strong> &#8211; Duraci\u00f3n 90 minutos<br \/>\n<strong>Sal\u00f3n del Consejo Universitario<\/strong> (Edificio Central de la Universidad de Guanajuato, calle Lascurain, Col. Centro).<\/p>\n<p><strong> &#8220;Roberto Lim\u00f3n y el Cuarteto Carlos Ch\u00e1vez&#8221;<\/strong> (M\u00e9xico)<br \/>\nEn este programa de cuarteto m\u00e1s guitarra se proponen dos cl\u00e1sicos mexicanos indiscutibles, con la presencia de sendos cuartetos de Ch\u00e1vez y Revueltas. Otro compositor mexicano, m\u00e1s contempor\u00e1neo y con una vasta experiencia tanto creativa como acad\u00e9mica (Samuel Zyman) est\u00e1 presente con su muy reciente Quinteto para guitarra y cuerdas (2009).<br \/>\n<em>Grupo de c\u00e1mara<\/em><br \/>\n<strong>17:00<\/strong> &#8211; Duraci\u00f3n 85 minutos<br \/>\n<strong>Templo de la Compa\u00f1\u00eda<\/strong> (Lascurain Retana s\/n Esq. Calle Del Sol, Col. Centro, Guanajuato)<\/p>\n<p><strong>&#8220;Faust&#8221;<br \/>\nMeno Fortas Theatre<\/strong> (Lituania)<br \/>\nEimuntas Nekrosius con su versi\u00f3n del Fausto, de Goethe ofrece una superproducci\u00f3n que lleva al colmo todos los atributos de este teatro org\u00e1nico en el que la suma de sus partes forman un todo desmesurado, apabullante, estremecedor. Nekrosius abunda en recursos escenogr\u00e1ficos y humanos para situar fuera del tiempo hist\u00f3rico la lucha del hombre por el conocimiento y para mostrar la negrura del coraz\u00f3n humano capaz de perder el amor para ganar la ciencia.<br \/>\n<em>Teatro<\/em><br \/>\n<strong>18:00<\/strong> &#8211; Duraci\u00f3n 200 minutos<br \/>\n<strong>Teatro Principal<\/strong> (Cantarranas No.1, Col. Centro, Guanajuato).<\/p>\n<p><!--nextpage--><\/p>\n<p><strong>Daniel Teruggi <\/strong>(Argentina, Francia)<br \/>\nDaniel Teruggi, mu\u0301sico argentino, estudio\u0301 fi\u0301sica, composicio\u0301n y piano en su pai\u0301s natal y en Francia. Es director del GRM, Grupo de Investigacio\u0301n Musical del Instituto Nacional del Audiovisual de Francia. La materia sonora, las artes visuales, la interdisciplina, los medios mixtos, la electro\u0301nica, son sus campos de trabajo. Teruggi ha dise\u00f1ado dos programas acusm\u00e1ticos de enorme inter\u00e9s. El primero, con m\u00fasica de compositores latinoamericanos asociados a ese gran pionero que fue Pierre Schaeffer, pionero fundamental de la m\u00fasica concreta, electr\u00f3nica y experimental. El segundo es directamente un homenaje a Schaeffer, en su centenario, con obras de importantes exploradores sonoros como Parmegiani, Bayle, Zanesi, el mexicano Javier \u00c1lvarez, Teruggi y el propio Schaeffer.<br \/>\n<strong>18:00<\/strong> &#8211; Duraci\u00f3n 73 minutos<br \/>\n<strong>Auditorio de Minas<\/strong> (Ex Hacienda San Mat\u00edas s\/n Col. San Javier, Guanajuato)<\/p>\n<p><strong><br \/>\n&#8220;Bol\u00edvar: fragmentos de un sue\u00f1o&#8221;<br \/>\nTeatro Malandro<\/strong> (Suiza\/Colombia)<br \/>\nEl especta\u0301culo del director Omar Porras sobre Simo\u0301n Boli\u0301var, libertador de Ame\u0301rica, elaborado con textos del poeta colombiano William Ospina y dramaturgia de e\u0301l mismo y Sandro Romero, seguramente provocara\u0301 la misma controversia del \u00a1Ay QuiXote!, pues aunque se enmarca en la celebracio\u0301n del bicentenario de la independencia colombiana, esta\u0301 lejos de la iconografi\u0301a oficialista y el discurso patrio\u0301tico, Su evocacio\u0301n de Boli\u0301var le debe ma\u0301s al suen\u0303o que a la realidad y aunque parte de la historia se desborda en la imaginacio\u0301n y el exceso creativo.<br \/>\n<em>Teatro<\/em><br \/>\n<strong>18:00<\/strong> &#8211; Duraci\u00f3n 120 minutos<br \/>\n<strong>Teatro Cervantes<\/strong> (Plaza Allende s\/n Col. Centro, Guanajuato)<\/p>\n<p><strong>&#8220;Vertige&#8221;<br \/>\nGrupo OzOnO<\/strong> (Quer\u00e9taro)<br \/>\nFundado por Blas Villalpando en la ciudad de Le\u00f3n, el Grupo OzOnO presenta su espect\u00e1culo Vertige en el que vemos algunas de las rutinas que han trasformado el espect\u00e1culo de la maroma y el teatro en una disciplina del movimiento y en una est\u00e9tica de la fantas\u00eda.<br \/>\n<em>Teatro de Calle<\/em><br \/>\n<strong>19:00 <\/strong>&#8211; Duraci\u00f3n 80 minutos<br \/>\n<strong>Plaza San Fernando<\/strong> (Entre Av. Ju\u00e1rez y Plazuela San Roque, Col. Centro, Guanajuato).<\/p>\n<p><strong>&#8220;La Vie&#8221;<br \/>\nLes 7 doigts de la main <\/strong>(Quebec, Canad\u00e1)<br \/>\nEn La Vie (la vida) la destreza f\u00edsica se pone al servicio del delirio al imaginar un \u201cD\u00eda del Juicio Final\u201d en el que los habitantes del purgatorio tratan de escapar de ah\u00ed con toda clase de artificios. El resultado es un espect\u00e1culo caliente en todos los sentidos de la palabra porque los cuerpos y las mentes de los protagonistas le trasmiten al p\u00fablico el calor de estar vivos en un mundo nada f\u00e1cil de llevar.<br \/>\n<em>Teatro de Calle<\/em><br \/>\n<strong><em>20:00<\/em><\/strong> &#8211; Duraci\u00f3n 110 minutos<br \/>\n<strong>Auditorio del Estado<\/strong> (Pueblito de Rocha s\/n. Col. Marfil, Guanajuato).<\/p>\n<p><strong>&#8220;Cancionero de la Sablonara&#8221;<br \/>\nLa Colombina<\/strong> (Espa\u00f1a)<br \/>\nCuarteto vocal que incluye en su formaci\u00f3n al prestigioso y experto bar\u00edtono catal\u00e1n Josep Cabr\u00e9, La Colombina propone una fascinante selecci\u00f3n de piezas y canciones provenientes de uno de los m\u00e1s relevantes documentos de la m\u00fasica espa\u00f1ola antigua: el Cancionero de la Sablonara.<br \/>\n<em>M\u00fasica Antigua<\/em><br \/>\n<strong>20:00 <\/strong> &#8211; Duraci\u00f3n 65 minutos<br \/>\n<strong>Auditorio Mateo Herrera<\/strong> (Ciudad de Le\u00f3n, Forum Cultural Guanajuato)<\/p>\n<p><strong>&#8220;Ciudadano&#8221;<br \/>\nV\u00edctor Heredia<\/strong> (Argentina)<br \/>\n\u201cEl artista debe comprometerse con la realidad social en la que se des- envuelve\u201d, sostiene el cantautor Vi\u0301ctor Heredia. Si algo es frecuente en las ma\u0301s de 350 canciones que ha grabado, es cantar, alto y claro, sobre la problema\u0301tica y las pasiones del pueblo al que se debe, actividad que durante la dictadura lo condujo al exilio (del que luego retornari\u0301a triunfante). \u201cSon doscientos an\u0303os de luchar \/ Para hacer que gane la esperanza&#8230; \/ Y aqui\u0301 estamos en pie \/ Festejando esta fe y en tus alas un viento de noble igualdad\u201d, canta con vocacio\u0301n latinoamericanista sobre los dos siglos de Independencia. La mu\u0301sica, lo sabe por expe- riencia, es un efectivo medio de lucha y resistencia contra las injusticias.<br \/>\n<em>M\u00fasica<\/em><br \/>\n<strong>20:00<\/strong> &#8211; Duraci\u00f3n 60 minutos<br \/>\n<strong>Explanada de la Alh\u00f3ndiga de Granaditas<\/strong> (Mendizabal No. 6 Col. Centro, Guanajuato)<\/p>\n<p><strong>&#8220;The National Fanfare of Kadebostany&#8221;<\/strong> (Suiza\/<strong>MUTEK<\/strong>)<br \/>\nMat Schulz, curador del Krakow Unsound Festival, le propuso al mu\u0301sico y productor Kadebostany, a quien han calificado como \u201cuna rareza en el cosmos de la mu\u0301sica electro\u0301nica\u201d, hacer una fanfarria para un pai\u0301s inventado. El resultado es una banda u\u0301nica que, aunque parezca contradiccio\u0301n, combina lo orga\u0301nico con lo electro\u0301nico y un sonido de Europa del Este. En su versio\u0301n compacta, Kadebostan toca con dos mu\u0301sicos y es una explosio\u0301n, pero con siete \u00a1se vuelve un saludable pandemo\u0301nium!<br \/>\n<em>M\u00fasica<\/em><br \/>\n<strong>21:00<\/strong> &#8211; Duraci\u00f3n 90 minutos<br \/>\n<strong>Plaza San Roque<\/strong> (Entre calle Positos y Plazuela San Fernando, Zona Centro, Guanajuato). <strong><\/strong><\/p>\n<p><strong>&#8220;La Fantasia Coral y la Sinfon\u00eda No.9 de Ludwig van Beethoven&#8221;<br \/>\nOrquesta Sinf\u00f3nica de la Universidad de Guanajuato<\/strong> (Guanajuato, M\u00e9xico, Rusia, Polonia).<br \/>\nOrquesta y solista piano, tenores\u2026.etc.<br \/>\nLa Fantasi\u0301a Coral y la Sinfoni\u0301a N\u00b09 de Ludwig van Beethoven, sera\u0301n interpretadas por la Orquesta Sinfo\u0301nica de la Universidad de Guanajua- to, bajo la direccio\u0301n de Enrique Ba\u0301tiz y la participacio\u0301n de la pianista rusa Irina Chistiakova, las sopranos Wioletta Chodowicz y Alejandra Sandoval, la mezzosoprano Grace Echauri, los tenores Dante Alcala\u0301 y Eduardo Ortiz, el bajo Guillermo Ruiz, y el Coro de la Orquesta Sinf\u00f3nica del Estado de Me\u0301xico.<br \/>\n<strong>21:00<\/strong> &#8211; Duraci\u00f3n 84 minutos<br \/>\n<strong>Teatro Ju\u00e1rez<\/strong> (Sope\u00f1a s\/n, Jard\u00edn de la Uni\u00f3n, Col. Centro, Guanajuato)<\/p>\n<p><strong>&#8220;Amor Mai Non S&#8217;addorme. Historias de Montescos y Capuletos&#8221;.<br \/>\nTeatro Tascabile di Bergamo<\/strong> (Italia)<br \/>\n100 producciones, 4000 mil funciones y un millo\u0301n de espectadores hacen del colectivo teatral Tascabile di Bergamo uno de los grupos ma\u0301s vistos en los cuatro continentes del planeta tierra. Con el espi\u0301ritu ya casi perdido del \u201cteatro de grupo\u201d el Tascabile se ha nutrido de diversas culturas y di- ferentes te\u0301cnicas para conformar su propia este\u0301tica y su muy particular filosofi\u0301a del especta\u0301culo. El amor, la locura y la muerte llenara\u0301n las calles de Guanajuato del asombro siempre renovado de la moderna comedia italiana.<br \/>\n<em>Teatro<\/em><br \/>\n<strong>22:00<\/strong> &#8211; Duraci\u00f1on 65 minutos<br \/>\n<strong>Pastitos<\/strong> (Salida carretera a Irapuato y Le\u00f3n)<\/p>\n<p><span style=\"text-decoration: underline;\"><em><strong>*Fuente: P\u00e1gina Web del Festival Internacional Cervantino 2010<\/strong><\/em><\/span><\/p>\n","protected":false},"excerpt":{"rendered":"<p>Festival Cervantino &#8211; *Eventos del 30 de Octubre de 2010.&#8221;El a\u00f1o lit\u00fargico puesto en m\u00fasica en las misiones jesu\u00edticas del<\/p>\n","protected":false},"author":2,"featured_media":6875,"comment_status":"open","ping_status":"open","sticky":false,"template":"","format":"standard","meta":[],"categories":[36,14],"tags":[162,539,621,1053],"_links":{"self":[{"href":"https:\/\/www.travelbymexico.com\/blog\/wp-json\/wp\/v2\/posts\/4542"}],"collection":[{"href":"https:\/\/www.travelbymexico.com\/blog\/wp-json\/wp\/v2\/posts"}],"about":[{"href":"https:\/\/www.travelbymexico.com\/blog\/wp-json\/wp\/v2\/types\/post"}],"author":[{"embeddable":true,"href":"https:\/\/www.travelbymexico.com\/blog\/wp-json\/wp\/v2\/users\/2"}],"replies":[{"embeddable":true,"href":"https:\/\/www.travelbymexico.com\/blog\/wp-json\/wp\/v2\/comments?post=4542"}],"version-history":[{"count":4,"href":"https:\/\/www.travelbymexico.com\/blog\/wp-json\/wp\/v2\/posts\/4542\/revisions"}],"predecessor-version":[{"id":7748,"href":"https:\/\/www.travelbymexico.com\/blog\/wp-json\/wp\/v2\/posts\/4542\/revisions\/7748"}],"wp:featuredmedia":[{"embeddable":true,"href":"https:\/\/www.travelbymexico.com\/blog\/wp-json\/wp\/v2\/media\/6875"}],"wp:attachment":[{"href":"https:\/\/www.travelbymexico.com\/blog\/wp-json\/wp\/v2\/media?parent=4542"}],"wp:term":[{"taxonomy":"category","embeddable":true,"href":"https:\/\/www.travelbymexico.com\/blog\/wp-json\/wp\/v2\/categories?post=4542"},{"taxonomy":"post_tag","embeddable":true,"href":"https:\/\/www.travelbymexico.com\/blog\/wp-json\/wp\/v2\/tags?post=4542"}],"curies":[{"name":"wp","href":"https:\/\/api.w.org\/{rel}","templated":true}]}}