{"id":4540,"date":"2010-08-16T22:40:14","date_gmt":"2010-08-17T03:40:14","guid":{"rendered":"http:\/\/travelbymexico.com\/blog\/?p=4540"},"modified":"2011-06-04T21:07:38","modified_gmt":"2011-06-05T02:07:38","slug":"programa-de-eventos-del-29-de-octubre-festival-cervantino-2010","status":"publish","type":"post","link":"https:\/\/www.travelbymexico.com\/blog\/4540-programa-de-eventos-del-29-de-octubre-festival-cervantino-2010\/","title":{"rendered":"Programa de Eventos del 29 de Octubre-Festival Cervantino 2010"},"content":{"rendered":"<h2>Festival Cervantino &#8211; *Eventos del 29 de Octubre de 2010.<\/h2>\n<p><strong>&#8220;Cancionero de la Sablonara&#8221;<br \/>\nLa Colombina<\/strong> (Espa\u00f1a)<br \/>\nCuarteto vocal que incluye en su formaci\u00f3n al prestigioso y experto bar\u00edtono catal\u00e1n Josep Cabr\u00e9, La Colombina propone una fascinante selecci\u00f3n de piezas y canciones provenientes de uno de los m\u00e1s relevantes documentos de la m\u00fasica espa\u00f1ola antigua: el Cancionero de la Sablonara.<br \/>\n<em>M\u00fasica Antigua<\/em><br \/>\n<strong>12:00<\/strong> &#8211; Duraci\u00f3n 65 minutos<br \/>\n<strong>Templo de la Valenciana<\/strong> (Carretera Guanajuatoto-Dolores Hidalgo Km 5)<strong>. <\/strong><\/p>\n<p><strong>&#8220;Pr\u00e1cticas de Vuelo&#8221;<br \/>\nEnsamble 3<\/strong> (M\u00e9xico)<br \/>\nGrupo creado en el a\u00f1o 2000, conformado por tres notables solistas mexicanos Salvador Torre (flautas), Fernando Dom\u00ednguez (clarinetes) y Mauricio N\u00e1der (piano). Presentar\u00e1n obras relacionadas con el Bicentenario de la Independencia y el Centenario de la Revoluci\u00f3n.<br \/>\n<em>M\u00fasica Contempor\u00e1nea<\/em><br \/>\n<strong>12:00<\/strong> &#8211; Duraci\u00f3n 70 minutos<br \/>\n<strong>Sal\u00f3n del Consejo Universitario<\/strong> (Edificio Central de la Universidad de Guanajuato, calle Lascurain, Col. Centro)<\/p>\n<p><strong>&#8220;Folklore y Jazz&#8221;<br \/>\nMalosseti-Goldman<\/strong> (Argentina)<br \/>\nPor esa maleabilidad u\u0301nica que le permite al jazz convivir con otras mu\u0301sicas y proponer nuevos caminos, no resulta extran\u0303o que un guita- rrista experimentado en el ge\u0301nero, Rau\u0301l Malosetti, haya encontrado en el charanguista Rolando Goldman un espi\u0301ritu afi\u0301n. Formado en 1996, el Du\u0301o Malossetti-Golman ha establecido un potencial melo\u0301dico, ri\u0301t- mico y armo\u0301nico que toma elementos de la improvisacio\u0301n y la mu\u0301sica folclo\u0301rica latinoamericana.<br \/>\n<em>M\u00fasica Popular<\/em><br \/>\n<strong>12:00<\/strong> &#8211; Duraci\u00f3n 80 minutos<br \/>\n<strong>Ex Hacienda San Gabriel de Barrera<\/strong> (Camino Antiguo a Marfil Km 2.5, Guanajuato)<\/p>\n<p><strong>&#8220;M\u00e9xico vive su m\u00fasica&#8221;<br \/>\nOrquesta Sinf\u00f3nica Juvenil Silvestre Revueltas<\/strong> (M\u00e9xico\/Guanajuato)<br \/>\nOrquesta formada por m\u00fasicos de Quer\u00e9taro y Guanajuato. La orquesta se presenta bajo la batuta de Jes\u00fas Almanza, su titular, y tiene como solista invitado al notable guitarrista mexicano Gonzalo Salazar.<br \/>\n<em>17:00<\/em> &#8211; Duraci\u00f3n 75 minutos<br \/>\n<strong>Templo de la Compa\u00f1\u00eda<\/strong> (Lascurain Retana s\/n Esq. Calle Del Sol, Col. Centro, Guanajuato)<\/p>\n<p><strong>&#8220;Bol\u00edvar: fragmentos de un sue\u00f1o&#8221;<br \/>\nTeatro Malandro<\/strong> (Suiza\/Colombia)<br \/>\nEl especta\u0301culo del director Omar Porras sobre Simo\u0301n Boli\u0301var, libertador de Ame\u0301rica, elaborado con textos del poeta colombiano William Ospina y dramaturgia de e\u0301l mismo y Sandro Romero, seguramente provocara\u0301 la misma controversia del \u00a1Ay QuiXote!, pues aunque se enmarca en la celebracio\u0301n del bicentenario de la independencia colombiana, esta\u0301 lejos de la iconografi\u0301a oficialista y el discurso patrio\u0301tico, Su evocacio\u0301n de Boli\u0301var le debe ma\u0301s al suen\u0303o que a la realidad y aunque parte de la historia se desborda en la imaginacio\u0301n y el exceso creativo.<br \/>\n<em>Teatro<\/em><br \/>\n<strong>18:00<\/strong> &#8211; Duraci\u00f3n 120 minutos<br \/>\n<strong>Teatro Cervantes<\/strong> (Plaza Allende s\/n Col. Centro, Guanajuato)<\/p>\n<p><strong>&#8220;Faust&#8221;<br \/>\nMeno Fortas Theatre<\/strong> (Lituania)<br \/>\nEimuntas Nekrosius con su versi\u00f3n del Fausto, de Goethe ofrece una superproducci\u00f3n que lleva al colmo todos los atributos de este teatro org\u00e1nico en el que la suma de sus partes forman un todo desmesurado, apabullante, estremecedor. Nekrosius abunda en recursos escenogr\u00e1ficos y humanos para situar fuera del tiempo hist\u00f3rico la lucha del hombre por el conocimiento y para mostrar la negrura del coraz\u00f3n humano capaz de perder el amor para ganar la ciencia.<br \/>\n<em>Teatro<\/em><br \/>\n<strong>18:00<\/strong> &#8211; Duraci\u00f3n 200 minutos<br \/>\n<strong>Teatro Principal<\/strong> (Cantarranas No.1, Col. Centro, Guanajuato).<\/p>\n<p><!--nextpage--><\/p>\n<p><strong>Ancuza Aprodu y Thierry Miroglio<\/strong> (Francia)<br \/>\nPercusionista Thierry Miroglio &#8211; Pianista Ancuza Aprodu<br \/>\nEl programa propuesto por Aprodu y Miroglio bien puede ser considerado como panor\u00e1mico, ya que incluye obras de dos pioneros indispensables en la historia de la m\u00fasica electr\u00f3nica (Pierre Schaeffer y Luc Ferrari), as\u00ed como obras de muy reciente creaci\u00f3n, y la presencia de la finlandesa Kaija Saariaho, una de las voces musicales m\u00e1s interesantes de nuestro tiempo.<br \/>\n<em>M\u00fasica Contempor\u00e1nea<\/em><br \/>\n<strong>18:00<\/strong> &#8211; Duraci\u00f3n programa 1 : 70 minutos , program 2 : 80 minutos<br \/>\n<strong>Auditorio de Minas<\/strong> (Ex Hacienda San Mat\u00edas s\/n Col. San Javier, Guanajuato)<\/p>\n<p><strong>&#8220;Vertige&#8221;<br \/>\nGrupo OzOnO <\/strong>(Guanajuato, Quer\u00e9taro)<br \/>\nFundado por Blas Villalpando en la ciudad de Le\u00f3n, el Grupo OzOnO presenta su espect\u00e1culo Vertige en el que vemos algunas de las rutinas que han trasformado el espect\u00e1culo de la maroma y el teatro en una disciplina del movimiento y en una est\u00e9tica de la fantas\u00eda.<br \/>\n<em>Teatro de Calle<\/em><br \/>\n<strong>19:00 <\/strong>&#8211; Duraci\u00f3n 80 minutos<br \/>\n<strong>Plaza San Fernando<\/strong> (Entre Av. Ju\u00e1rez y Plazuela San Roque, Col. Centro, Guanajuato).<\/p>\n<p><strong>&#8220;La Vie&#8221;<br \/>\nLes 7 doigts de la main <\/strong>(Quebec, Canad\u00e1)<br \/>\nEn La Vie (la vida) la destreza f\u00edsica se pone al servicio del delirio al imaginar un \u201cD\u00eda del Juicio Final\u201d en el que los habitantes del purgatorio tratan de escapar de ah\u00ed con toda clase de artificios. El resultado es un espect\u00e1culo caliente en todos los sentidos de la palabra porque los cuerpos y las mentes de los protagonistas le trasmiten al p\u00fablico el calor de estar vivos en un mundo nada f\u00e1cil de llevar.<br \/>\n<em>Teatro<\/em><br \/>\n<strong>20:00<\/strong> &#8211; Duraci\u00f3n 110 minutos<br \/>\n<strong>Auditorio del Estado<\/strong> (Pueblito de Rocha s\/n. Col. Marfil, Guanajuato)<\/p>\n<p><strong><br \/>\n&#8220;10 a\u00f1os around the world&#8221;<br \/>\nSe\u00f1or Coconut<\/strong> (Chile)<br \/>\nCreador de h\u00edbridos como el laptop-mambo o el acid-merengue, el productor y dj alem\u00e1n Uwe Schmidt, mejor conocido como Se\u00f1or Coconut, ha encontrado en la m\u00fasica latina un terreno para explorar la m\u00fasica electr\u00f3nica con un sentido jubiloso. Ofrecer\u00e1 una retrospectiva de la m\u00fasica que ha grabado en los \u00faltimos diez a\u00f1os y que ha aparecido en numerosas antolog\u00edas, anuncios y soundtracks.<br \/>\n<em>M\u00fasica Electr\u00f3nica<\/em><br \/>\n<strong>20:00<\/strong> &#8211; Duraci\u00f3n 90 minutos<br \/>\n<strong>Explanada de la Alh\u00f3ndiga de Granaditas<\/strong> (Mendizabal No. 6 Col. Centro, Guanajuato)<br \/>\n<strong>&#8220;Amor Mai Non S&#8217;addorme. Historias de Montescos y Capuletos&#8221;.<br \/>\nTeatro Tascabile di Bergamo<\/strong> (Italia)<br \/>\n100 producciones, 4000 mil funciones y un millo\u0301n de espectadores hacen del colectivo teatral Tascabile di Bergamo uno de los grupos ma\u0301s vistos en los cuatro continentes del planeta tierra. Con el espi\u0301ritu ya casi perdido del \u201cteatro de grupo\u201d el Tascabile se ha nutrido de diversas culturas y di- ferentes te\u0301cnicas para conformar su propia este\u0301tica y su muy particular filosofi\u0301a del especta\u0301culo. El amor, la locura y la muerte llenara\u0301n las calles de Guanajuato del asombro siempre renovado de la moderna comedia italiana.<br \/>\n<strong>22:00<\/strong> &#8211; Duraci\u00f3n 65 minutos<br \/>\n<strong>Pastitos<\/strong> (Salida carretera a Irapuato y Le\u00f3n)<\/p>\n<p><span style=\"text-decoration: underline;\"><em><strong>*Fuente: P\u00e1gina Web del Festival Internacional Cervantino 2010<\/strong><\/em><\/span><\/p>\n","protected":false},"excerpt":{"rendered":"<p>Festival Cervantino &#8211; *Eventos del 29 de Octubre de 2010. &#8220;Cancionero de la Sablonara&#8221; La Colombina (Espa\u00f1a) Cuarteto vocal que<\/p>\n","protected":false},"author":2,"featured_media":6873,"comment_status":"open","ping_status":"open","sticky":false,"template":"","format":"standard","meta":[],"categories":[36,14],"tags":[162,539,621,1053],"_links":{"self":[{"href":"https:\/\/www.travelbymexico.com\/blog\/wp-json\/wp\/v2\/posts\/4540"}],"collection":[{"href":"https:\/\/www.travelbymexico.com\/blog\/wp-json\/wp\/v2\/posts"}],"about":[{"href":"https:\/\/www.travelbymexico.com\/blog\/wp-json\/wp\/v2\/types\/post"}],"author":[{"embeddable":true,"href":"https:\/\/www.travelbymexico.com\/blog\/wp-json\/wp\/v2\/users\/2"}],"replies":[{"embeddable":true,"href":"https:\/\/www.travelbymexico.com\/blog\/wp-json\/wp\/v2\/comments?post=4540"}],"version-history":[{"count":4,"href":"https:\/\/www.travelbymexico.com\/blog\/wp-json\/wp\/v2\/posts\/4540\/revisions"}],"predecessor-version":[{"id":7751,"href":"https:\/\/www.travelbymexico.com\/blog\/wp-json\/wp\/v2\/posts\/4540\/revisions\/7751"}],"wp:featuredmedia":[{"embeddable":true,"href":"https:\/\/www.travelbymexico.com\/blog\/wp-json\/wp\/v2\/media\/6873"}],"wp:attachment":[{"href":"https:\/\/www.travelbymexico.com\/blog\/wp-json\/wp\/v2\/media?parent=4540"}],"wp:term":[{"taxonomy":"category","embeddable":true,"href":"https:\/\/www.travelbymexico.com\/blog\/wp-json\/wp\/v2\/categories?post=4540"},{"taxonomy":"post_tag","embeddable":true,"href":"https:\/\/www.travelbymexico.com\/blog\/wp-json\/wp\/v2\/tags?post=4540"}],"curies":[{"name":"wp","href":"https:\/\/api.w.org\/{rel}","templated":true}]}}