{"id":4538,"date":"2010-08-16T22:32:54","date_gmt":"2010-08-17T03:32:54","guid":{"rendered":"http:\/\/travelbymexico.com\/blog\/?p=4538"},"modified":"2011-06-04T21:09:04","modified_gmt":"2011-06-05T02:09:04","slug":"programa-de-eventos-del-28-de-octubre-festival-cervantino-2010","status":"publish","type":"post","link":"https:\/\/www.travelbymexico.com\/blog\/4538-programa-de-eventos-del-28-de-octubre-festival-cervantino-2010\/","title":{"rendered":"Programa de Eventos del 28 de Octubre-Festival Cervantino 2010"},"content":{"rendered":"<h2>Festival Cervantino &#8211; *Eventos del 28 de Octubre de 2010.<\/h2>\n<p><strong>&#8220;Akamus&#8221; Academia de la M\u00fasica Antigua de Berl\u00edn<\/strong> (Alemania)<br \/>\nAkamus propone, primero, una profunda exploraci\u00f3n de El arte de la fuga de Juan Sebasti\u00e1n Bach, trabajo casi te\u00f3rico, de una abstracci\u00f3n extrema, lecci\u00f3n incomparable de la ciencia del contrapunto. Para su segundo programa, Akamus aborda de nuevo a Bach y a\u00f1ade m\u00fasica de su hijo Carl Philipp Emanuel y de ilustres contempor\u00e1neos como Goldberg, Telemann y Fasch.<br \/>\n<em>M\u00fasica Antigua<\/em><br \/>\n<strong>12:00<\/strong> &#8211; Duraci\u00f3n 75 minutos<br \/>\n<strong>Templo de la Valenciana<\/strong> (Carretera Guanajuatoto-Dolores Hidalgo Km 5)<\/p>\n<p><strong>&#8220;M\u00fasica para flauta de las Am\u00e9ricas&#8221;<br \/>\nMolly Alicia Barth \/ Luis Julio Toro<\/strong> (Estados Unidos, Venezuela)<br \/>\nEl flautista venezolano Luis Julio Toro es un prodigio de te\u0301cnica, re- pertorio y versatilidad. Fue miembro de la ya legendaria Orquesta Sinfo\u0301nica Simo\u0301n Boli\u0301var, hizo sus posgrados musicales en Inglaterra, es un maestro y tutor muy solicitado y sus actuaciones con el grupo venezolano popular Gurrufi\u0301o son una delicia de virtuosismo verna\u0301culo. Ganadora de un Grammy y del Premio Naumburg, la flautista Molly Alicia Barth es tambie\u0301n fundadora del importante ensamble contempora\u0301neo Eighth Blackbird. El recital propuesto pasa por Me\u0301xico, Venezuela y los Estados Unidos y contiene al menos tres cla\u0301sicos contempora\u0301neos: el Nocturno de Lavista, la Lluvia de toritos de A\u0301lvarez y el Soufle\u0301e en flauta de Alonso Toro. Atractivo singular del programa: tres de las piezas ofrecidas sera\u0301n estrenos en Me\u0301xico.<br \/>\n<em>M\u00fasica, solistas (flautas)<\/em><br \/>\n<strong>12:00<\/strong> &#8211; Duraci\u00f3n 55 minutos<br \/>\n<strong>Sal\u00f3n del Consejo Universitario<\/strong> (Edificio Central de la Universidad de Guanajuato, calle Lascurain, Col. Centro)<\/p>\n<p><strong><br \/>\n&#8220;La Campana de la Independencia&#8221;<br \/>\nSilvia Navarrete<\/strong> (M\u00e9xico)<br \/>\nEn su s\u00f3lida trayectoria destacan sus trabajos de investigaci\u00f3n profunda sobre la m\u00fasica mexicana y latinoamericana para piano. Silvia Navarrete propone un fascinante viaje por m\u00fasicas variadas (casi todas ellas desconocidas para el gran p\u00fablico) que se refieren a personajes, lugares, hechos e ideas que tienen una liga cercana con el M\u00e9xico centenario, de 1810 a 1910. A destacar, la Marcha f\u00fanebre de Liszt, en memoria de Maximiliano de Habsburgo, Emperador de M\u00e9xico.<br \/>\n<em>M\u00fasica, solista (piano)<\/em><br \/>\n<strong>18:00 <\/strong>&#8211; Duraci\u00f3n 90 minutos<br \/>\n<strong>Auditorio de Minas<\/strong> (Ex Hacienda San Mat\u00edas s\/n Col. San Javier, Guanajuato)<\/p>\n<p><strong><br \/>\n&#8220;Bol\u00edvar: fragmentos de un sue\u00f1o&#8221;<br \/>\nTeatro Malandro<\/strong> (Suiza\/Colombia)<br \/>\nEl especta\u0301culo del director Omar Porras sobre Simo\u0301n Boli\u0301var, libertador de Ame\u0301rica, elaborado con textos del poeta colombiano William Ospina y dramaturgia de e\u0301l mismo y Sandro Romero, seguramente provocara\u0301 la misma controversia del \u00a1Ay QuiXote!, pues aunque se enmarca en la celebracio\u0301n del bicentenario de la independencia colombiana, esta\u0301 lejos de la iconografi\u0301a oficialista y el discurso patrio\u0301tico, Su evocacio\u0301n de Boli\u0301var le debe ma\u0301s al suen\u0303o que a la realidad y aunque parte de la historia se desborda en la imaginacio\u0301n y el exceso creativo.<br \/>\n<em>Teatro<\/em><br \/>\n<strong>18:00<\/strong> &#8211; Duraci\u00f3n 120 minutos<br \/>\n<strong>Teatro Cervantes<\/strong> (Plaza Allende s\/n Col. Centro, Guanajuato)<\/p>\n<p><strong>&#8220;Faust&#8221;<br \/>\nMeno Fortas Theatre<\/strong> (Lituania)<br \/>\nEimuntas Nekrosius con su versi\u00f3n del Fausto, de Goethe ofrece una superproducci\u00f3n que lleva al colmo todos los atributos de este teatro org\u00e1nico en el que la suma de sus partes forman un todo desmesurado, apabullante, estremecedor. Nekrosius abunda en recursos escenogr\u00e1ficos y humanos para situar fuera del tiempo hist\u00f3rico la lucha del hombre por el conocimiento y para mostrar la negrura del coraz\u00f3n humano capaz de perder el amor para ganar la ciencia.<br \/>\n<em>Teatro<\/em><br \/>\n<strong>18:00 <\/strong>&#8211; Duraci\u00f3n 200 minutos<br \/>\n<strong>Teatro Principal<\/strong> (Cantarranas No.1, Col. Centro, Guanajuato)<\/p>\n<p><strong><br \/>\n&#8220;La Orilla del Mundo&#8221;<br \/>\nPurple People<\/strong> (Chihuahua)<br \/>\nGrupo multidisciplinario de Chihuahua que lo mismo se presenta en teatros, que en plazas pu\u0301blicas, carnavales, festivales de mojigangas, encuentros de poesi\u0301a, televisio\u0301n y cine, Purple People esta\u0301 conformado por 30 artistas, que incluyen la participacio\u0301n de un cuerpo de baile, mu\u0301sicos, cantantes, artistas visuales, un dj y un malabarista, sus ac- tuaciones son espectaculares, sin dejar de lado la cri\u0301tica social, como es el caso de las mujeres asesinadas en Ciudad Jua\u0301rez. El montaje La otra orilla del mundo aborda el rescate de las tradiciones tarahumaras a trave\u0301s de la historia de una pareja indi\u0301gena que lucha contra todas las influencias ajenas a su cultura y co\u0301mo logra preservar su identidad.<br \/>\n<em>Danza<\/em><br \/>\n<strong>19:00 <\/strong>&#8211; Duraci\u00f3n 70 minutos<br \/>\n<strong>Plaza San Fernando<\/strong> (Entre Av. Ju\u00e1rez y Plazuela San Roque, Col. Centro, Guanajuato).<\/p>\n<p><strong><br \/>\n&#8220;El a\u00f1o lit\u00fargico puesto en m\u00fasica en las misiones jesu\u00edticas del oriente de Bolivia&#8221;<br \/>\nLa Capilla del Sol<\/strong> (Argentina)<br \/>\nEste ensamble dedica lo fundamental de su atenci\u00f3n a la investigaci\u00f3n, interpretaci\u00f3n y difusi\u00f3n de la m\u00fasica colonial americana. Las piezas aqu\u00ed reunidas provienen fundamentalmente de los documentos musicales relacionados con las misiones de Moxos y Chiquitos.<br \/>\n<em>M\u00fasica Antigua<\/em><br \/>\n<strong>20:00<\/strong> &#8211; Duraci\u00f3n 60 minutos<br \/>\n<strong>Auditorio Mateo Herrera<\/strong> (Ciudad de Le\u00f3n, Forum Cultural Guanajuato)<\/p>\n<p><strong>Cot\u00f3 y su Eco del Caribe<\/strong> (Cuba)<br \/>\nTrecero cubano Juan de la Cruz Antomarchi Padilla, guantanamero mejor conocido como Cot\u00f3 o El Diamante Negro del Son, forjado con grandes de la m\u00fasica como Chapot\u00edn, Celina Gonz\u00e1lez, Elio Rev\u00e9 y Jes\u00fas Alema\u00f1y, ha creado un estilo propio jubiloso que emparenta la m\u00fasica tradicional cubana con ritmos como el chang\u00fc\u00ed, el calipso y el reggae.<br \/>\n<em>M\u00fasica Popular<\/em><br \/>\n<strong>20:00<\/strong> &#8211; Duraci\u00f3n 90 minutos<br \/>\n<strong>Explanada de la Alh\u00f3ndiga de Granaditas<\/strong> (Mendizabal No. 6 Col. Centro, Guanajuato)<\/p>\n<p><strong>Boris Berezovsky <\/strong>(Rusia)<br \/>\nCon la herencia de los grandes maestros rusos a cuestas, ha creado un estilo deslumbrante que cada an\u0303o lo lleva por las salas de concierto ma\u0301s prestigiosas del mundo. Sus grabaciones para diversos sellos discogra\u0301ficos han sido galardonadas, pero el gran premio para el espectador es disfrutar su poder y versatilidad en concierto, donde, como el gran jugador que es, se entrega totalmente a su arte.<br \/>\n<em>M\u00fasica, solista (piano)<\/em><br \/>\n<strong>21:00<\/strong> &#8211; Duraci\u00f3n 110 minutos<br \/>\n<strong>Teatro Ju\u00e1rez<\/strong> (Sope\u00f1a s\/n, Jard\u00edn de la Uni\u00f3n, Col. Centro, Guanajuato)<\/p>\n<p><span style=\"text-decoration: underline;\"><em><strong>*Fuente: P\u00e1gina Web del Festival Internacional Cervantino 2010<\/strong><\/em><\/span><\/p>\n","protected":false},"excerpt":{"rendered":"<p>Festival Cervantino &#8211; *Eventos del 28 de Octubre de 2010. &#8220;Akamus&#8221; Academia de la M\u00fasica Antigua de Berl\u00edn (Alemania) Akamus<\/p>\n","protected":false},"author":2,"featured_media":6871,"comment_status":"open","ping_status":"open","sticky":false,"template":"","format":"standard","meta":[],"categories":[36,14],"tags":[162,539,621,1053],"_links":{"self":[{"href":"https:\/\/www.travelbymexico.com\/blog\/wp-json\/wp\/v2\/posts\/4538"}],"collection":[{"href":"https:\/\/www.travelbymexico.com\/blog\/wp-json\/wp\/v2\/posts"}],"about":[{"href":"https:\/\/www.travelbymexico.com\/blog\/wp-json\/wp\/v2\/types\/post"}],"author":[{"embeddable":true,"href":"https:\/\/www.travelbymexico.com\/blog\/wp-json\/wp\/v2\/users\/2"}],"replies":[{"embeddable":true,"href":"https:\/\/www.travelbymexico.com\/blog\/wp-json\/wp\/v2\/comments?post=4538"}],"version-history":[{"count":3,"href":"https:\/\/www.travelbymexico.com\/blog\/wp-json\/wp\/v2\/posts\/4538\/revisions"}],"predecessor-version":[{"id":7754,"href":"https:\/\/www.travelbymexico.com\/blog\/wp-json\/wp\/v2\/posts\/4538\/revisions\/7754"}],"wp:featuredmedia":[{"embeddable":true,"href":"https:\/\/www.travelbymexico.com\/blog\/wp-json\/wp\/v2\/media\/6871"}],"wp:attachment":[{"href":"https:\/\/www.travelbymexico.com\/blog\/wp-json\/wp\/v2\/media?parent=4538"}],"wp:term":[{"taxonomy":"category","embeddable":true,"href":"https:\/\/www.travelbymexico.com\/blog\/wp-json\/wp\/v2\/categories?post=4538"},{"taxonomy":"post_tag","embeddable":true,"href":"https:\/\/www.travelbymexico.com\/blog\/wp-json\/wp\/v2\/tags?post=4538"}],"curies":[{"name":"wp","href":"https:\/\/api.w.org\/{rel}","templated":true}]}}