{"id":4519,"date":"2010-08-16T21:24:58","date_gmt":"2010-08-17T02:24:58","guid":{"rendered":"http:\/\/travelbymexico.com\/blog\/?p=4519"},"modified":"2011-06-04T22:04:02","modified_gmt":"2011-06-05T03:04:02","slug":"programa-de-eventos-del-20-de-octubre-festival-cervantino-2010","status":"publish","type":"post","link":"https:\/\/www.travelbymexico.com\/blog\/4519-programa-de-eventos-del-20-de-octubre-festival-cervantino-2010\/","title":{"rendered":"Programa de Eventos del 20 de Octubre-Festival Cervantino 2010"},"content":{"rendered":"<h2>Festival Cervantino -*Eventos del 20 de Octubre de 2010.<\/h2>\n<p><strong>Cuarteto Luis Gianneo <\/strong>(Argentina)<br \/>\nLa vocaci\u00f3n fundamental del grupo est\u00e1 orientada hacia la literatura para cuarteto de compositores argentinos, as\u00ed como hacia la difusi\u00f3n de creadores y repertorios poco conocidos.<br \/>\nLa presencia de Gianneo, pianista y fundador de la escuela nacional argentina de composici\u00f3n,\u00a0 est\u00e1 enfatizada aqu\u00ed con su Cuarteo criollo, que en su t\u00edtulo establece claramente su orientaci\u00f3n. Como complemento, el hermoso y apasionado cuarteto La muerte y la doncella, de Schubert, basado en una de sus canciones, y el bienvenido rescate del Primer cuarteto del polaco Karol Szymanowski, uno de los mejores creadores sonoros de su pa\u00eds.<br \/>\n<em>Grupo de c\u00e1mara<\/em><br \/>\n<strong>12:00<\/strong> &#8211; Duraci\u00f3n 75 minutos<br \/>\n<strong>Templo de la Valenciana<\/strong> (Carretera Guanajuatoto-Dolores Hidalgo Km 5)<\/p>\n<p><strong>&#8220;F\u00e1bula&#8221; \u00d3pera de bolsillo de Oscar Strasnoy<\/strong>.<br \/>\nEl <strong>contratenor Daniel Gloger <\/strong>y el<strong> violista Garth Knox<\/strong> interpretan F\u00e1bula, una \u00f3pera de bolsillo compuesta especialmente para ellos por el compositor franco-argentino \u00d3scar Strasnoy sobre un libreto de Alejandro Tantanian a su vez basado en una historia folcl\u00f3rica italiana y un esquema dramat\u00fargico de Renate Ackermann. \u00d3pera breve y compacta, cantada en castellano, con una escena en yiddish.<br \/>\n<em>M\u00fasica Contempor\u00e1nea<\/em><br \/>\n<strong>18:00<\/strong> &#8211; Duraci\u00f3n 75 minutos<br \/>\n<strong>Auditorio de Minas<\/strong> (Ex Hacienda San Mat\u00edas s\/n Col. San Javier, Guanajuato.)<\/p>\n<p><strong>&#8220;Tranquila&#8221;<br \/>\nThe Avital Dvory Visual Company<\/strong> (Israel).<br \/>\nUna mujer est\u00e1 al borde de la muerte en un pa\u00eds extranjero pero en lugar de ceder al descanso eterno comienza a imaginar un mundo paralelo en el que ocurren encuentros fant\u00e1sticos y pasan cosas tan incre\u00edbles como el que las extremidades de su cuerpo se conviertan en p\u00e1jaros. Espect\u00e1culo tragic\u00f3mico sobre el deseo de vivir, utilizando la imaginaci\u00f3n como el mejor remedio contra la enfermedad y la muerte. Este montaje ha sido reconocido en diversos festivales internacionales por su singular lenguaje visual y por la habilidad de su creadora para ensamblar el teatro f\u00edsico, el teatro de objetos, el teatro visual y el drama.<br \/>\n<em>Teatro<\/em><br \/>\n<strong>18:00<\/strong> &#8211; Duraci\u00f3n 70 minutos<br \/>\n<strong>Teatro Cervantes <\/strong>(Plaza Allende s\/n Col. Centro, Guanajuato)<\/p>\n<p><strong>Conrad Tao<\/strong> (Estados Unidos)<br \/>\nEl perfil art\u00edstico del joven pianista Conrad Tao (originario de Illinois) es lo m\u00e1s cercano que puede estar al concepto de ni\u00f1o prodigio. Adem\u00e1s de pianista, es violinista y compositor y ha ganado a su corta edad numerosos premios, becas y reconocimientos en esas tres \u00e1reas de la actividad musical. Eschenbach, Pletnev, Slatkin, son algunos de los directores ilustres con los que ha colaborado. Recital: obras de Chopin y Beethoven, una sonata del pianista y compositor australiano contempor\u00e1neo Carl Vine y la ultra-rom\u00e1ntica Sonata en si menor de Franz Liszt.<br \/>\n<em>M\u00fasica, Solista Piano.<\/em><br \/>\n<strong>20:00<\/strong> &#8211; Duraci\u00f3n 80 minutos<br \/>\nAuditorio Mateo Herrera (<strong>Ciudad de Le\u00f3n<\/strong>, Forum Cultural Guanajuato)<\/p>\n<p><strong>&#8220;Paseo de Gracia&#8221;<br \/>\nVicente Amigo <\/strong>(Espa\u00f1a) Solista (guitarra)<br \/>\nEn el sevillano Vicente Amigo conviven la tempestad y la calma. El guitarrista toma del flamenco los elementos fundamentales y los conjuga en un discurso propio tan trepidante como reflexivo.<br \/>\n<em>M\u00fasica popular, flamenco.<\/em><br \/>\n<strong>20:00<\/strong> &#8211; Duraci\u00f3n 80 minutos<br \/>\n<strong>Explanada de la Alh\u00f3ndiga de Granaditas<\/strong> (Mendizabal No. 6 Col. Centro, Guanajuato)<strong>. <\/strong><\/p>\n<p><strong>&#8220;Homenaje a Guillermina Bravo&#8221;<br \/>\nGala de Danza &#8211; Aletehia , Grupo Epicentro , Las Pleyades<\/strong> (M\u00e9xico, Quer\u00e9taro)<br \/>\n&#8220;Aletheia Cuerpo Esc\u00e9nico de M\u00e9xico&#8221; de B\u00e1rbara Alvarado, &#8220;Ciudad Interior&#8221; de Alejandro Ch\u00e1vez, &#8220;Grupo Experimental Epicentro&#8221; de Mar\u00eda Jos\u00e9 Medell\u00edn y &#8220;Las Pl\u00e9yades&#8221; de Luis Arregu\u00edn ; ex alumnos de cuatro compa\u00f1\u00edas de danza presentar\u00e1n una selecci\u00f3n de piezas para honrar a su maestra, la renombrada core\u00f3grafa mexicana Guillermina Bravo.<br \/>\n<em>Danza Contempor\u00e1nea.<\/em><br \/>\n<strong>21:00<\/strong> &#8211; Duraci\u00f3n 100 minutos<br \/>\n<strong>Teatro Ju\u00e1rez<\/strong> (Sope\u00f1a s\/n, Jard\u00edn de la Uni\u00f3n, Col. Centro, Guanajuato)<\/p>\n<p><strong><em><span style=\"text-decoration: underline;\">*Fuente: P\u00e1gina Web del Festival Internacional Cervantino 2010<\/span><\/em><\/strong><\/p>\n","protected":false},"excerpt":{"rendered":"<p>Festival Cervantino -*Eventos del 20 de Octubre de 2010. Cuarteto Luis Gianneo (Argentina) La vocaci\u00f3n fundamental del grupo est\u00e1 orientada<\/p>\n","protected":false},"author":2,"featured_media":6857,"comment_status":"open","ping_status":"open","sticky":false,"template":"","format":"standard","meta":[],"categories":[36,14],"tags":[162,539,621,1053],"_links":{"self":[{"href":"https:\/\/www.travelbymexico.com\/blog\/wp-json\/wp\/v2\/posts\/4519"}],"collection":[{"href":"https:\/\/www.travelbymexico.com\/blog\/wp-json\/wp\/v2\/posts"}],"about":[{"href":"https:\/\/www.travelbymexico.com\/blog\/wp-json\/wp\/v2\/types\/post"}],"author":[{"embeddable":true,"href":"https:\/\/www.travelbymexico.com\/blog\/wp-json\/wp\/v2\/users\/2"}],"replies":[{"embeddable":true,"href":"https:\/\/www.travelbymexico.com\/blog\/wp-json\/wp\/v2\/comments?post=4519"}],"version-history":[{"count":3,"href":"https:\/\/www.travelbymexico.com\/blog\/wp-json\/wp\/v2\/posts\/4519\/revisions"}],"predecessor-version":[{"id":7769,"href":"https:\/\/www.travelbymexico.com\/blog\/wp-json\/wp\/v2\/posts\/4519\/revisions\/7769"}],"wp:featuredmedia":[{"embeddable":true,"href":"https:\/\/www.travelbymexico.com\/blog\/wp-json\/wp\/v2\/media\/6857"}],"wp:attachment":[{"href":"https:\/\/www.travelbymexico.com\/blog\/wp-json\/wp\/v2\/media?parent=4519"}],"wp:term":[{"taxonomy":"category","embeddable":true,"href":"https:\/\/www.travelbymexico.com\/blog\/wp-json\/wp\/v2\/categories?post=4519"},{"taxonomy":"post_tag","embeddable":true,"href":"https:\/\/www.travelbymexico.com\/blog\/wp-json\/wp\/v2\/tags?post=4519"}],"curies":[{"name":"wp","href":"https:\/\/api.w.org\/{rel}","templated":true}]}}