{"id":4376,"date":"2010-07-27T01:10:39","date_gmt":"2010-07-27T06:10:39","guid":{"rendered":"http:\/\/travelbymexico.com\/blog\/?p=4376"},"modified":"2011-06-09T18:42:08","modified_gmt":"2011-06-09T23:42:08","slug":"feria-nacional-de-la-plata-2010-en-fresnillo","status":"publish","type":"post","link":"https:\/\/www.travelbymexico.com\/blog\/4376-feria-nacional-de-la-plata-2010-en-fresnillo\/","title":{"rendered":"Feria Nacional de la Plata 2010 en Fresnillo"},"content":{"rendered":"<h2>Feria Nacional de la Plata en Fresnillo, del 13 de Agosto al 5 de Septiembre del 2010. Desde el a\u00f1o de 1954 se celebra la &#8220;Feria Regional de Fresnillo&#8221; como conmemoraci\u00f3n de la fecha de la llegada de la primera expedici\u00f3n de conquistadores a la regi\u00f3n el 2 de septiembre de 1554, tambi\u00e9n fecha de la fundaci\u00f3n de la ciudad.<\/h2>\n<p>En \u00e9sta, la <strong>Edici\u00f3n del 456 ANIVERSARIO de la Fundaci\u00f3n de Fresnillo<\/strong>, participar\u00e1n expositores locales y for\u00e1neos y se realizar\u00e1n eventos populares, art\u00edsticos y culturales. Entre otros espect\u00e1culos, se sabe que participar\u00e1n un circo proveniente  de los pa\u00edses balc\u00e1nicos, un ciclista y malabarista brasileiro y  miniglobos aerost\u00e1ticos.<\/p>\n<p>Para el 2 de Septiembre, se dice que se espera &#8220;algo grande&#8221;, como tal  vez la participaci\u00f3n de Vicente Fern\u00e1ndez, pero nada confirmado hasta  ahora.<br \/>\n<span style=\"text-decoration: underline;\"><strong><em> <\/em><\/strong><\/span><\/p>\n<h3><span style=\"text-decoration: underline;\"><strong><em>Confirmaci\u00f3n de Artistas, y espera de otros&#8230;<br \/>\n<\/em><\/strong><\/span><\/h3>\n<p>Se confirm\u00f3 la participaci\u00f3n de Juan Gabriel y Camila, todav\u00eda no se tiene conocimiento de las fechas.<\/p>\n<p>Se espera la confirmaci\u00f3n de Fanny L\u00fa, Calle 13, Pitbull y Panda.<\/p>\n<p><span style=\"text-decoration: underline;\"><strong>Elecci\u00f3n de Reina Feria Nacional de la Plata 2010<\/strong><\/span><\/p>\n<p>7 o 8 de Agosto: (en espera de confirmaci\u00f3n de la fecha)<\/p>\n<p>El comediante Teo Gonz\u00e1lez y la Elecci\u00f3n de la Reina<\/p>\n<p>Las tres candidatas son Sheyla Flores, Pamela Romero y Norma Ang\u00e9lica Zavala Basurto<\/p>\n<h3><span style=\"text-decoration: underline;\"><strong>6\u00ba Gran Triatl\u00f3n de la Plata 2010<\/strong><\/span><\/h3>\n<p><em>15 de Agosto de 2010 :<\/em><\/p>\n<p><em>Lugar: Parque Ecol\u00f3gico Minera Fresnillo<br \/>\nHora salida: 10:00:00<br \/>\nCupo: 400 triatletas<\/em><\/p>\n<h3><span style=\"text-decoration: underline;\"><br \/>\nCONCIERTOS FENAPLA AGOSTO 2010: <\/span><\/h3>\n<p>7 o 8: (en espera de confirmaci\u00f3n de la fecha): Teo Gonz\u00e1lez y Elecci\u00f3n de la Reina.<br \/>\n13: El Recodo<br \/>\n13: Carlos Cuevas<br \/>\n14: Jesse &amp; Joy<br \/>\n15: Los Tigres del Norte<br \/>\n16: Lupita d&#8217;Alessio<br \/>\n17: Jo Jorge Falc\u00f3n<br \/>\n18: Moderato<br \/>\n19: Paquita la del Barrio<br \/>\n20: Cardenales de Nuevo Le\u00f3n<br \/>\n21: Alejandra Guzm\u00e1n<br \/>\n22: Jenni Rivera<br \/>\n23: Danna Paola<br \/>\n23: La Apuesta<br \/>\n24: Los Titanes de Durango<br \/>\n26: Yuridia<br \/>\n27: Pesado<br \/>\n28: Alex Lora El Tri<br \/>\n29: Los Invasores de Nuevo Le\u00f3n<br \/>\n31: La Original Banda El Lim\u00f3n<br \/>\n31: El Poder del Norte<\/p>\n<h3><span style=\"text-decoration: underline;\">CONCIERTOS FENAPLA SEPTIEMBRE DE 2010<\/span><\/h3>\n<p>1: Duelo<br \/>\n3: Luis Antonio Lopez &#8220;El Mimoso&#8221;<br \/>\n4: Caballo Dorado<br \/>\n5: Banda &#8220;La Chacaloza&#8221;<\/p>\n","protected":false},"excerpt":{"rendered":"<p>Feria Nacional de la Plata en Fresnillo, del 13 de Agosto al 5 de Septiembre del 2010. Desde el a\u00f1o<\/p>\n","protected":false},"author":2,"featured_media":7988,"comment_status":"open","ping_status":"open","sticky":false,"template":"","format":"standard","meta":[],"categories":[36,14],"tags":[520,530,592],"_links":{"self":[{"href":"https:\/\/www.travelbymexico.com\/blog\/wp-json\/wp\/v2\/posts\/4376"}],"collection":[{"href":"https:\/\/www.travelbymexico.com\/blog\/wp-json\/wp\/v2\/posts"}],"about":[{"href":"https:\/\/www.travelbymexico.com\/blog\/wp-json\/wp\/v2\/types\/post"}],"author":[{"embeddable":true,"href":"https:\/\/www.travelbymexico.com\/blog\/wp-json\/wp\/v2\/users\/2"}],"replies":[{"embeddable":true,"href":"https:\/\/www.travelbymexico.com\/blog\/wp-json\/wp\/v2\/comments?post=4376"}],"version-history":[{"count":3,"href":"https:\/\/www.travelbymexico.com\/blog\/wp-json\/wp\/v2\/posts\/4376\/revisions"}],"predecessor-version":[{"id":7987,"href":"https:\/\/www.travelbymexico.com\/blog\/wp-json\/wp\/v2\/posts\/4376\/revisions\/7987"}],"wp:featuredmedia":[{"embeddable":true,"href":"https:\/\/www.travelbymexico.com\/blog\/wp-json\/wp\/v2\/media\/7988"}],"wp:attachment":[{"href":"https:\/\/www.travelbymexico.com\/blog\/wp-json\/wp\/v2\/media?parent=4376"}],"wp:term":[{"taxonomy":"category","embeddable":true,"href":"https:\/\/www.travelbymexico.com\/blog\/wp-json\/wp\/v2\/categories?post=4376"},{"taxonomy":"post_tag","embeddable":true,"href":"https:\/\/www.travelbymexico.com\/blog\/wp-json\/wp\/v2\/tags?post=4376"}],"curies":[{"name":"wp","href":"https:\/\/api.w.org\/{rel}","templated":true}]}}