{"id":4372,"date":"2010-07-13T18:52:59","date_gmt":"2010-07-13T23:52:59","guid":{"rendered":"http:\/\/travelbymexico.com\/blog\/?p=4372"},"modified":"2011-06-09T18:45:21","modified_gmt":"2011-06-09T23:45:21","slug":"expo-feria-saltillo-2010","status":"publish","type":"post","link":"https:\/\/www.travelbymexico.com\/blog\/4372-expo-feria-saltillo-2010\/","title":{"rendered":"Expo Feria Saltillo 2010"},"content":{"rendered":"<h2>Expo Feria Saltillo 2010 &#8211; Del 15 de Julio del 2010 al 01 de Agosto del 2010. De Lunes a Domingo de 16:00 a 23:00 horas en la Expo-Feria, Blvd. de los Fundadores Carretera 57 Km. 6.5 (Carr. Antig\u00fca a Arteaga).<\/h2>\n<p>Costos: $25 pesos: domingo a viernes. $30 pesos: los s\u00e1bados. 2 X1 los lunes y martes.<br \/>\n$10 pesos: Adultos mayores y personas con capacidades diferentes.<\/p>\n<h3>\u00a1Un evento para toda la familia en \u00e9l que se espera la llegada de 300 mil visitantes!<\/h3>\n<p>La Expo Feria Saltillo es organizada por el Patronato de la asociaci\u00f3n ONG\u2019S de Coahuila. Los fondos recolectados est\u00e1n destinados para el apoyo de personas de bajos recursos, con alguna discapacidad, la tercera edad y j\u00f3venes que desean continuar sus estudios.<span style=\"text-decoration: underline;\"> <\/span><\/p>\n<h3><span style=\"text-decoration: underline;\">\u00a1La Expo Feria de Saltillo ya tiene a su Reina!: <\/span><\/h3>\n<p>El pasado 4 de junio, Elisa Ramos fue corona por parte del presidente del Patronato, Melit\u00f3n Tovar, en una noche de gala que tuvo lugar en el complejo gastron\u00f3mico Villa Ferr\u00e9.<\/p>\n<p><span style=\"text-decoration: underline;\"><strong>Actividades: <\/strong><\/span><\/p>\n<ul>\n<li>350 expositores<\/li>\n<li>Exposici\u00f3n de Artesan\u00edas<\/li>\n<li>Degustaci\u00f3n de antojitos regionales<\/li>\n<li>Antojitos regionales<\/li>\n<li>Pabell\u00f3n agropecuario<\/li>\n<li>40 Juegos mec\u00e1nicos para chicos y grandes.<\/li>\n<li>Espect\u00e1culos de pirotecnia<\/li>\n<\/ul>\n<p><span style=\"text-decoration: underline;\"><strong>Eventos gratuitos: <\/strong><\/span><\/p>\n<p>Robert\u2019s Internacional Circus,<br \/>\nCherekes de Oklahoma,<br \/>\nFestival del Pari\u00e1n (en el Palenque)<br \/>\nRodeo familiar \u201cS\u00f3lo Toros\u201d (en el Palenque).\u00a0 <span style=\"text-decoration: underline;\"><strong><\/strong><\/span><\/p>\n<h3><span style=\"text-decoration: underline;\">Cartelera Musical y de Comedia &#8211; Feria de Saltillo 2010 en el Teatro del Pueblo:<\/span><\/h3>\n<ul>\n<li>15 de julio: Volov\u00e1n:<\/li>\n<li>16 de julio: Alicia Villareal<\/li>\n<li>17 de julio: Germ\u00e1n Montero<\/li>\n<li>18 de julio: Tatiana<\/li>\n<li>22 de julio: Jo Jo Jorge Falc\u00f3n<\/li>\n<li>23 de julio: Mar\u00eda Jos\u00e9<\/li>\n<li>24 de julio: K-Paz de la Sierra:<\/li>\n<li>25 de julio: Maribel Guardia:<\/li>\n<li>29 de julio: Kalimba<\/li>\n<li>30 de julio: Aut\u00e9ntica de Jerez<\/li>\n<li>31 de julio: Ana B\u00e1rbara<\/li>\n<li>1o. de agosto: Sonora Tropicana<\/li>\n<\/ul>\n","protected":false},"excerpt":{"rendered":"<p>Expo Feria Saltillo 2010 &#8211; Del 15 de Julio del 2010 al 01 de Agosto del 2010. De Lunes a<\/p>\n","protected":false},"author":2,"featured_media":6839,"comment_status":"open","ping_status":"open","sticky":false,"template":"","format":"standard","meta":[],"categories":[36,14],"tags":[501],"_links":{"self":[{"href":"https:\/\/www.travelbymexico.com\/blog\/wp-json\/wp\/v2\/posts\/4372"}],"collection":[{"href":"https:\/\/www.travelbymexico.com\/blog\/wp-json\/wp\/v2\/posts"}],"about":[{"href":"https:\/\/www.travelbymexico.com\/blog\/wp-json\/wp\/v2\/types\/post"}],"author":[{"embeddable":true,"href":"https:\/\/www.travelbymexico.com\/blog\/wp-json\/wp\/v2\/users\/2"}],"replies":[{"embeddable":true,"href":"https:\/\/www.travelbymexico.com\/blog\/wp-json\/wp\/v2\/comments?post=4372"}],"version-history":[{"count":3,"href":"https:\/\/www.travelbymexico.com\/blog\/wp-json\/wp\/v2\/posts\/4372\/revisions"}],"predecessor-version":[{"id":7990,"href":"https:\/\/www.travelbymexico.com\/blog\/wp-json\/wp\/v2\/posts\/4372\/revisions\/7990"}],"wp:featuredmedia":[{"embeddable":true,"href":"https:\/\/www.travelbymexico.com\/blog\/wp-json\/wp\/v2\/media\/6839"}],"wp:attachment":[{"href":"https:\/\/www.travelbymexico.com\/blog\/wp-json\/wp\/v2\/media?parent=4372"}],"wp:term":[{"taxonomy":"category","embeddable":true,"href":"https:\/\/www.travelbymexico.com\/blog\/wp-json\/wp\/v2\/categories?post=4372"},{"taxonomy":"post_tag","embeddable":true,"href":"https:\/\/www.travelbymexico.com\/blog\/wp-json\/wp\/v2\/tags?post=4372"}],"curies":[{"name":"wp","href":"https:\/\/api.w.org\/{rel}","templated":true}]}}