{"id":4367,"date":"2010-07-13T15:11:38","date_gmt":"2010-07-13T20:11:38","guid":{"rendered":"http:\/\/travelbymexico.com\/blog\/?p=4367"},"modified":"2012-11-01T21:31:00","modified_gmt":"2012-11-02T03:31:00","slug":"feria-nacional-de-zacatecas-2010-edicion-bicentenario","status":"publish","type":"post","link":"https:\/\/www.travelbymexico.com\/blog\/4367-feria-nacional-de-zacatecas-2010-edicion-bicentenario\/","title":{"rendered":"Feria Nacional de Zacatecas 2010- Edici\u00f3n Bicentenario"},"content":{"rendered":"<h2>El 1o. de julio pasado, Amalia Garc\u00eda Medina, Gobernadora del Estado de Zacatecas, present\u00f3 en el Centro Platero\u00a0 el Programa de la pr\u00f3xima Feria Nacional de Zacatecas 2010 &#8211; Edici\u00f3n Bicentenario que se llevar\u00e1 a cabo del 2 al 19 de Septiembre 2010 en la ciudad capital.<\/h2>\n<p>La feria ser\u00e1 inaugurada por el famoso canta-autor Juan Gabriel que coronar\u00e1 a la pr\u00f3xima Reina de la Fenaza 2010.<\/p>\n<p>La Feria Nacional de Zacatecas es el tercer festival m\u00e1s importante de la Rep\u00fablica Mexicana, precedida por la Feria de Aguascalientes y la de Texcoco.<\/p>\n<p>La Gobernadora anunci\u00f3 que las actividades deportivas, recreativas socio-culturales,<br \/>\nart\u00edsticas, taurinas, de charrer\u00eda as\u00ed como la exposici\u00f3n ganadera, ser\u00e1n gratuitas.<\/p>\n<p>Los eventos taurinos, cuyas fechas no han sido comunicadas todav\u00eda, tendr\u00e1n lugar en la Plaza de Toros Monumental de Zacatecas. En esta &#8220;Fiesta Brava&#8221; participar\u00e1n renombrados torreros como Eulalio L\u00f3pez D\u00edaz alias &#8220;El Zotoluco&#8221;, Jorge Delijorge y Nacho Garibay.<\/p>\n<h3>PROGRAMA FENAZA 2010:<\/h3>\n<ul>\n<li>Jueves 2 de Septiembre de 2010\u00a0 en el Teatro del Pueblo:<\/li>\n<\/ul>\n<p>-Inauguraci\u00f3n de la Feria<\/p>\n<p>-Elecci\u00f3n por sorteo de la <strong>Reina de la Feria<\/strong>, entre las siguientes candidatas: Azareth V\u00e1zquez Romo, Claudia Hern\u00e1ndez Enr\u00edquez y Grace Mart\u00ednez Acosta.<\/p>\n<p>Coronaci\u00f3n de la Reina de la Feria por Juan Gabriel.<\/p>\n<h3>EVENTOS ART\u00cdSTICOS EN EL TEATRO DEL PUEBLO del 2 al 18 de septiembre<\/h3>\n<ul>\n<li>Viernes 3 de Septiembre: Espinoza Paz<\/li>\n<li>Sa\u0301bado 4 de Septiembre:\u00a0 Mari\u0301a Jose\u0301 y Edith Ma\u0301rquez<\/li>\n<li>Domingo 5 de Septiembre: Jot Dog<\/li>\n<li>Lunes 6 de Septiembre:\u00a0\u00a0 Moenia<\/li>\n<li>Martes 7 de Septiembre:\u00a0 Camila<\/li>\n<li>Mie\u0301rcoles 8 de Septiembre: Arrolladora Banda Limo\u0301n<\/li>\n<li>Jueves 9 de Septiembre: Playa Limbo<\/li>\n<li>Viernes 10 de Septiembre: Jorge Falco\u0301n<\/li>\n<li>Sa\u0301bado 11 de Septiembre: Kinky<\/li>\n<li>Domingo 12 de Septiembre: El Coyote y su banda Tierra Santa<\/li>\n<li>Lunes 13 de Septiembre: Fanny Lu<\/li>\n<li>Martes 14 de Septiembre: Kalimba<\/li>\n<li>Mie\u0301rcoles 15 de Septiembre: Irasema<\/li>\n<li>Jueves 16 de Septiembre: Alexander Acha<\/li>\n<li>Viernes 17 de Septiembre: La Aute\u0301ntica de Jerez<\/li>\n<li>Sa\u0301bado 18 de Septiembre: Ninel Conde<\/li>\n<\/ul>\n<h3>EVENTOS ART\u00cdSTICOS EN EL PALENQUE del 4 al 18 de septiembre<\/h3>\n<ul>\n<li>Sa\u0301bado 4 de Septiembre: Yuri<\/li>\n<li>Jueves 9 de Septiembre Joan Sebastian<\/li>\n<li>Viernes 10 de Septiembre Marco Antonio Soli\u0301s \u201cEl Buki\u201d<\/li>\n<li>Sa\u0301bado 11 de Septiembre Jenni Rivera<\/li>\n<li>Mie\u0301rcoles 13 de Septiembre Alejandra Guzma\u0301n<\/li>\n<li>Jueves 17 y Viernes 18 de Septiembre Pepe Aguilar<\/li>\n<\/ul>\n","protected":false},"excerpt":{"rendered":"<p>El 1o. de julio pasado, Amalia Garc\u00eda Medina, Gobernadora del Estado de Zacatecas, present\u00f3 en el Centro Platero\u00a0 el Programa<\/p>\n","protected":false},"author":2,"featured_media":6837,"comment_status":"open","ping_status":"open","sticky":false,"template":"","format":"standard","meta":[],"categories":[36,14],"tags":[162,203,9811,521,531,534],"_links":{"self":[{"href":"https:\/\/www.travelbymexico.com\/blog\/wp-json\/wp\/v2\/posts\/4367"}],"collection":[{"href":"https:\/\/www.travelbymexico.com\/blog\/wp-json\/wp\/v2\/posts"}],"about":[{"href":"https:\/\/www.travelbymexico.com\/blog\/wp-json\/wp\/v2\/types\/post"}],"author":[{"embeddable":true,"href":"https:\/\/www.travelbymexico.com\/blog\/wp-json\/wp\/v2\/users\/2"}],"replies":[{"embeddable":true,"href":"https:\/\/www.travelbymexico.com\/blog\/wp-json\/wp\/v2\/comments?post=4367"}],"version-history":[{"count":4,"href":"https:\/\/www.travelbymexico.com\/blog\/wp-json\/wp\/v2\/posts\/4367\/revisions"}],"predecessor-version":[{"id":13071,"href":"https:\/\/www.travelbymexico.com\/blog\/wp-json\/wp\/v2\/posts\/4367\/revisions\/13071"}],"wp:featuredmedia":[{"embeddable":true,"href":"https:\/\/www.travelbymexico.com\/blog\/wp-json\/wp\/v2\/media\/6837"}],"wp:attachment":[{"href":"https:\/\/www.travelbymexico.com\/blog\/wp-json\/wp\/v2\/media?parent=4367"}],"wp:term":[{"taxonomy":"category","embeddable":true,"href":"https:\/\/www.travelbymexico.com\/blog\/wp-json\/wp\/v2\/categories?post=4367"},{"taxonomy":"post_tag","embeddable":true,"href":"https:\/\/www.travelbymexico.com\/blog\/wp-json\/wp\/v2\/tags?post=4367"}],"curies":[{"name":"wp","href":"https:\/\/api.w.org\/{rel}","templated":true}]}}