{"id":3210,"date":"2010-04-09T17:42:22","date_gmt":"2010-04-09T22:42:22","guid":{"rendered":"http:\/\/travelbymexico.com\/blog\/?p=3210"},"modified":"2011-06-10T15:36:37","modified_gmt":"2011-06-10T20:36:37","slug":"eventos-del-bicentenario-2010","status":"publish","type":"post","link":"https:\/\/www.travelbymexico.com\/blog\/3210-eventos-del-bicentenario-2010\/","title":{"rendered":"Eventos del Bicentenario 2010"},"content":{"rendered":"<h2>Fuego del Bicentenario: Con objeto de poner en marcha, de manera  simb\u00f3lica, las conmemoraciones    del Bicentenario del inicio de  nuestra Independencia y el Centenario del inicio    de la Revoluci\u00f3n  Mexicana, en septiembre de 2009, en la Ciudad de M\u00e9xico, el     Presidente Felipe Calder\u00f3n encabez\u00f3 la ceremonia de encendido del Fuego  del    Bicentenario en Palacio Nacional.<\/h2>\n<p>La ceremonia inici\u00f3 con la toma del  fuego de la L\u00e1mpara Votiva del Monumento   a la Independencia y desde  ah\u00ed inici\u00f3 su trayecto a Palacio Nacional sobre el    Paseo de la  Reforma. Esta antorcha fue transportada por 32 ni\u00f1as y ni\u00f1os en     representaci\u00f3n de cada una de las entidades federativas.<\/p>\n<p><a class=\"galeria izquierda\" title=\"Fuego del Bicentenario. Creditos Imagen: www.bicentenarioguanajuato.gob.mx \" href=\"http:\/\/travelbymexico.com\/blog\/imgBase\/2010\/04\/fuego-del-bicentenario.jpg\"><img loading=\"lazy\" title=\"Fuego del Bicentenario\" src=\"http:\/\/travelbymexico.com\/blog\/imgBase\/2010\/04\/fuego-del-bicentenario-229x153.jpg\" alt=\"\" width=\"229\" height=\"153\" \/><\/a><\/p>\n<p>Una vez terminada la ceremonia, el fuego  inici\u00f3    un recorrido por las capitales de los estados, que     concluir\u00e1 en febrero de 2010. En un trayecto de m\u00e1s    de 15 mil  kil\u00f3metros se est\u00e1 iluminando cada una    de las entidades de la  Federaci\u00f3n con el Fuego del    Bicentenario.<\/p>\n<p>Adem\u00e1s, como s\u00edmbolo de unidad, el  Gobierno Federal    entrega a cada entidad federativa una Luminaria     Monumental que simboliza la luz que nos acompa\u00f1ar\u00e1    a todos los  mexicanos a lo largo del A\u00f1o de la Patria.<\/p>\n<h3>Discutamos    M\u00e9xico<\/h3>\n<p>La conmemoraci\u00f3n del Bicentenario del  inicio de la Independencia Nacional   y el Centenario del inicio de la  Revoluci\u00f3n Mexicana exige una reflexi\u00f3n   hist\u00f3rica sobre nuestro  pasado, pero tambi\u00e9n preguntarnos cu\u00e1l es el legado   que queremos dejar  a las pr\u00f3ximas generaciones y cu\u00e1l el futuro que el pa\u00eds   merece.<\/p>\n<p>Discutamos M\u00e9xico es una serie para repensar la historia nacional que    eval\u00faa, a la luz de las investigaciones contempor\u00e1neas y desde la \u00f3ptica  de la   cultura, el panorama hist\u00f3rico de M\u00e9xico, desde los or\u00edgenes de  Mesoam\u00e9rica hasta nuestros d\u00edas, con el fin de impulsar el inter\u00e9s  entre la poblaci\u00f3n por el   conocimiento hist\u00f3rico y la reflexi\u00f3n sobre  el devenir social de <strong>M\u00e9xico<\/strong>.<\/p>\n<p>La serie constar\u00e1 de 150 programas,  transmitidos   durante 2010 por televisi\u00f3n, radio e Internet, en los que     se contar\u00e1 con la presencia de cerca de 500 expertos    en la  historia y la cultura de nuestro pa\u00eds. Se trata de    un espacio de  reflexi\u00f3n abierto y plural, un ejercicio    de imaginaci\u00f3n cr\u00edtica, un  testimonio de nuestra    pluralidad, en donde participan todas las  voces, todas    las corrientes de opini\u00f3n, todas las ideolog\u00edas.<\/p>\n<h3>Regata \u201cCopa    M\u00e9xico \u2013     Edici\u00f3n    Bicentenario\u201d<\/h3>\n<p>Este evento deportivo sin precedente en  el pa\u00eds, convertir\u00e1 a <strong>M\u00e9xico<\/strong>, durante los    meses de febrero y marzo,  en sede de una de las cinco regatas deportivas m\u00e1s    importantes del  mundo, y pondr\u00e1 a la extraordinaria marina <strong>Riviera Nayarit<\/strong> en    el  centro de la atenci\u00f3n de veleristas y deportistas de todo el mundo.<\/p>\n<p><a class=\"galeria derecha\" title=\"Regata Copa Mexico. Imagen de : www.mediotiempo.com\" href=\"http:\/\/travelbymexico.com\/blog\/imgBase\/2010\/04\/regata-nayarit.jpg\"><img loading=\"lazy\" title=\"Regata Copa Mexico\" src=\"http:\/\/travelbymexico.com\/blog\/imgBase\/2010\/04\/regata-nayarit-230x153.jpg\" alt=\"\" width=\"230\" height=\"153\" \/><\/a><\/p>\n<p>Es un magno evento que busca fomentar el  turismo, desarrollar y dar a conocer    el extraordinario mundo de la  vela y reafirmar a M\u00e9xico como un destino cuya   oferta para el turismo  nacional y extranjero es \u00fanica en el continente.<\/p>\n<p>A lo largo de 15 d\u00edas y en el marco de  la <strong>\u201cCopa M\u00e9xico\u201d<\/strong> se podr\u00e1n disfrutar y vivir competencias de la clase     oce\u00e1nica, la m\u00e1s espectacular en el mundo de la vela,    los  sorprendentes y r\u00e1pidos veleros J24, adem\u00e1s de    exhibiciones de la  categor\u00eda Optimist para los peque\u00f1os    veleristas, el Windsurf y por  supuesto el emocionante    Kitesurf, disciplina en la que orgullosamente  contamos    con el campe\u00f3n mundial en la categor\u00eda Course Racing,    el  colimense Sean Farley G\u00f3mez.<\/p>\n<p>Los asistentes podr\u00e1n adem\u00e1s presenciar     cuadrangulares internacionales de voleibol y f\u00fatbol de    playa en <a title=\"Informacion de Puerto Vallarta\" href=\"http:\/\/www.travelbymexico.com\/puertovallarta\"><strong> Nuevo Vallarta.<\/strong><\/a><\/p>\n<p>Un buen ejemplo del trabajo coordinado  entre el    Gobierno Federal y los estados de <a title=\"Informacion de Nayarit\" href=\"http:\/\/travelbymexico.com\/nayarit\"><strong>Nayarit<\/strong><\/a> y <a title=\"Informacion de Jalisco\" href=\"http:\/\/travelbymexico.com\/jalisco\"><strong>Jalisco<\/strong><\/a>, en    busca de un prop\u00f3sito com\u00fan: mantener a M\u00e9xico a la    vanguardia  mundial en turismo.<\/p>\n<p><!--nextpage--><\/p>\n<h3>Regata &#8220;Bicentenario&#8221;<\/h3>\n<p>Con el objeto de conmemorar los  movimientos de independencia de    Latinoam\u00e9rica que se celebran en este  2010, los pa\u00edses con mayor tradici\u00f3n    mar\u00edtima del continente se han  dado a la tarea de organizar la <strong>\u201cRegata Velas    Sudam\u00e9rica 2010\u201d.<\/strong><\/p>\n<p>Esta Regata inici\u00f3 el 2 de febrero en  R\u00edo de Janeiro, Brasil y terminar\u00e1 el 23 de    junio en <strong>Veracruz<\/strong>,  M\u00e9xico. En el recorrido participar\u00e1n buques escuelas veleros    de  Marinas Armadas de Am\u00e9rica Latina y tocar\u00e1n tierra en los pa\u00edses que     celebran 200 a\u00f1os de vida independiente. El gran velero que nos  representar\u00e1    en este evento sin precedente es el Buque Escuela  Cuauht\u00e9moc de la Secretar\u00eda    de Marina Armada de M\u00e9xico.<\/p>\n<p><a class=\"galeria izquierda\" title=\"Regata Bicentenario. Creditos Imagen: buenosaires54.com\" href=\"http:\/\/travelbymexico.com\/blog\/imgBase\/2010\/04\/velas-sudamerica-2010.jpg\"><img loading=\"lazy\" title=\"Regata Bicentenario\" src=\"http:\/\/travelbymexico.com\/blog\/imgBase\/2010\/04\/velas-sudamerica-2010-230x153.jpg\" alt=\"\" width=\"230\" height=\"153\" \/><\/a>El tramo final de la Regata que iniciar\u00e1  el 9 de junio y    terminar\u00e1 el 23 del mismo mes en el Puerto de  Veracruz,    M\u00e9xico, se llamar\u00e1 <strong>Regata Bicentenario<\/strong>. Una vez que    las  embarcaciones lleguen al puerto, iniciar\u00e1n seis d\u00edas    de actividades  culturales y deportivas para los miles de    visitantes y los ciudadanos  del puerto.<\/p>\n<p>Nunca antes se hab\u00eda reunido un n\u00famero  tan    importante de este tipo de embarcaciones en un mismo    evento en  nuestro pa\u00eds. La llegada de los buques se    convertir\u00e1 en un evento de  grandes proporciones, ya    que se convocar\u00e1 a las embarcaciones  locales a salir a    dar la bienvenida a los buques, lo que marcar\u00e1 el  inicio    de las actividades en tierra.<\/p>\n<p>M\u00e9xico ser\u00e1 anfitri\u00f3n de tripulaciones  provenientes    de todo el mundo. Tendremos el privilegio de    mostrar  nuestra cultura y, con la generosidad que nos    caracteriza, abrir los  brazos a las culturas y costumbres   de otros mares.<\/p>\n<h3>M\u00e9xico es Mi Museo<\/h3>\n<p>El proyecto es sin duda una de las  iniciativas m\u00e1s novedosas y creativas de    nuestras celebraciones. La  intenci\u00f3n es convertir a M\u00e9xico en el museo m\u00e1s    grande del mundo  mediante un innovador sistema que combina lo mejor de    nuestras  ciudades y sitios hist\u00f3ricos con la modernidad de las tecnolog\u00edas de la     comunicaci\u00f3n, a trav\u00e9s del tel\u00e9fono celular.<\/p>\n<blockquote><p>Desde mediados de 2009 la Coordinaci\u00f3n  Ejecutiva de las Conmemoraciones    de 2010, seleccion\u00f3 201 sitios o  monumentos hist\u00f3ricos relacionados con la    Independencia y la  Revoluci\u00f3n. Para cada uno de estos sitios se redact\u00f3 un    gui\u00f3n que  describe en un minuto alg\u00fan suceso hist\u00f3rico relevante, acontecido    en  ese lugar.<\/p><\/blockquote>\n<p>Mediante un acuerdo con la industria de  telefon\u00eda    m\u00f3vil se estableci\u00f3 un sistema a trav\u00e9s del cual, desde     el mes de septiembre de 2009, quienes visitan alguno    de estos sitios,  tienen acceso a los guiones hist\u00f3ricos    en espa\u00f1ol o ingl\u00e9s marcando  desde sus tel\u00e9fonos    celulares el n\u00famero: *2010. El conmutador  solicita el    identificador del monumento que est\u00e1 se\u00f1alado en    el  pend\u00f3n frente al sitio. Adem\u00e1s, los monumentos    cuentan con un atril  de acero que permite a las    personas invidentes conocer el esquema  mediante    instrucciones en el sistema braille.<\/p>\n<p>El proyecto tambi\u00e9n permite la recepci\u00f3n  de    informaci\u00f3n a trav\u00e9s de mensajes SMS. Cada    monumento cuenta  con una clave que debe ser enviada    al n\u00famero 2010. Como respuesta,  llega al celular    informaci\u00f3n breve sobre el sitio.<\/p>\n<p>Dado el entusiasmo que ha generado este  proyecto, el    Gobierno Federal ha decidido instalar 2010 sitios en     todo el pa\u00eds durante el a\u00f1o de las conmemoraciones,    mismos que  estar\u00e1n en operaci\u00f3n a partir del \u00faltimo    trimestre del a\u00f1o. A partir  de 2011 el proyecto se    convertir\u00e1 en un est\u00e1ndar cultural y tur\u00edstico  de    M\u00e9xico.<\/p>\n<p>M\u00e9xico es mi Museo es una iniciativa que  busca:<\/p>\n<ul>\n<li>a) Convertir a M\u00e9xico en el museo m\u00e1s  grande del    mundo, aprovechando el patrimonio cultural e    hist\u00f3rico  que convive con nosotros en las calles de    nuestras ciudades y  pueblos.<\/li>\n<li>b) Proveer informaci\u00f3n relevante sobre  sitios y    monumentos hist\u00f3ricos relacionados con la    Independencia y  la Revoluci\u00f3n.<\/li>\n<li>c) Provocar la curiosidad de la sociedad  y acercarla    a los monumentos y sitios en los que se construy\u00f3     nuestra patria.<\/li>\n<li>d) Generar un nuevo punto de referencia  de turismo    cultural a nivel mundial.<\/li>\n<\/ul>\n<h3>Parque    Bicentenario<\/h3>\n<p>La inauguraci\u00f3n del Parque Bicentenario  adem\u00e1s de representar la creaci\u00f3n de    un nuevo pulm\u00f3n para la <strong>Ciudad  de M\u00e9xico<\/strong> por su extensi\u00f3n de 55 hect\u00e1reas,    representa uno de los  trabajos m\u00e1s importantes del mundo en materia de    recuperaci\u00f3n de  sitios contaminados, ya que este predio fue ocupado por    d\u00e9cadas por  la Refiner\u00eda 18 de Marzo, que se mantuvo en operaci\u00f3n de 1946 a    1991.<\/p>\n<p>Es uno de los trabajos de remediaci\u00f3n de  suelo m\u00e1s grande a nivel mundial.    Para la limpieza del predio se  utiliz\u00f3 tecnolog\u00eda de vanguardia que garantiza    la recuperaci\u00f3n de un  espacio urbano que se pondr\u00e1 al servicio del desarrollo    social y  humano de millones de mexicanos.<\/p>\n<blockquote><p>En t\u00e9rminos de dise\u00f1o  arquitect\u00f3nico, el Parque se    conformar\u00e1 por cinco grandes jardines:  Natura, Viento,    Tierra, Sol y Agua.    El Jard\u00edn Natura permitir\u00e1 al  visitante conocer y    disfrutar de la diversidad biol\u00f3gica a trav\u00e9s del  jard\u00edn    bot\u00e1nico, que incluye ocho biomas representativos del    pa\u00eds  y un orquideario.<\/p><\/blockquote>\n<p>El <strong>Jard\u00edn Viento<\/strong> concentrar\u00e1 las zonas  recreativas,    deportivas y de esparcimiento del parque: gimnasio,     alberca, canchas de voleibol, basquetbol, f\u00fatbol r\u00e1pido,    playa con  suelo de arena fina, circuito de patinaje    extremo y un auditorio al  aire libre.<\/p>\n<p>El <strong>Jard\u00edn Tierra<\/strong> est\u00e1 marcado por una  rambla que    permitir\u00e1 la conexi\u00f3n de los cinco jardines. \u00c9ste     contar\u00e1 con una gran explanada, \u00e1rea de picnic, \u00e1rea    de esparcimiento  para las personas de la tercera edad    y \u00e1rea de juegos infantiles,  entre otros.<\/p>\n<p>El <strong>Jard\u00edn Sol<\/strong> ofrecer\u00e1 \u00e1reas de descanso  y de   contemplaci\u00f3n. Contar\u00e1 con una zona de museos, una    planta de  tratamiento de agua, una torre emblem\u00e1tica,    s\u00edmbolo del parque, y un  mirador.<\/p>\n<p>El <strong>Jard\u00edn Agua<\/strong> se compondr\u00e1 por un gran  lago. En este    sitio tambi\u00e9n se ubicar\u00e1 la planta de tratamiento de     agua. Las familias podr\u00e1n descansar a la orilla de un  nuevo lago en  medio de la ciudad.<\/p>\n<p><!--nextpage--><\/p>\n<h3>Ni\u00f1os por el    Bicentenario<\/h3>\n<p>Los ni\u00f1os de la Generaci\u00f3n del  Bicentenario construir\u00e1n el futuro de nuestro    pa\u00eds, convertir\u00e1n los  retos del presente en historia exitosa.<\/p>\n<p>En el marco del d\u00eda del ni\u00f1o, los Ni\u00f1os  de 2010 podr\u00e1n ser testigos del recorrido    de nuestra historia en un  evento de aprendizaje l\u00fadico en el que los elementos    del desfile  dar\u00e1n testimonio de lo sucedido en el pa\u00eds.<\/p>\n<p>Colores, ambiente festivo, carros  aleg\u00f3ricos, comparsas musicales, botargas    y un magno concierto como  cierre para este evento crear\u00e1n un espacio de    convivencia y armon\u00eda  al servicio de las familias mexicanas.<\/p>\n<p>El desfile buscar\u00e1 adem\u00e1s, crear  conciencia c\u00edvica    mediante la incorporaci\u00f3n de estaciones, atendidas  por    ni\u00f1os, en las que se buscar\u00e1 difundir valores como la     tolerancia, el respeto, la democracia, la independencia,    la justicia y  centrar la atenci\u00f3n en temas fundamentales    del presente y futuro  como son el cambio clim\u00e1tico, y    la importancia de la creatividad y la  productividad.<\/p>\n<h3>Orgullosamente   Mexicanos<\/h3>\n<p>Gran espect\u00e1culo multidisciplinario e  itinerante que visitar\u00e1 las 32 ciudades    capitales. La intenci\u00f3n de  esta grandiosa producci\u00f3n es mostrar de manera    memorable, entretenida  y sorprendente, los principales acontecimientos    hist\u00f3ricos de los  \u00faltimos 200 a\u00f1os, pero sobre todo, los muchos motivos que    generan el  orgullo de ser mexicanos.<\/p>\n<p>La producci\u00f3n incluye tecnolog\u00eda de  punta y la m\u00e1s alta calidad art\u00edstica que    integrar\u00e1 arm\u00f3nicamente  diversos recursos, tales como:<\/p>\n<ul>\n<li>a) Proyecci\u00f3n monumental sobre una  pantalla tipo \u201cciclorama\u201d de 110 metros    de largo por 12 metros de  altura<\/li>\n<li>b) M\u00fasica original, especialmente dise\u00f1ada para el     espect\u00e1culo<\/li>\n<li>c) Compa\u00f1\u00eda de danza<\/li>\n<li>d) Audio envolvente 8.1<\/li>\n<li>e) Iluminaci\u00f3n rob\u00f3tica, arquitect\u00f3nica y  antia\u00e9rea<\/li>\n<li>f) Rayos l\u00e1ser, efectos especiales,  pirotecnia computarizada, luminarias de LEDs<\/li>\n<\/ul>\n<p>Orgullosamente mexicanos, mostrar\u00e1 una  monumental  ventana a nuestra historia.<\/p>\n<h3>Galer\u00eda Nacional de M\u00e9xico y     Exposici\u00f3n    Temporal \u201cM\u00e9xico  200 a\u00f1os\u201d<\/h3>\n<p><strong>El Gobierno Federal abre el  Palacio Nacional al mundo.<\/strong><\/p>\n<p>Uno de los edificios m\u00e1s importantes de  Am\u00e9rica ser\u00e1 la sede de la nueva<strong> \u201cGaler\u00eda Nacional\u201d<\/strong>. Por sus  pasillos, podremos recorrer m\u00e1s de 400 a\u00f1os de    historia grabados  literalmente en la piedra de este monumental espacio, testigo   silencioso de nuestro devenir y sede del Poder Ejecutivo Federal.<\/p>\n<p>La nueva Galer\u00eda, abrir\u00e1 sus puertas al  mundo con la Exposici\u00f3n: <strong>\u201cM\u00e9xico 200 a\u00f1os: La Patria en construcci\u00f3n\u201d<\/strong>,  que se constituye    como la mayor muestra hist\u00f3rica jam\u00e1s montada    en  M\u00e9xico, la cual reunir\u00e1 piezas clave de nuestra  historia.<\/p>\n<p>Es la exhibici\u00f3n temporal m\u00e1s relevante  del programa    de las conmemoraciones de 2010, relativas al inicio     del <strong>Bicentenario<\/strong> de la <strong>Independencia Nacional <\/strong>y del <strong> Centenario<\/strong> de la <strong> Revoluci\u00f3n<\/strong> de nuestro pa\u00eds. Acorde    con la dimensi\u00f3n de esta magna  muestra, se han    destinado 4 mil metros cuadrados, distribuidos en     diversos espacios y salas de la reci\u00e9n creada Galer\u00eda.<\/p>\n<p>Adem\u00e1s de un recorrido por 200 a\u00f1os de  vida    independiente de nuestra patria, la visita incluye, por    vez  primera, el acceso a los salones presidenciales,    as\u00ed como al Recinto  Parlamentario y a los murales    pintados por el maestro <strong>Diego Rivera<\/strong>,  restaurados para    la ocasi\u00f3n. Asimismo, los se\u00f1alamientos permitir\u00e1n     al p\u00fablico transitar por la amplia oferta cultural que    incluye el  Palacio Nacional, como: el nuevo Museo  de Sitio, el Museo Recinto  Homenaje a Ju\u00e1rez, las    bibliotecas de Palacio y el nuevo <strong>Jard\u00edn  Bot\u00e1nico.<\/strong><\/p>\n<p>Todas estas actividades ser\u00e1n gratuitas.<\/p>\n<h3>Expo Parque Bicentenario Guanajuato<\/h3>\n<p>El Estado de <a title=\"Informacion de Guanajuato\" href=\"http:\/\/travelbymexico.com\/guanajuato\">Guanajuato<\/a>, cuna de la <strong> Independencia<\/strong>, realiza una de las    exhibiciones m\u00e1s importantes del  a\u00f1o 2010, creando un espacio arquitect\u00f3nico    ejemplar dedicado a  conmemorar.<\/p>\n<p>La sede ser\u00e1 la <a title=\"Descubre las instalaciones del Expo Guanajuato Bicentenario \" href=\"http:\/\/travelbymexico.com\/blog\/fiestas-y-celebraciones\/expo-guanajuato-bicentenario\" target=\"_blank\"><strong>Expo Parque Bicentenario  Guanajuato<\/strong><\/a>, ambicioso proyecto de    m\u00e1s de 96 hect\u00e1reas, en donde  confluir\u00e1n grandes muestras que incluyen una    reflexi\u00f3n en torno al  pasado, presente y futuro de M\u00e9xico e Iberoam\u00e9rica.<\/p>\n<p>El proyecto urbano de largo plazo que se  crea con la Expo Parque Bicentenario    es una iniciativa de desarrollo  regional metropolitano, polivalente y    multifuncional que permitir\u00e1  promover la cultura, el mejoramiento ambiental,  el turismo, la  recreaci\u00f3n, el deporte y la atracci\u00f3n de inversiones.<\/p>\n<p>Se localiza dentro del principal  corredor urbano y    econ\u00f3mico del Estado de Guanajuato, muy cerca de  las    ciudades de <strong>Guanajuato<\/strong>, <strong>Silao<\/strong>, <strong>Le\u00f3n<\/strong> e <strong>Irapuato<\/strong>, en el    coraz\u00f3n  del Baj\u00edo.<\/p>\n<p>La Expo brindar\u00e1 servicio a m\u00e1s de 2  millones    de personas durante el a\u00f1o 2010 y contribuir\u00e1 al     incremento de \u00e1reas verdes y espacios p\u00fablicos bien    planeados y  ordenados para mejorar la convivencia    social.<\/p>\n<p>En la Expo Parque Bicentenario, la  Coordinaci\u00f3n    Ejecutiva de las Conmemoraciones de 2010 presentar\u00e1     las exposiciones \u201cM\u00e9xico, un paseo por la historia\u201d,    \u201cCambio  clim\u00e1tico \u00a1Ya!\u201d y \u201cM\u00e9xico e Iberoam\u00e9rica y  sus Bicentenarios\u201d.<\/p>\n<p><!--nextpage--><\/p>\n<h3>Estela de Luz<\/h3>\n<p>La Estela de Luz es el Monumento  Emblem\u00e1tico del Bicentenario de la    Independencia. Simboliza la  necesidad hist\u00f3rica de conservar y acrecentar    la unidad nacional como  \u00fanica v\u00eda para garantizar el proceso arm\u00f3nico de la    sociedad  mexicana.<\/p>\n<p><a class=\"galeria izquierda\" title=\"Estela de Luz. Creditos Imagen: www.iluminet.com.mx\" href=\"http:\/\/travelbymexico.com\/blog\/imgBase\/2010\/04\/Estela-11.jpg\"><img loading=\"lazy\" title=\"Estela de Luz\" src=\"http:\/\/travelbymexico.com\/blog\/imgBase\/2010\/04\/Estela-11-112x173.jpg\" alt=\"\" width=\"112\" height=\"173\" \/><\/a>El conjunto est\u00e1 conformado por una  estela ubicada en Paseo de la Reforma de    la Ciudad de M\u00e9xico, que se  alza sobre una plaza en el espacio delimitado por    la Secretar\u00eda de  Salud, el Parque Ariel y la Puerta de los Leones del Bosque de     Chapultepec.<\/p>\n<p>La Estela est\u00e1 formada por dos columnas de placas     paralelas de cuarzo de 104 metros de altura \u2013dos veces    52, ciclo  fundamental del mundo mesoamericano\u2013,    simbolizando los dos siglos del  Bicentenario y las dos    culturas que son la esencia de nuestro  mestizaje.    En el basamento de la Estela existir\u00e1 un espacio     conmemorativo dedicado a todas las mujeres y    hombres que dieron vida a  las luchas armadas con la  esperanza de construir un pa\u00eds mejor.<br \/>\nDesde este espacio conmemorativo  los mexicanos    miraremos hacia lo alto, hacia el blanco del cuarzo,     que c\u00e1lida y silenciosamente nos recordar\u00e1 nuestro    origen, y nos  propondr\u00e1 al mismo tiempo un luminoso  destino.<\/p>\n<h3>Celebraci\u00f3n del 200 Aniversario    del Inicio de la     Independencia    Nacional<\/h3>\n<p>Mostrar la grandeza de M\u00e9xico es una  tarea de sentimientos y emociones, de    im\u00e1genes y sensaciones, de  sonidos y experiencias. Las palabras no alcanzan    para expresar con  claridad el interminable mosaico cultural que nos constituye    y  define.<\/p>\n<p>La conmemoraci\u00f3n m\u00e1s grande de nuestra  historia, permitir\u00e1 a los mexicanos    reconocernos en nuestros colores,  sabores, sensaciones, sonidos, expresiones    culturales, sociales y  espirituales.<\/p>\n<p>Esta inigualable producci\u00f3n en la que  participan    decenas de creativos mexicanos y extranjeros de    todas  las disciplinas del arte y la cultura, permitir\u00e1    que nosotros mismos y  el mundo entero podamos    presenciar la grandeza de nuestra historia,  la    generosidad de nuestra tierra, la expresi\u00f3n siempre    presente de  nuestra esperanza y la fuerza creativa y    transformadora de nuestras  manos.<\/p>\n<p>Durante m\u00e1s de diez horas y con la ayuda  de cerca de    15 mil j\u00f3venes voluntarios mexicanos se desplegar\u00e1    un  espect\u00e1culo, sin precedente en nuestra historia,    que mostrar\u00e1 con  claridad nuestra grandeza y    el lugar preponderante que ocupamos entre  las    culturas milenarias del mundo. Ser\u00e1 sin duda la    ceremonia del  \u201cGrito\u201d m\u00e1s grande de la historia    moderna de M\u00e9xico, momento para  conmemorar y    celebrar.<\/p>\n<p>Espect\u00e1culo incluyente que permitir\u00e1  adem\u00e1s    descubrir la Gran Naci\u00f3n Mexicana a trav\u00e9s de su     gastronom\u00eda, sus artesan\u00edas, sus vestidos e im\u00e1genes.<\/p>\n<p>Las 32 entidades federativas estar\u00e1n  presentes en un    espacio com\u00fan, en el que los mexicanos de todas las     latitudes podremos encontrarnos y descubrirnos.<\/p>\n<p>Ser\u00e1 una oportunidad extraordinaria para  mostrarnos    al mundo sin velos ni matices, pero sobre todo para     maravillarnos de nuestro propio potencial. Vernos    a nosotros mismos,  como tambi\u00e9n somos: festivos,    luminosos, creativos, reflexivos,  audaces, interesantes,    inteligentes.<\/p>\n<p>Es una oportunidad para revisar y  fortalecer aquellas    ideas y sentimientos colectivos que nos hacen  mexicanos.    Es una oportunidad para expresar, con la intensidad de la   imagen y del sonido, la fuerza de nuestra cultura.<\/p>\n<h3>Desfile Militar del 16 de    septiembre<\/h3>\n<p><strong><a title=\"Video del Desfile Militar 16 de Septiembre 2010\" href=\"http:\/\/travelbymexico.com\/blog\/videos\/video-desfile-militar-bicentenario-mexico\" target=\"_blank\">Ver el Video del Desfile Militar<\/a><\/strong><\/p>\n<p>Nuestras fuerzas armadas, nacidas del  pueblo, han sido por d\u00e9cadas fuente de    seguridad, de soberan\u00eda y de  la defensa de las mejores causas nacionales. Son    s\u00edmbolo de  solidaridad y subsidiariedad. Son s\u00edmbolo de gallard\u00eda, estabilidad  y  certidumbre.<\/p>\n<p><a class=\"galeria izquierda\" title=\"Desfile Militar 16 de Septiembre\" href=\"http:\/\/travelbymexico.com\/blog\/imgBase\/2010\/04\/desfilehome1gdetq1.jpg\"><img loading=\"lazy\" title=\"Desfile Militar 16 de Septiembre\" src=\"http:\/\/travelbymexico.com\/blog\/imgBase\/2010\/04\/desfilehome1gdetq1-126x173.jpg\" alt=\"\" width=\"126\" height=\"173\" \/><\/a>Durante casi 200 a\u00f1os, las fuerzas  armadas han desfilado para celebrar y    conmemorar nuestras gestas  libertarias, pero en 2010, y dada la importancia    de nuestra  conmemoraci\u00f3n, los asistentes al desfile podr\u00e1n notar innovaciones     que dar\u00e1n mayor realce al siempre gallardo recorrido tradicional.<\/p>\n<p>Esta vez participar\u00e1n 17 agrupamientos  militares    hist\u00f3ricos que permitir\u00e1n un recorrido por cerca de    500  a\u00f1os de desarrollo nacional. Adem\u00e1s, 13 pa\u00edses    invitados har\u00e1n gala  de su solidaridad y reconocimiento    a nuestra naci\u00f3n participando  tambi\u00e9n en este desfile.    El desfile militar 2010 es la oportunidad de  reconocer    y agradecer el esfuerzo y la vocaci\u00f3n de servicio de   nuestras leales fuerzas armadas.<\/p>\n<h3>Festival   Ol\u00edmpico  Bicentenario<\/h3>\n<p>Deporte, creatividad, espectacularidad,  sorpresa es lo que describe a este    importante evento. Se trata de un  acontecimiento sin precedente en el    continente que permitir\u00e1  transformar el coraz\u00f3n del pa\u00eds en un monumental    estadio ol\u00edmpico.<\/p>\n<p>A lo largo de un kil\u00f3metro, podremos  conmemorar nuestra historia de un modo    sano e innovador,  permiti\u00e9ndonos adem\u00e1s acercar el deporte de alto rendimiento a    los  mexicanos, fomentando la cultura deportiva y estimulando la activaci\u00f3n  f\u00edsica.<\/p>\n<p>El programa de actividades del Festival  incluir\u00e1 exhibiciones de deportistas    nacionales y extranjeros  destacados, espacios interactivos de informaci\u00f3n a la ciudadan\u00eda sobre  las distintas disciplinas, y m\u00f3dulos    informativos sobre prevenci\u00f3n de  adicciones y    activaci\u00f3n f\u00edsica.<\/p>\n<p>Participar\u00e1n 30 federaciones deportivas,  32 disciplinas    que incluyen la totalidad de deportes ol\u00edmpicos,  cinco    deportes del programa paral\u00edmpico, 80 mil integrantes    de  cl\u00ednicas deportivas, destacados atletas ol\u00edmpicos,    m\u00e1s de 3 mil  j\u00f3venes voluntarios y un mill\u00f3n de  espectadores.<br \/>\nAdem\u00e1s, todas las regiones del pa\u00eds  podr\u00e1n vibrar con    eventos deportivos en al menos 15 sedes.<\/p>\n<p>El Festival Ol\u00edmpico Bicentenario ser\u00e1  la base de    mayor conciencia y salud en nuestro pa\u00eds.<\/p>\n<p><!--nextpage--><\/p>\n<h3>Plaza del Centenario<\/h3>\n<p>La inauguraci\u00f3n de la <strong>Plaza del  Centenario<\/strong> corresponde a la segunda fase    de construcci\u00f3n del proyecto  ganador del concurso convocado para el    monumento al Bicentenario,  cuya primera fase consiste en la construcci\u00f3n de  la <strong>Estela de Luz.<\/strong><br \/>\nLa gran plaza se extender\u00e1, en la  <strong>Ciudad de M\u00e9xico<\/strong>, sobre el Circuito Interior    entre el Paseo de la  Reforma y el puente peatonal que conecta la Puerta de los    Leones del  Bosque de Chapultepec con el monumento a los Ni\u00f1os H\u00e9roes.<\/p>\n<blockquote><p>Este enorme espacio conmemorativo permitir\u00e1    un rescate urbano de gran  importancia y brindar\u00e1    a millones de personas un espacio ideal para  el    esparcimiento y el descanso.<\/p><\/blockquote>\n<p>Adem\u00e1s, por su localizaci\u00f3n, la <strong>Plaza  del Centenario<\/strong> brindar\u00e1 a sus visitantes una inigualable vista del     <strong>Castillo de Chapultepec<\/strong>, el<strong> Paseo de la Reforma<\/strong> y los  nuevos  rascacielos, s\u00edmbolo del M\u00e9xico actual.<\/p>\n<h3>Celebraci\u00f3n del 100 Aniversario    del Inicio de    la  Revoluci\u00f3n    Mexicana<\/h3>\n<p><a class=\"galeria izquierda\" title=\"Revolucion Mexicana 1910 - 2010. Creditos Imagen: www.mexicoenfotos.com\" href=\"http:\/\/travelbymexico.com\/blog\/imgBase\/2010\/04\/02-mexico-revolucion-mexicana-revolucion-mexicana-12182430819551.jpg\"><img loading=\"lazy\" title=\"Revolucion Mexicana 1910 - 2010\" src=\"http:\/\/travelbymexico.com\/blog\/imgBase\/2010\/04\/02-mexico-revolucion-mexicana-revolucion-mexicana-12182430819551-230x156.jpg\" alt=\"\" width=\"230\" height=\"156\" \/><\/a>El Aniversario del Inicio de la  Revoluci\u00f3n invita a la reflexi\u00f3n sobre lo que    hemos construido  durante los \u00faltimos 100 a\u00f1os en el pa\u00eds. Es un momento ideal    para el  reconocimiento y el reencuentro entre los mexicanos.<\/p>\n<p>Para conmemorar la extraordinaria gesta  de la primera revoluci\u00f3n del siglo    XX, se montar\u00e1 en la <strong>Ciudad de  M\u00e9xico<\/strong> un espect\u00e1culo excepcional de \u201cteatro    urbano\u201d que en tres d\u00edas  inolvidables nos permitir\u00e1 viajar en el tiempo, ir    hacia atr\u00e1s para  poder comprender de mejor manera nuestra lucha por la    construcci\u00f3n de  un pa\u00eds mejor.<\/p>\n<p>Este viaje temporal nos invita a superar lo  inmediato,    y nos recuerda que no podemos permitir que nuestro     pasado se disipe; que es fundamental dar sentido a la    lucha y al  esfuerzo cotidiano de todos los mexicanos.<\/p>\n<p>M\u00e1s de 200 actores y actrices  acompa\u00f1ar\u00e1n el trayecto    de una ni\u00f1a en su b\u00fasqueda por los valores y  principios    que le den certeza, rumbo y esperanza.<\/p>\n<p>La conmemoraci\u00f3n y el espect\u00e1culo de la  celebraci\u00f3n    del Centenario nos brindar\u00e1n una extraordinaria     oportunidad para formar a nuestros hijos en los    valores patrios. Nos  ayudar\u00e1n a difundir la necesidad    de construir en paz nuevos caminos,  nuevos puentes,    nuevos motivos para tener esperanza, al tiempo    de  reconocer tambi\u00e9n los avances, los logros, y las    muchas respuestas  que se construyen d\u00eda a d\u00eda y que    nos permiten sentirnos orgullosos  de esta tierra y de  su gente.<\/p>\n<h3>Edici\u00f3n del libro: Viaje por la    historia de    M\u00e9xico<\/h3>\n<p>Todas las familias mexicanas tendremos a  partir de 2010 un buen libro de    historia en casa.<\/p>\n<p>Como parte central de las  conmemoraciones, el Gobierno Federal enviar\u00e1 a    cada familia el  extraordinario libro de historia de M\u00e9xico de Luis Gonz\u00e1lez y     Gonz\u00e1lez (1925-2003).<\/p>\n<p>Se trata de una edici\u00f3n de m\u00e1s de 25  millones de ejemplares, una de las m\u00e1s    grandes de la historia.<\/p>\n<p>Este texto nos ense\u00f1a que la historia puede ser    aprendida en la  maravillosa combinaci\u00f3n de la    imagen y la lectura, y nos muestra que  aprender    de nuestro pasado puede ser muy entretenido y     enriquecedor.<\/p>\n<p>Este viaje por la historia de M\u00e9xico es    un viaje hacia  nosotros mismos, para descubrirnos y  comprendernos.<\/p>\n<h3>Rehabilitaci\u00f3n de la sala  principal        del Palacio de    Bellas Artes<\/h3>\n<p>La construcci\u00f3n del <strong>Palacio de Bellas<\/strong> Artes dio inicio en 1904 bajo la direcci\u00f3n    del arquitecto italiano  Adamo Boari. Al estallido de la Revoluci\u00f3n, los trabajos    se  suspendieron y el edificio permaneci\u00f3 as\u00ed hasta 1932.<\/p>\n<p>Alberto Pani, Secretario de Hacienda de  la \u00e9poca, abandon\u00f3 la idea de    construir un <strong>Teatro Nacional<\/strong> para  proyectar un edificio que se constituyera    como el centro de la vida  art\u00edstica y cultural del pa\u00eds, as\u00ed naci\u00f3 el Palacio    de Bellas Artes,  aunque el recinto abri\u00f3 sus puertas hasta septiembre de       1934.<\/p>\n<p>Actualmente alberga dos museos: el <strong>Nacional    de Arquitectura<\/strong> y el del  <strong>Palacio de Bellas Artes<\/strong>, as\u00ed    como obras de los m\u00e1s destacados  muralistas. La    sala principal cuenta con un aforo para mil 660     espectadores adem\u00e1s de otros dos espacios de menor    tama\u00f1o: la sala  Manuel M. Ponce y la sala Adamo  Boari.<br \/>\nEn 2007, el Instituto de Ingenier\u00eda  de la Universidad    Nacional Aut\u00f3noma de M\u00e9xico realiz\u00f3 un diagn\u00f3stico     del estado que guardaban las instalaciones del Palacio,    a partir  del cual se confirm\u00f3 la necesidad de una  rehabilitaci\u00f3n mayor.<\/p>\n<p>El proyecto integral de  rehabilitaci\u00f3n comprende    adecuaciones del equipamiento teatral de la  sala,    instalada en 1908, que permitir\u00e1n dotarla con la    m\u00e1s  desarrollada tecnolog\u00eda en sistemas esc\u00e9nicos,    de audio, iluminaci\u00f3n y  video. Asimismo involucra    importantes acciones en materia de  instalaciones    hidr\u00e1ulicas, sanitarias, el\u00e9ctricas y de seguridad.<\/p>\n<p>Revisten particular relevancia el  proyecto arquitect\u00f3nico    ac\u00fastico; la correcci\u00f3n is\u00f3ptica, que  permitir\u00e1 una    mejora visual y confort para los espectadores; as\u00ed como     el dise\u00f1o y suministro de butaquer\u00eda, que armonice    con el entorno  arquitect\u00f3nico y brinde al espectador  un elevado nivel de comodidad.<\/p>\n<p>Una vez que concluyan las diversas  obras, se llevar\u00e1    a cabo la limpieza del tel\u00f3n \u201cTiffany\u201d y el vitral   \u201cApolo\u201d.<br \/>\nPara la reapertura del recinto, se  contempla la presencia    de los principales solistas oper\u00edsticos  mexicanos en la  \u201cGala M\u00e9xico\u201d.<\/p>\n<p><!--nextpage--><\/p>\n<h3>Festival Internacional     Cervantino  2010<\/h3>\n<p><a title=\"Programa del Festival Cervantino 2010\" href=\"http:\/\/travelbymexico.com\/blog\/fiestas-y-celebraciones\/programa-del-festival-cervantino-2010-edicion-bicentenario\" target=\"_blank\">Consultar el Programa del Festival Cervantino 2010<\/a><\/p>\n<p>La edici\u00f3n 2010 del <strong>Festival  Internacional Cervantino<\/strong> se llevar\u00e1 a cabo <strong>del 13    al 31 de octubre<\/strong> y,  en consonancia con las conmemoraciones, tendr\u00e1 como eje  tem\u00e1tico el  <strong>Bicentenario de la Independencia<\/strong> y el <strong>Centenario de la Revoluci\u00f3n<\/strong>.<\/p>\n<p>En su trig\u00e9sima octava edici\u00f3n,  contar\u00e1 con la participaci\u00f3n de importantes    pa\u00edses Invitados de Honor  como Colombia, Argentina y Chile, cuyos    movimientos de independencia  se conmemoran tambi\u00e9n este a\u00f1o.<\/p>\n<p>Asimismo,    enriquecer\u00e1 la  programaci\u00f3n del festival la presencia de los estados de    Chihuahua y  Quer\u00e9taro, los cuales por su trascendencia hist\u00f3rica se vinculan  significativamente a nuestro eje tem\u00e1tico y permiten    profundizar y  comprender sus contenidos.<\/p>\n<p>Durante    19 d\u00edas, el espectador tendr\u00e1 la  oportunidad de    conocer en toda su diversidad la creaci\u00f3n art\u00edstica de   estas regiones.<\/p>\n<p>De manera particular en este a\u00f1o  2010, el <strong>Festival    Internacional Cervantino<\/strong>, se propone cumplir con un     objetivo fundamental, al ofrecer un rico abanico de    actividades  que inviten al disfrute y a la valoraci\u00f3n  sobre la identidad  latinoamericana.<\/p>\n<h3>Festival de m\u00fasica: \u201cJ\u00f3venes 2010\u201d<\/h3>\n<p>Con este extraordinario evento se  marcar\u00e1 el final de las conmemoraciones de  2010.<\/p>\n<p>El festival estar\u00e1 dirigido  principalmente a j\u00f3venes. Ser\u00e1 una fiesta en la que se  construir\u00e1n  espacios de expresi\u00f3n, reflexi\u00f3n y compromiso para la generaci\u00f3n que hoy  tiene el privilegio de celebrar con conciencia el 2010.<\/p>\n<p>El Festival constar\u00e1 de cinco escenarios  con distintas propuestas y g\u00e9neros    musicales.<\/p>\n<p>En cada uno  de ellos participar\u00e1n talentos nacionales    y extranjeros reconocidos  mundialmente. Asimismo,    se convertir\u00e1 en un espacio para que nuevos  talentos    mexicanos difundan sus propuestas.<\/p>\n<p>Durante este magno evento de clausura de  las    celebraciones, los j\u00f3venes mexicanos recibir\u00e1n la    antorcha  con el Fuego del Bicentenario, que representa    la unidad republicana  que dio inicio a los festejos,    y que se convertir\u00e1 en un s\u00edmblo del  futuro y de  renovaci\u00f3n.<\/p>\n<h3>Documentales hist\u00f3ricos<\/h3>\n<p>Este proyecto consiste en la producci\u00f3n  de 12 videos hist\u00f3ricos de una hora de    duraci\u00f3n cada uno: cinco  videos sobre la Independencia Nacional; dos sobre la  Reforma Liberal y  cinco sobre la Revoluci\u00f3n Mexicana.<\/p>\n<p>Esta nueva producci\u00f3n contiene la  interpretaci\u00f3n historiogr\u00e1fica m\u00e1s moderna    sobre los t\u00f3picos que  trata, y para su realizaci\u00f3n se emplearon materiales    originales, as\u00ed  como una novedosa propuesta televisiva.<\/p>\n<p>Adem\u00e1s, incluyen  entrevistas muy valiosas con    historiadores connotados, y en casos  excepcionales con    protagonistas y testigos de nuestra historia  centenaria.<\/p>\n<p>Se trata en suma, de una extraordinaria  producci\u00f3n    que muestra los movimientos esenciales de la historia     de los \u00faltimos 200 a\u00f1os de M\u00e9xico con im\u00e1genes  inolvidables y relatos  entra\u00f1ables.<\/p>\n<h3>Espect\u00e1culo de luces 360\u00b0 en el  Z\u00f3calo<\/h3>\n<p>Durante la celebraci\u00f3n del 199  aniversario del inicio de la Independencia    Nacional el 15 de  septiembre de 2009, y en el marco de la conmemoraci\u00f3n del    99  aniversario del inicio de la Revoluci\u00f3n Mexicana, se present\u00f3 en la  Plaza de    la Constituci\u00f3n, sobre la fachada principal de Palacio  Nacional, un espect\u00e1culo    sin precedente que cautiv\u00f3 a cientos de  miles de personas en sucesivas    presentaciones.<\/p>\n<p>El espect\u00e1culo \u201cM\u00e9xico en el coraz\u00f3n\u201d  despert\u00f3 la imaginaci\u00f3n de los asistentes    y evoc\u00f3 im\u00e1genes de nuestra  historia, tradiciones, colores y emociones.<\/p>\n<p>Para conmemorar  el 200 Aniversario de la    Independencia, el Gobierno Federal  presentar\u00e1 una    producci\u00f3n espectacular que sorprender\u00e1 a todos     mediante una magna proyecci\u00f3n de luces, sonidos,    emociones, color,  cultura e historia en 360\u00b0, sobre    los cuatro costados del coraz\u00f3n de  M\u00e9xico, el Z\u00f3calo  capitalino.<\/p>\n<p><em>Importante: Datos y Textos, tomados del sitio oficial del <a title=\"Sitio Oficial del Bicentenario\" href=\"http:\/\/www.bicentenario.gob.mx\">Bicentenario Mexico<\/a>. Creditos a qui\u00e9n corresponda.<\/em><\/p>\n<p><strong><strong> <\/strong><\/strong><\/p>\n<p><strong><strong> <\/strong><\/strong><\/p>\n<p><strong><strong> <\/strong><\/strong><\/p>\n<p><strong><strong> <\/strong><\/strong><\/p>\n<p><strong><strong> <\/strong><\/strong><\/p>\n<p><strong><strong> <\/strong><\/strong><\/p>\n<p><strong><strong><br \/>\n<\/strong><\/strong><\/p>\n","protected":false},"excerpt":{"rendered":"<p>Fuego del Bicentenario: Con objeto de poner en marcha, de manera simb\u00f3lica, las conmemoraciones del Bicentenario del inicio de nuestra<\/p>\n","protected":false},"author":2,"featured_media":6768,"comment_status":"open","ping_status":"open","sticky":false,"template":"","format":"standard","meta":[],"categories":[14],"tags":[145,161,658,1094],"_links":{"self":[{"href":"https:\/\/www.travelbymexico.com\/blog\/wp-json\/wp\/v2\/posts\/3210"}],"collection":[{"href":"https:\/\/www.travelbymexico.com\/blog\/wp-json\/wp\/v2\/posts"}],"about":[{"href":"https:\/\/www.travelbymexico.com\/blog\/wp-json\/wp\/v2\/types\/post"}],"author":[{"embeddable":true,"href":"https:\/\/www.travelbymexico.com\/blog\/wp-json\/wp\/v2\/users\/2"}],"replies":[{"embeddable":true,"href":"https:\/\/www.travelbymexico.com\/blog\/wp-json\/wp\/v2\/comments?post=3210"}],"version-history":[{"count":7,"href":"https:\/\/www.travelbymexico.com\/blog\/wp-json\/wp\/v2\/posts\/3210\/revisions"}],"predecessor-version":[{"id":8010,"href":"https:\/\/www.travelbymexico.com\/blog\/wp-json\/wp\/v2\/posts\/3210\/revisions\/8010"}],"wp:featuredmedia":[{"embeddable":true,"href":"https:\/\/www.travelbymexico.com\/blog\/wp-json\/wp\/v2\/media\/6768"}],"wp:attachment":[{"href":"https:\/\/www.travelbymexico.com\/blog\/wp-json\/wp\/v2\/media?parent=3210"}],"wp:term":[{"taxonomy":"category","embeddable":true,"href":"https:\/\/www.travelbymexico.com\/blog\/wp-json\/wp\/v2\/categories?post=3210"},{"taxonomy":"post_tag","embeddable":true,"href":"https:\/\/www.travelbymexico.com\/blog\/wp-json\/wp\/v2\/tags?post=3210"}],"curies":[{"name":"wp","href":"https:\/\/api.w.org\/{rel}","templated":true}]}}