{"id":21175,"date":"2018-10-06T16:14:23","date_gmt":"2018-10-06T21:14:23","guid":{"rendered":"http:\/\/www.travelbymexico.com\/blog\/?p=21175"},"modified":"2020-11-10T18:28:56","modified_gmt":"2020-11-11T00:28:56","slug":"puerto-de-veracruz","status":"publish","type":"post","link":"https:\/\/www.travelbymexico.com\/blog\/21175-puerto-de-veracruz\/","title":{"rendered":"Puerto de Veracruz: hist\u00f3rico, festivo y con deliciosa gastronom\u00eda"},"content":{"rendered":"<h2>El Puerto de Veracruz es el m\u00e1s importante de M\u00e9xico, \u00a1y un gran un destino de vacaciones!<\/h2>\n<p class=\"p1\"><span class=\"s1\">Es la ciudad m\u00e1s grande e importante del estado, y adem\u00e1s, el <strong>Puerto de Veracruz<\/strong> es el m\u00e1s importante de <strong>M\u00e9xico<\/strong>. Fundada por <strong>Hern\u00e1n Cort\u00e9s<\/strong>, esta hist\u00f3rica ciudad ofrece grandes atractivos que no te puedes perder, \u00a1as\u00ed que busca <a href=\"https:\/\/www.travelbymexico.com\/veracruz\">hoteles en Veracruz<\/a> y ten un paseo inolvidable!<\/span><\/p>\n<p class=\"p1\"><span class=\"s1\">Un destino festivo e inigualable, donde se realiza la <a href=\"http:\/\/www.travelbymexico.com\/blog\/19287-artistas-y-eventos-del-carnaval-de-veracruz-2017-el-mas-alegre-del-mundo\/\"><strong>Fiesta del Carnaval de Veracruz<\/strong><\/a> en <strong>Semana Santa<\/strong>, del que se dice es el m\u00e1s alegre del mundo. La gastronom\u00eda jarocha es tradicional y muy famosa por su mezcla sabores espa\u00f1oles y veracruzanos en los que se aprovecha pescados y mariscos frescos, una gran variedad de frutas tropicales y, claro, el ma\u00edz tan mexicano.<\/span><\/p>\n<p class=\"p1\"><span class=\"s1\">As\u00ed que ya sean antojitos como <strong>picadas, bocoles, tamales<\/strong> (<strong>zacahuil<\/strong>, <strong>pulacles<\/strong> y muchos m\u00e1s), o bien las <strong>jaibas rellenas<\/strong>, <strong>cocteles<\/strong>, <strong>caldos<\/strong>, <strong>langostinos<\/strong>, el <strong>chilpachole de jaiba<\/strong>, <strong>pescado en escabeche o a la veracruzana<\/strong>, \u00a1tendr\u00e1s un deleite de sabores \u00fanicos!<\/span><\/p>\n<p class=\"p1\"><span class=\"s1\">Aprovecha el\u00a0<strong>Tranv\u00eda Tur\u00edstico<\/strong>, el cual har\u00e1 un recorrido de 40 minutos pasando por 21 puntos del <strong>Centro Hist\u00f3rico del Puerto de Veracruz<\/strong>. \u00a1No te lo puedes perder!<\/span><\/p>\n<h3 class=\"p1\"><span class=\"s1\">Zona arqueol\u00f3gica El Taj\u00edn<\/span><\/h3>\n<p class=\"p1\"><span class=\"s1\">Muy cerca de <strong>Veracruz<\/strong> se encuentra la hermosa ciudad prehisp\u00e1nica de <strong>El Taj\u00edn<\/strong>, antigua capital totonaca en la que podr\u00e1s admirar sus impresionante pir\u00e1mides y palacios, as\u00ed como canchas de juego de pelota. \u00a1Y no pueden faltar los <strong>Voladores de Papantla<\/strong> ejecutando su danza prehisp\u00e1nica!<\/span><\/p>\n<p class=\"p1\"><span class=\"s1\">Aqu\u00ed abre sus puertas un museo que exhibe algunas piezas encontradas en el sitio, as\u00ed como un relajante jard\u00edn con plantas tropicales, incluyendo la arom\u00e1tica planta de <strong>vainilla<\/strong>, que distingui\u00f3 a esta regi\u00f3n gracias a su producci\u00f3n.<\/span><\/p>\n<h3 class=\"p1\"><span class=\"s1\">San Juan de Ul\u00faa<\/span><\/h3>\n<figure id=\"attachment_21756\" aria-describedby=\"caption-attachment-21756\" style=\"width: 480px\" class=\"wp-caption alignnone\"><img loading=\"lazy\" class=\"wp-image-21756 \" src=\"https:\/\/www.travelbymexico.com\/blog\/imgBase\/2018\/10\/sanjuan-320x192.jpg\" alt=\"\" width=\"480\" height=\"288\" srcset=\"https:\/\/www.travelbymexico.com\/blog\/imgBase\/2018\/10\/sanjuan-320x192.jpg 320w, https:\/\/www.travelbymexico.com\/blog\/imgBase\/2018\/10\/sanjuan-640x384.jpg 640w, https:\/\/www.travelbymexico.com\/blog\/imgBase\/2018\/10\/sanjuan-768x461.jpg 768w, https:\/\/www.travelbymexico.com\/blog\/imgBase\/2018\/10\/sanjuan.jpg 1024w\" sizes=\"(max-width: 480px) 100vw, 480px\" \/><figcaption id=\"caption-attachment-21756\" class=\"wp-caption-text\">San Juan de Ul\u00faa en el Puerto de Veracruz<\/figcaption><\/figure>\n<p class=\"p1\"><span class=\"s1\">Es una <strong>peque\u00f1a isla<\/strong> en la que se ubica la <strong>antigua fortaleza y el otrora puerto<\/strong> del mismo nombre. Su construcci\u00f3n fue planeada por los espa\u00f1oles al mando de <strong>Hern\u00e1n Cort\u00e9s<\/strong> el <strong>22 de abril de 1519<\/strong> en el contexto del descubrimiento de <strong>Am\u00e9rica<\/strong>, as\u00ed como por los ataques de piratas y corsarios.<\/span><\/p>\n<p class=\"p1\"><span class=\"s1\">Durante su \u00e9poca como prisi\u00f3n, se convirti\u00f3 en uno de los lugares m\u00e1s temidos de su \u00e9poca en el pa\u00eds, y diversos personajes de la historia de <strong>M\u00e9xico<\/strong> estuvieron en sus celdas. Probablemente el m\u00e1s famoso fue <strong>Jes\u00fas Arriaga<\/strong>, popularmente conocido como <strong>Chucho el Roto<\/strong>, quien logr\u00f3 escapar m\u00e1s de una vez de <strong>San Juan de Ul\u00faa<\/strong>.<\/span><\/p>\n<p class=\"p1\"><span class=\"s1\">Actualmente es una fortaleza que <strong>los visitantes pueden recorrer acompa\u00f1ados de un gu\u00eda<\/strong> que se encuentra en la entrada. Conocer\u00e1n el primer faro de <strong>M\u00e9xico<\/strong> y escuchar\u00e1n muchas <strong>historias y leyendas del lugar<\/strong>.<\/span><\/p>\n<h3 class=\"p1\"><span class=\"s1\">Gran Caf\u00e9 de la Parroquia<\/span><\/h3>\n<p class=\"p1\"><span class=\"s1\">Si no vas al <strong>Gran Caf\u00e9 de la Parroquia<\/strong>, \u00a1no fuiste a <strong>Veracruz<\/strong>! Famoso por sus tradiciones, ambiente familiar y por su caf\u00e9 lechero, este emblem\u00e1tico lugar <strong>tiene su origen en 1808<\/strong>, a\u00f1o del surgimiento de la <strong>Pulper\u00eda de la Parroquia<\/strong>, justo frente a la <strong>Parroquia de Nuestra Se\u00f1ora de la Asunci\u00f3n<\/strong>, ahora <strong>Catedral de Veracruz<\/strong>.<\/span><\/p>\n<p><span class=\"s1\">\u00a1Conoce el hermoso <strong>Puerto de Veracruz <\/strong>y ten unas <strong>vacaciones inolvidables!<\/strong><\/span><\/p>\n","protected":false},"excerpt":{"rendered":"<p>El Puerto de Veracruz es el m\u00e1s importante de M\u00e9xico, \u00a1y un gran un destino de vacaciones! Es la ciudad<\/p>\n","protected":false},"author":88889,"featured_media":21757,"comment_status":"closed","ping_status":"closed","sticky":false,"template":"","format":"standard","meta":[],"categories":[11,31],"tags":[10771,1065,1122,1301],"_links":{"self":[{"href":"https:\/\/www.travelbymexico.com\/blog\/wp-json\/wp\/v2\/posts\/21175"}],"collection":[{"href":"https:\/\/www.travelbymexico.com\/blog\/wp-json\/wp\/v2\/posts"}],"about":[{"href":"https:\/\/www.travelbymexico.com\/blog\/wp-json\/wp\/v2\/types\/post"}],"author":[{"embeddable":true,"href":"https:\/\/www.travelbymexico.com\/blog\/wp-json\/wp\/v2\/users\/88889"}],"replies":[{"embeddable":true,"href":"https:\/\/www.travelbymexico.com\/blog\/wp-json\/wp\/v2\/comments?post=21175"}],"version-history":[{"count":14,"href":"https:\/\/www.travelbymexico.com\/blog\/wp-json\/wp\/v2\/posts\/21175\/revisions"}],"predecessor-version":[{"id":21195,"href":"https:\/\/www.travelbymexico.com\/blog\/wp-json\/wp\/v2\/posts\/21175\/revisions\/21195"}],"wp:featuredmedia":[{"embeddable":true,"href":"https:\/\/www.travelbymexico.com\/blog\/wp-json\/wp\/v2\/media\/21757"}],"wp:attachment":[{"href":"https:\/\/www.travelbymexico.com\/blog\/wp-json\/wp\/v2\/media?parent=21175"}],"wp:term":[{"taxonomy":"category","embeddable":true,"href":"https:\/\/www.travelbymexico.com\/blog\/wp-json\/wp\/v2\/categories?post=21175"},{"taxonomy":"post_tag","embeddable":true,"href":"https:\/\/www.travelbymexico.com\/blog\/wp-json\/wp\/v2\/tags?post=21175"}],"curies":[{"name":"wp","href":"https:\/\/api.w.org\/{rel}","templated":true}]}}