{"id":21102,"date":"2018-09-21T19:12:24","date_gmt":"2018-09-22T00:12:24","guid":{"rendered":"http:\/\/www.travelbymexico.com\/blog\/?p=21102"},"modified":"2019-12-04T10:22:36","modified_gmt":"2019-12-04T16:22:36","slug":"mazatlan-mejor-destino-de-mexico","status":"publish","type":"post","link":"https:\/\/www.travelbymexico.com\/blog\/21102-mazatlan-mejor-destino-de-mexico\/","title":{"rendered":"Ven a Mazatl\u00e1n, el mejor destino de M\u00e9xico en The World Travel Awards"},"content":{"rendered":"<h2 class=\"p1\"><span class=\"s1\">Hoy m\u00e1s que nunca, \u00a1ven a Mazatl\u00e1n y disfruta del mejor destino de M\u00e9xico!<\/span><\/h2>\n<p class=\"p1\"><span class=\"s1\">Ten unas vacaciones inolvidables y ven al\u00a0<strong>mejor destino de M\u00e9xico, Latino Am\u00e9rica<span class=\"Apple-converted-space\">\u00a0<\/span>y Centroam\u00e9rica<\/strong><span class=\"Apple-converted-space\">\u00a0<\/span>seg\u00fan <strong>The World Travel Awards<\/strong>. \u00a1Encuentra los mejores hoteles en Mazatl\u00e1n y vive a lo grande la <strong>Perla del Pac\u00edfico<\/strong>!<\/span><\/p>\n<p class=\"p1\"><span class=\"s1\"><img loading=\"lazy\" class=\"alignleft wp-image-21109 size-medium\" src=\"http:\/\/www.travelbymexico.com\/blog\/imgBase\/2018\/09\/Mazatla\u0301n-panora\u0301mica-320x176.jpg\" alt=\"\" width=\"320\" height=\"176\" srcset=\"https:\/\/www.travelbymexico.com\/blog\/imgBase\/2018\/09\/Mazatla\u0301n-panora\u0301mica-320x176.jpg 320w, https:\/\/www.travelbymexico.com\/blog\/imgBase\/2018\/09\/Mazatla\u0301n-panora\u0301mica-768x423.jpg 768w, https:\/\/www.travelbymexico.com\/blog\/imgBase\/2018\/09\/Mazatla\u0301n-panora\u0301mica-640x353.jpg 640w, https:\/\/www.travelbymexico.com\/blog\/imgBase\/2018\/09\/Mazatla\u0301n-panora\u0301mica.jpg 1275w\" sizes=\"(max-width: 320px) 100vw, 320px\" \/>El secretario de <strong>Turismo<\/strong> de <strong>Sinaloa<\/strong>, <strong>\u00d3scar P\u00e9rez Barros<\/strong>, se\u00f1al\u00f3 que <strong>Mazatl\u00e1n<\/strong> compiti\u00f3 contra m\u00e1s de 200 ciudades en ese certamen, logrando el premio gracias a la imagen internacional lograda con el <strong>Tianguis Tur\u00edstico 2018<\/strong>.<\/span><\/p>\n<p class=\"p1\"><strong><span class=\"s1\">\u00a1Ven a Mazatl\u00e1n y conoce tres playas imperdibles!<\/span><\/strong><\/p>\n<h3 class=\"p1\"><span class=\"s1\">Playa Camar\u00f3n<\/span><\/h3>\n<p class=\"p1\"><span class=\"s1\">Esta es una playa perfecta para quienes buscan<strong> lugares casi v\u00edrgenes<\/strong>, siendo una de las m\u00e1s atractivas del estado. Este <strong>santuario de aguas cristalinas<\/strong>, que se extiende por m\u00e1s de dos kil\u00f3metros, es de pendiente regular y suave oleaje en el que los d\u00edas de sol y playa transcurren en paz y tranquilidad. Resulta <strong>ideal para el ecoturismo<\/strong> y, claro est\u00e1, \u00a1es ideal para practicar<strong> todas las actividades acu\u00e1ticas<\/strong>!<\/span><\/p>\n<h3 class=\"p1\"><span class=\"s1\">Playa S\u00e1balo<\/span><\/h3>\n<p class=\"p1\"><span class=\"s1\">Esta es una de las playas m\u00e1s ex\u00f3ticas, semivirgen y con el mayor cuidado ambiental de la zona. Si buscas actividades, aqu\u00ed podr\u00e1s hacer <strong>paseos en lancha, subir al paraca\u00eddas o embarcarte en un bote equipado para la pesca deportiva<\/strong>. Pero si quieres tranquilidad, las aguas y la belleza de su arena har\u00e1n de esta tu playa favorita.<\/span><\/p>\n<h3 class=\"p1\"><span class=\"s1\">Playa Gaviotas<\/span><\/h3>\n<p class=\"p1\"><span class=\"s1\">Esta playa ubicada en el coraz\u00f3n de la <strong>Zona Dorada <\/strong>comprende una franja costera de 600 metros, es considerada la primera zona recreativa de este destino. Si bien es concurrida, cuenta con el distintivo en la categor\u00eda de <strong>Conservaci\u00f3n Ambiental<\/strong>.<\/span><\/p>\n<p><img loading=\"lazy\" class=\"alignright wp-image-21111 size-medium\" src=\"http:\/\/www.travelbymexico.com\/blog\/imgBase\/2018\/09\/Mazatla\u0301n-3-320x201.jpg\" alt=\"\" width=\"320\" height=\"201\" srcset=\"https:\/\/www.travelbymexico.com\/blog\/imgBase\/2018\/09\/Mazatla\u0301n-3-320x201.jpg 320w, https:\/\/www.travelbymexico.com\/blog\/imgBase\/2018\/09\/Mazatla\u0301n-3-768x482.jpg 768w, https:\/\/www.travelbymexico.com\/blog\/imgBase\/2018\/09\/Mazatla\u0301n-3-640x402.jpg 640w, https:\/\/www.travelbymexico.com\/blog\/imgBase\/2018\/09\/Mazatla\u0301n-3.jpg 1020w\" sizes=\"(max-width: 320px) 100vw, 320px\" \/><\/p>\n<h3 class=\"p1\"><span class=\"s1\">Primeros turistas de Canad\u00e1<\/span><\/h3>\n<p class=\"p1\"><span class=\"s1\">La aerol\u00ednea canadiense\u00a0<strong>West Jet<\/strong> comenz\u00f3 operaciones con un vuelo directo a <strong>Mazatl\u00e1n<\/strong> desde <strong>Calgary<\/strong>, con lo que se da por inaugurada la temporada oto\u00f1o-invierno en la que miles de visitantes del pa\u00eds del norte se refugian en la calidez y hospitalidad de la gran <strong>Perla del Pac\u00edfico<\/strong>.<\/span><\/p>\n<p class=\"p1\"><span class=\"s1\">\u00bfY t\u00fa qu\u00e9 esperas? \u00a1Es momento de pasar unos <a href=\"http:\/\/www.travelbymexico.com\/blog\/20438-playa-brujas-mazatlan\/\">d\u00edas de playa<\/a> en <strong>el mejor destino de M\u00e9xico<\/strong>! <strong>\u00a1As\u00ed que ven a Mazatl\u00e1n!<\/strong><\/span><\/p>\n","protected":false},"excerpt":{"rendered":"<p>Hoy m\u00e1s que nunca, \u00a1ven a Mazatl\u00e1n y disfruta del mejor destino de M\u00e9xico! Ten unas vacaciones inolvidables y ven<\/p>\n","protected":false},"author":88889,"featured_media":21107,"comment_status":"closed","ping_status":"closed","sticky":false,"template":"","format":"standard","meta":[],"categories":[11,40],"tags":[10644,802,10765,10766,10764,1999],"_links":{"self":[{"href":"https:\/\/www.travelbymexico.com\/blog\/wp-json\/wp\/v2\/posts\/21102"}],"collection":[{"href":"https:\/\/www.travelbymexico.com\/blog\/wp-json\/wp\/v2\/posts"}],"about":[{"href":"https:\/\/www.travelbymexico.com\/blog\/wp-json\/wp\/v2\/types\/post"}],"author":[{"embeddable":true,"href":"https:\/\/www.travelbymexico.com\/blog\/wp-json\/wp\/v2\/users\/88889"}],"replies":[{"embeddable":true,"href":"https:\/\/www.travelbymexico.com\/blog\/wp-json\/wp\/v2\/comments?post=21102"}],"version-history":[{"count":10,"href":"https:\/\/www.travelbymexico.com\/blog\/wp-json\/wp\/v2\/posts\/21102\/revisions"}],"predecessor-version":[{"id":21116,"href":"https:\/\/www.travelbymexico.com\/blog\/wp-json\/wp\/v2\/posts\/21102\/revisions\/21116"}],"wp:featuredmedia":[{"embeddable":true,"href":"https:\/\/www.travelbymexico.com\/blog\/wp-json\/wp\/v2\/media\/21107"}],"wp:attachment":[{"href":"https:\/\/www.travelbymexico.com\/blog\/wp-json\/wp\/v2\/media?parent=21102"}],"wp:term":[{"taxonomy":"category","embeddable":true,"href":"https:\/\/www.travelbymexico.com\/blog\/wp-json\/wp\/v2\/categories?post=21102"},{"taxonomy":"post_tag","embeddable":true,"href":"https:\/\/www.travelbymexico.com\/blog\/wp-json\/wp\/v2\/tags?post=21102"}],"curies":[{"name":"wp","href":"https:\/\/api.w.org\/{rel}","templated":true}]}}