{"id":20778,"date":"2018-04-24T23:02:46","date_gmt":"2018-04-25T04:02:46","guid":{"rendered":"http:\/\/www.travelbymexico.com\/blog\/?p=20778"},"modified":"2018-04-24T23:02:46","modified_gmt":"2018-04-25T04:02:46","slug":"elecciones-2018-mexico","status":"publish","type":"post","link":"https:\/\/www.travelbymexico.com\/blog\/20778-elecciones-2018-mexico\/","title":{"rendered":"Elecciones 2018: las m\u00e1s competidas en la historia de M\u00e9xico"},"content":{"rendered":"<h2 class=\"p1\"><span class=\"s1\">Es \u00e9poca de elecciones en M\u00e9xico y los ciudadanos est\u00e1n atentos a las propuestas de los candidatos.<\/span><\/h2>\n<p class=\"p1\"><span class=\"s1\">Las <strong>elecciones federales <\/strong>en<strong><a href=\"https:\/\/www.travelbymexico.com\/destinos\/\"> M\u00e9xico<\/a> de 2018<\/strong>, denominadas oficialmente por la autoridad electoral como el <strong>Proceso Electoral Federal 2017-2018<\/strong>, se llevar\u00e1n a cabo el <strong>domingo 1 de julio de 2018<\/strong>.<span class=\"Apple-converted-space\">\u00a0<\/span><\/span><\/p>\n<p class=\"p1\"><span class=\"s1\"><img loading=\"lazy\" class=\"size-medium wp-image-20783 alignright\" src=\"http:\/\/www.travelbymexico.com\/blog\/imgBase\/2018\/04\/Elecciones-2-320x240.jpg\" alt=\"\" width=\"320\" height=\"240\" srcset=\"https:\/\/www.travelbymexico.com\/blog\/imgBase\/2018\/04\/Elecciones-2-320x240.jpg 320w, https:\/\/www.travelbymexico.com\/blog\/imgBase\/2018\/04\/Elecciones-2-768x576.jpg 768w, https:\/\/www.travelbymexico.com\/blog\/imgBase\/2018\/04\/Elecciones-2-640x480.jpg 640w, https:\/\/www.travelbymexico.com\/blog\/imgBase\/2018\/04\/Elecciones-2.jpg 1024w\" sizes=\"(max-width: 320px) 100vw, 320px\" \/>Ser\u00e1n organizadas por el<strong> Instituto Nacional Electoral (INE)<\/strong> y en ellas se <strong>renovar\u00e1n los siguientes cargos de elecci\u00f3n popular<\/strong> a nivel federal:<\/span><\/p>\n<h3 class=\"p1\"><span class=\"s1\">Presidente de la Rep\u00fablica.<span class=\"Apple-converted-space\">\u00a0<\/span><\/span><\/h3>\n<p class=\"p1\"><span class=\"s1\"><strong>Jefe de Estado y de Gobierno de M\u00e9xico<\/strong>, <strong>electo por \u00fanica ocasi\u00f3n para un periodo de cinco a\u00f1os y diez meses sin posibilidad de reelecci\u00f3n<\/strong>. Aunque los periodos presidenciales en <strong>M\u00e9xico<\/strong>\u00a0duran seis a\u00f1os, <strong>la reforma pol\u00edtica electoral de 2014<\/strong> estableci\u00f3 que a partir del a\u00f1o 2024 la fecha de inicio del periodo presidencial cambiar\u00eda <strong>del 1\u00b0 de diciembre al 1\u00b0 de octubre<\/strong>, lo que result\u00f3 en la <strong>reducci\u00f3n del periodo 2018-2024<\/strong>.<\/span><\/p>\n<h3 class=\"p1\"><span class=\"s1\">Senadores.<span class=\"Apple-converted-space\">\u00a0<\/span><\/span><\/h3>\n<p class=\"p1\"><span class=\"s1\"><strong>128 miembros de la c\u00e1mara alta del Congreso de la Uni\u00f3n<\/strong>. <strong>96 elegidos en elecciones por estado<\/strong>, es decir, tres senadores electos de manera directa por cada estado de la <strong>Rep\u00fablica<\/strong> (dos electos por mayor\u00eda relativa y uno otorgado por el principio de primera minor\u00eda) y <strong>32 electos por representaci\u00f3n proporcional<\/strong> a partir de una lista nacional por partido. Todos ellos por un <strong>periodo de seis a\u00f1os a partir del 1\u00b0 de agosto del 2018<\/strong> con <strong>posibilidad de reelecci\u00f3n por un periodo adicional.<\/strong><\/span><\/p>\n<h3 class=\"p1\"><span class=\"s1\"><img loading=\"lazy\" class=\"size-medium wp-image-20785 alignleft\" src=\"http:\/\/www.travelbymexico.com\/blog\/imgBase\/2018\/04\/Elecciones-320x240.jpg\" alt=\"\" width=\"320\" height=\"240\" srcset=\"https:\/\/www.travelbymexico.com\/blog\/imgBase\/2018\/04\/Elecciones-320x240.jpg 320w, https:\/\/www.travelbymexico.com\/blog\/imgBase\/2018\/04\/Elecciones-640x480.jpg 640w, https:\/\/www.travelbymexico.com\/blog\/imgBase\/2018\/04\/Elecciones.jpg 695w\" sizes=\"(max-width: 320px) 100vw, 320px\" \/>Diputados federales.<span class=\"Apple-converted-space\">\u00a0<\/span><\/span><\/h3>\n<p class=\"p1\"><span class=\"s1\"><strong>500 miembros de la c\u00e1mara baja del Congreso de la Uni\u00f3n<\/strong>. <strong>300 elegidos por mayor\u00eda simple y 200 mediante el principio de representaci\u00f3n proporcional<\/strong> a partir de cinco listas regionales por partido. Todos ellos electos para un <strong>periodo de tres a\u00f1os a partir del 1\u00b0 de agosto del 2018 con la posibilidad de reelecci\u00f3n por hasta tres periodos adicionales<\/strong>. Ning\u00fan partido podr\u00e1 tener m\u00e1s de 300 diputados en la c\u00e1mara baja.<\/span><\/p>\n<p class=\"p1\"><span class=\"s1\">Se trata, sin duda, de la elecci\u00f3n m\u00e1s grande en la historia del pa\u00eds por el n\u00famero de cargos en disputa, y porque el mismo d\u00eda de la jornada electoral federal se realizar\u00e1n elecciones locales en 30 de los 32 estados de la Rep\u00fablica.<\/span><\/p>\n<p class=\"p1\"><strong><span class=\"s1\">\u00a1Inf\u00f3rmate, participa y vota este 1 de julio!<\/span><\/strong><\/p>\n","protected":false},"excerpt":{"rendered":"<p>Es \u00e9poca de elecciones en M\u00e9xico y los ciudadanos est\u00e1n atentos a las propuestas de los candidatos. Las elecciones federales<\/p>\n","protected":false},"author":88889,"featured_media":20782,"comment_status":"closed","ping_status":"closed","sticky":false,"template":"","format":"standard","meta":[],"categories":[912],"tags":[10720,9559,10718,818,7113,10721,10719],"_links":{"self":[{"href":"https:\/\/www.travelbymexico.com\/blog\/wp-json\/wp\/v2\/posts\/20778"}],"collection":[{"href":"https:\/\/www.travelbymexico.com\/blog\/wp-json\/wp\/v2\/posts"}],"about":[{"href":"https:\/\/www.travelbymexico.com\/blog\/wp-json\/wp\/v2\/types\/post"}],"author":[{"embeddable":true,"href":"https:\/\/www.travelbymexico.com\/blog\/wp-json\/wp\/v2\/users\/88889"}],"replies":[{"embeddable":true,"href":"https:\/\/www.travelbymexico.com\/blog\/wp-json\/wp\/v2\/comments?post=20778"}],"version-history":[{"count":8,"href":"https:\/\/www.travelbymexico.com\/blog\/wp-json\/wp\/v2\/posts\/20778\/revisions"}],"predecessor-version":[{"id":20789,"href":"https:\/\/www.travelbymexico.com\/blog\/wp-json\/wp\/v2\/posts\/20778\/revisions\/20789"}],"wp:featuredmedia":[{"embeddable":true,"href":"https:\/\/www.travelbymexico.com\/blog\/wp-json\/wp\/v2\/media\/20782"}],"wp:attachment":[{"href":"https:\/\/www.travelbymexico.com\/blog\/wp-json\/wp\/v2\/media?parent=20778"}],"wp:term":[{"taxonomy":"category","embeddable":true,"href":"https:\/\/www.travelbymexico.com\/blog\/wp-json\/wp\/v2\/categories?post=20778"},{"taxonomy":"post_tag","embeddable":true,"href":"https:\/\/www.travelbymexico.com\/blog\/wp-json\/wp\/v2\/tags?post=20778"}],"curies":[{"name":"wp","href":"https:\/\/api.w.org\/{rel}","templated":true}]}}