{"id":2075,"date":"2009-04-13T19:05:46","date_gmt":"2009-04-14T00:05:46","guid":{"rendered":"http:\/\/travelbymexico.com\/travelblog\/?p=2075"},"modified":"2011-07-11T20:46:33","modified_gmt":"2011-07-12T01:46:33","slug":"ex-convento-de-san-francisco-2","status":"publish","type":"post","link":"https:\/\/www.travelbymexico.com\/blog\/2075-ex-convento-de-san-francisco-2\/","title":{"rendered":"Ex Convento de San Francisco"},"content":{"rendered":"<h2>En el siglo XVII el edificio, el <a title=\"Ex Convento de San Francisco en la ciudad de Zacatecas, M\u00e9xico\" href=\"http:\/\/www.travelbymexico.com\/zacatecas\/atractivos\/index.php?nom=kzacsanfco&amp;don=20\" target=\"_blank\">Ex Convento de San Francisco<\/a> fue sede de la provincia de San Francisco de <a title=\"Atractivos Tur\u00edsticos, Zacatecas\" href=\"http:\/\/www.travelbymexico.com\/zacatecas\">Zacatecas<\/a>.<\/h2>\n<p>Desde 1953 hab\u00eda la inquietud por rescatar el monumento, y fue hasta 1980 cuando, con el af\u00e1n de convertir el edificio en museo, se realiz\u00f3 una reconstrucci\u00f3n limitada. Este recinto de inestimable valor es una de los m\u00e1s bellos del pa\u00eds y \u00fanico en su g\u00e9nero por la calidad de su colecci\u00f3n.<\/p>\n<p>Actualmente alberga al <a title=\"M\u00e1s de 5000 m\u00e1scaras de arte popular mexicano en el Museo Rafael Coronel, ciudad de Zacatecas\" href=\"http:\/\/www.travelbymexico.com\/zacatecas\/atractivos\/index.php?nom=kzacrafcor&amp;don=10\" target=\"_blank\"><strong>Museo Rafael Coronel<\/strong><\/a> el cual presenta interesantes colecciones de arte popular mexicano encabezadas por la denominada &#8220;El rostro de M\u00e9xico&#8221; que est\u00e1 integrada por m\u00e1s de cinco mil m\u00e1scaras mexicanas.<\/p>\n<p>Ubicaci\u00f3n: Matamoros y G. Salinas, col. Centro, Zacatecas<\/p>\n<p>&nbsp;<\/p>\n<p><a title=\"Atractivos Tur\u00edsticos,\" href=\"http:\/\/www.travelbymexico.com\/zacatecas\/atractivos\/index.php?num=5\"><strong>M\u00e1s informaci\u00f3n sobre los Atractivos Tur\u00edsticos de Zacatecas<\/strong><\/a><\/p>\n<p>&nbsp;<\/p>\n","protected":false},"excerpt":{"rendered":"<p>En el siglo XVII el edificio, el Ex Convento de San Francisco fue sede de la provincia de San Francisco<\/p>\n","protected":false},"author":2,"featured_media":6666,"comment_status":"open","ping_status":"open","sticky":false,"template":"","format":"standard","meta":[],"categories":[5,20],"tags":[491,797,887,1290],"_links":{"self":[{"href":"https:\/\/www.travelbymexico.com\/blog\/wp-json\/wp\/v2\/posts\/2075"}],"collection":[{"href":"https:\/\/www.travelbymexico.com\/blog\/wp-json\/wp\/v2\/posts"}],"about":[{"href":"https:\/\/www.travelbymexico.com\/blog\/wp-json\/wp\/v2\/types\/post"}],"author":[{"embeddable":true,"href":"https:\/\/www.travelbymexico.com\/blog\/wp-json\/wp\/v2\/users\/2"}],"replies":[{"embeddable":true,"href":"https:\/\/www.travelbymexico.com\/blog\/wp-json\/wp\/v2\/comments?post=2075"}],"version-history":[{"count":3,"href":"https:\/\/www.travelbymexico.com\/blog\/wp-json\/wp\/v2\/posts\/2075\/revisions"}],"predecessor-version":[{"id":8739,"href":"https:\/\/www.travelbymexico.com\/blog\/wp-json\/wp\/v2\/posts\/2075\/revisions\/8739"}],"wp:featuredmedia":[{"embeddable":true,"href":"https:\/\/www.travelbymexico.com\/blog\/wp-json\/wp\/v2\/media\/6666"}],"wp:attachment":[{"href":"https:\/\/www.travelbymexico.com\/blog\/wp-json\/wp\/v2\/media?parent=2075"}],"wp:term":[{"taxonomy":"category","embeddable":true,"href":"https:\/\/www.travelbymexico.com\/blog\/wp-json\/wp\/v2\/categories?post=2075"},{"taxonomy":"post_tag","embeddable":true,"href":"https:\/\/www.travelbymexico.com\/blog\/wp-json\/wp\/v2\/tags?post=2075"}],"curies":[{"name":"wp","href":"https:\/\/api.w.org\/{rel}","templated":true}]}}