{"id":20745,"date":"2018-04-17T18:35:25","date_gmt":"2018-04-17T23:35:25","guid":{"rendered":"http:\/\/www.travelbymexico.com\/blog\/?p=20745"},"modified":"2018-04-17T18:35:25","modified_gmt":"2018-04-17T23:35:25","slug":"morelia-sede-feria-pueblos-magicos","status":"publish","type":"post","link":"https:\/\/www.travelbymexico.com\/blog\/20745-morelia-sede-feria-pueblos-magicos\/","title":{"rendered":"Morelia ser\u00e1 sede de la 5 Feria Internacional de Pueblos M\u00e1gicos"},"content":{"rendered":"<h2 class=\"p2\"><span class=\"s1\">Morelia alojar\u00e1 esta importante feria del 11 al 14 de octubre de 2018.<\/span><\/h2>\n<p class=\"p2\"><span class=\"s1\"><strong>Morelia<\/strong>, conocida por sus <strong>canteras rosas<\/strong>, su majestuoso<strong> acueducto<\/strong>\u00a0y <strong>magn\u00edfica\u00a0catedral<\/strong>, <strong>ser\u00e1 la sede de la 5 Feria Internacional de Pueblos M\u00e1gicos<\/strong>.<\/span><\/p>\n<p class=\"p2\"><span class=\"s1\">Gracias al <strong>patrimonio arquitect\u00f3nico conservado desde la \u00e9poca colonial<\/strong>, el <strong>Centro Hist\u00f3rico de Morelia<\/strong> fue declarado <strong>Patrimonio Cultural de la Humanidad por la UNESCO<\/strong> en 1991, convirtiendo a esta ciudad en <strong>el destino sin playa m\u00e1s visitado de todo M\u00e9xico<\/strong>.<\/span><\/p>\n<p class=\"p2\"><span class=\"s1\"><img loading=\"lazy\" class=\"size-medium wp-image-20748 alignright\" src=\"http:\/\/www.travelbymexico.com\/blog\/imgBase\/2018\/04\/Morelia-1-320x176.jpg\" alt=\"\" width=\"320\" height=\"176\" srcset=\"https:\/\/www.travelbymexico.com\/blog\/imgBase\/2018\/04\/Morelia-1-320x176.jpg 320w, https:\/\/www.travelbymexico.com\/blog\/imgBase\/2018\/04\/Morelia-1.jpg 550w\" sizes=\"(max-width: 320px) 100vw, 320px\" \/>En el marco del <strong>43 Tianguis Tur\u00edstico<\/strong>, que se realiza en <strong><a href=\"https:\/\/www.travelbymexico.com\/mazatlan\/hoteles\/\">Mazatl\u00e1n<\/a>, Sinaloa<\/strong>, el subsecretario de<strong> Innovaci\u00f3n y Desarrollo Tur\u00edstico de la Secretar\u00eda de Turismo (Sectur)<\/strong>, <strong>Rub\u00e9n Gerardo Corona Gonz\u00e1lez<\/strong>, dio a conocer la elecci\u00f3n de Morelia como sede de esta feria.<\/span><\/p>\n<p class=\"p2\"><span class=\"s1\">La pasada edici\u00f3n tuvo lugar en <strong>Nuevo Le\u00f3n<\/strong>, donde se rompi\u00f3 r\u00e9cord de asistencia, pues se recibieron cerca de 115 mil asistentes, con una ocupaci\u00f3n hotelera de 85 por ciento. <\/span><\/p>\n<p class=\"p2\"><span class=\"s1\"><em>\u201cAhora damos la oportunidad al estado de Michoac\u00e1n, donde seguramente superaremos estas cifras. Felicidades por haber tomado la responsabilidad de llevar esta Feria de Pueblos M\u00e1gicos, que es el marco perfecto para mostrar las maravillas que tiene este estado lleno de tradici\u00f3n, de magia y de folklor en M\u00e9xico\u201d<\/em>, expres\u00f3. <\/span><\/p>\n<h3 class=\"p2\"><span class=\"s1\">La arquitectura de Morelia: Patrimonio del Mundo<\/span><\/h3>\n<p class=\"p2\"><span class=\"s1\"><strong><img loading=\"lazy\" class=\"size-medium wp-image-20749 alignleft\" src=\"http:\/\/www.travelbymexico.com\/blog\/imgBase\/2018\/04\/Morelia-2-320x211.jpg\" alt=\"\" width=\"320\" height=\"211\" srcset=\"https:\/\/www.travelbymexico.com\/blog\/imgBase\/2018\/04\/Morelia-2-320x211.jpg 320w, https:\/\/www.travelbymexico.com\/blog\/imgBase\/2018\/04\/Morelia-2-768x506.jpg 768w, https:\/\/www.travelbymexico.com\/blog\/imgBase\/2018\/04\/Morelia-2-640x422.jpg 640w, https:\/\/www.travelbymexico.com\/blog\/imgBase\/2018\/04\/Morelia-2.jpg 1024w\" sizes=\"(max-width: 320px) 100vw, 320px\" \/><a href=\"https:\/\/www.travelbymexico.com\/morelia\/hoteles\/\">Morelia<\/a> es la ciudad con m\u00e1s edificios catalogados como monumentos arquitect\u00f3nicos<\/strong>: posee 1,113 y de ellos 260 fueron se\u00f1alados como relevantes.<\/span><\/p>\n<p class=\"p2\"><span class=\"s1\">En su declaraci\u00f3n, la <strong>UNESCO<\/strong> consider\u00f3 que algunas de <strong>las perspectivas urbanas del Centro Hist\u00f3rico de Morelia constituyen \u201cun modelo \u00fanico en Am\u00e9rica\u201d<\/strong>. <\/span><\/p>\n<p class=\"p2\"><span class=\"s1\">La arquitectura monumental de la ciudad se caracteriza por su estilo calificado como <strong>\u201cbarroco moreliano\u201d<\/strong>, por la originalidad de sus expresiones locales que se plasman en el <strong>Acueducto<\/strong>, la <strong>Catedral Metropolitana<\/strong>, en el conjunto de la<strong> iglesia de la Compa\u00f1\u00eda y el ex Colegio Jesuita<\/strong> as\u00ed como en las <strong>fachadas<\/strong> y las <strong>arcadas<\/strong> de los corredores y patios de las<strong> casas Vallisoletanas<\/strong>.<\/span><\/p>\n<p class=\"p2\"><span class=\"s1\">La diversidad de estilos va desde tipolog\u00edas arquitect\u00f3nicas de finales del<strong> siglo XVI<\/strong>, donde el aspecto de fortaleza medieval convive con<strong> elementos renacentistas, barrocos y el neocl\u00e1sico<\/strong> hasta llegar al <strong>eclecticismo y afrancesamiento<\/strong> del periodo de <strong>Porfirio D\u00edaz<\/strong>.<\/span><\/p>\n","protected":false},"excerpt":{"rendered":"<p>Morelia alojar\u00e1 esta importante feria del 11 al 14 de octubre de 2018. Morelia, conocida por sus canteras rosas, su<\/p>\n","protected":false},"author":88889,"featured_media":20747,"comment_status":"closed","ping_status":"closed","sticky":false,"template":"","format":"standard","meta":[],"categories":[5,9],"tags":[10714,821,842,1653],"_links":{"self":[{"href":"https:\/\/www.travelbymexico.com\/blog\/wp-json\/wp\/v2\/posts\/20745"}],"collection":[{"href":"https:\/\/www.travelbymexico.com\/blog\/wp-json\/wp\/v2\/posts"}],"about":[{"href":"https:\/\/www.travelbymexico.com\/blog\/wp-json\/wp\/v2\/types\/post"}],"author":[{"embeddable":true,"href":"https:\/\/www.travelbymexico.com\/blog\/wp-json\/wp\/v2\/users\/88889"}],"replies":[{"embeddable":true,"href":"https:\/\/www.travelbymexico.com\/blog\/wp-json\/wp\/v2\/comments?post=20745"}],"version-history":[{"count":5,"href":"https:\/\/www.travelbymexico.com\/blog\/wp-json\/wp\/v2\/posts\/20745\/revisions"}],"predecessor-version":[{"id":20753,"href":"https:\/\/www.travelbymexico.com\/blog\/wp-json\/wp\/v2\/posts\/20745\/revisions\/20753"}],"wp:featuredmedia":[{"embeddable":true,"href":"https:\/\/www.travelbymexico.com\/blog\/wp-json\/wp\/v2\/media\/20747"}],"wp:attachment":[{"href":"https:\/\/www.travelbymexico.com\/blog\/wp-json\/wp\/v2\/media?parent=20745"}],"wp:term":[{"taxonomy":"category","embeddable":true,"href":"https:\/\/www.travelbymexico.com\/blog\/wp-json\/wp\/v2\/categories?post=20745"},{"taxonomy":"post_tag","embeddable":true,"href":"https:\/\/www.travelbymexico.com\/blog\/wp-json\/wp\/v2\/tags?post=20745"}],"curies":[{"name":"wp","href":"https:\/\/api.w.org\/{rel}","templated":true}]}}