{"id":20646,"date":"2018-03-08T21:11:17","date_gmt":"2018-03-09T03:11:17","guid":{"rendered":"http:\/\/www.travelbymexico.com\/blog\/?p=20646"},"modified":"2018-03-08T21:11:17","modified_gmt":"2018-03-09T03:11:17","slug":"ficpv-puerto-vallarta-2018","status":"publish","type":"post","link":"https:\/\/www.travelbymexico.com\/blog\/20646-ficpv-puerto-vallarta-2018\/","title":{"rendered":"No te pierdas el FICPV en Puerto Vallarta del 12 al 23 de marzo"},"content":{"rendered":"<h2 class=\"p1\"><span class=\"s1\">El Festival Internacional de Cine en Puerto Vallarta (FICPV) cumple 18 a\u00f1os y lo celebrar\u00e1 en grande.<\/span><\/h2>\n<p class=\"p1\"><span class=\"s1\"><strong>Del 12 al 23 de marzo<\/strong>, los cin\u00e9filos disfrutar\u00e1n del <strong>FICPV<\/strong>:\u00a0<strong>Festival Internacional de Cine en <a href=\"http:\/\/www.travelbymexico.com\/puertovallarta\/hoteles\/\">Puerto Vallarta<\/a><\/strong>, con <strong>sede en el Centro Universitario de la Costa (CUCosta)<\/strong> de la <strong>Universidad de Guadalajara (UdeG)<\/strong>; instituci\u00f3n organizadora del festival.<\/span><\/p>\n<p class=\"p1\"><span class=\"s1\">El <strong>talento art\u00edstico invitado<\/strong> incluye a figuras como la actriz mexicana de cine, teatro y televisi\u00f3n, <strong>Gabriela Roel<\/strong>; la actriz de origen nicarag\u00fcense de cine y televisi\u00f3n, <strong>Camila Selser<\/strong>; los noveles actores mexicanos <strong>Erick El\u00edas y Francisco De la Reguera<\/strong>; la directora de cine para adultos, <strong>Erika Lust<\/strong> (Barcelona); el director y productor de la cadena de televisi\u00f3n HBO, <strong>Dan Attias<\/strong> (Estados Unidos); y el actor y guionista, <strong>Mark O\u2019Halloran<\/strong> (Irlanda).<\/span><\/p>\n<p class=\"p1\"><span class=\"s1\"><strong><img loading=\"lazy\" class=\"size-medium wp-image-20652 alignleft\" src=\"http:\/\/www.travelbymexico.com\/blog\/imgBase\/2018\/03\/Festival-320x170.jpg\" alt=\"\" width=\"320\" height=\"170\" srcset=\"https:\/\/www.travelbymexico.com\/blog\/imgBase\/2018\/03\/Festival-320x170.jpg 320w, https:\/\/www.travelbymexico.com\/blog\/imgBase\/2018\/03\/Festival-768x407.jpg 768w, https:\/\/www.travelbymexico.com\/blog\/imgBase\/2018\/03\/Festival-640x339.jpg 640w, https:\/\/www.travelbymexico.com\/blog\/imgBase\/2018\/03\/Festival.jpg 1170w\" sizes=\"(max-width: 320px) 100vw, 320px\" \/>El FICPV incluye, adem\u00e1s, la entrega de la presea \u201cLa iguana de oro\u201d<\/strong> a destacados personajes del mundo del cine y actividades paralelas como la <strong>C\u00e1tedra Huston de Cine y Literatura<\/strong>, entre otras actividades como charlas, presentaciones y exposiciones.<\/span><\/p>\n<p class=\"p1\"><span class=\"s1\"><strong>\u201cPuerto Vallarta, ciudad de pel\u00edcula\u201d<\/strong> <strong>es el lema del FICPV,<\/strong> mismo que honra la vocaci\u00f3n cinematogr\u00e1fica que ha acompa\u00f1ado <strong>al destino tur\u00edstico m\u00e1s importante de Jalisco<\/strong>, desde la filmaci\u00f3n en 1963 del emblem\u00e1tico filme del director <strong>John Huston<\/strong>,<strong> La noche de la iguana<\/strong>.<\/span><\/p>\n<h3 class=\"p1\"><span class=\"s1\">Cine para todos<\/span><\/h3>\n<p class=\"p1\"><span class=\"s1\"><strong>El programa de este a\u00f1o incluye m\u00e1s de 40 pel\u00edculas<\/strong> <strong>con proyecci\u00f3n gratuita y abierta al p\u00fablico<\/strong> en general, repartidas en once secciones: <strong>Oficial, Acad\u00e9mica, Adulto mayor, Ambiental, Cine transfronterizo, Cortometrajes, Ecos del Festival de Cine de Cork, Gourmet, Infantil, Musical y Premio Maguey.<\/strong><\/span><\/p>\n<p class=\"p1\"><span class=\"s1\">Destaca el estreno en M\u00e9xico del documental en 3D, <strong>Las maravillas del mar<\/strong>, dirigido por <strong>Jean-Michel Cousteau<\/strong>, hijo del legendario explorador y conservacionista <strong>Jacques Cousteau<\/strong>, y <strong>narrado por el actor estadunidense Arnold Schwarzenegger<\/strong>.<\/span><\/p>\n<p class=\"p1\"><span class=\"s1\">En su quinta edici\u00f3n como parte del <strong>FICPV<\/strong>, <strong>Premio Maguey arriba a Puerto Vallarta con el tema \u201cOver the Rainbow\u201d<\/strong> y una selecci\u00f3n de <strong>cuatro filmes queer\/LGBTTTI<\/strong>, entre los que se incluye <strong>El repostero de Berl\u00edn.<\/strong><\/span><\/p>\n<h3 class=\"p1\"><span class=\"s1\"><img loading=\"lazy\" class=\"size-medium wp-image-20653 alignright\" src=\"http:\/\/www.travelbymexico.com\/blog\/imgBase\/2018\/03\/Puerto-Vallarta-320x213.jpg\" alt=\"\" width=\"320\" height=\"213\" srcset=\"https:\/\/www.travelbymexico.com\/blog\/imgBase\/2018\/03\/Puerto-Vallarta-320x213.jpg 320w, https:\/\/www.travelbymexico.com\/blog\/imgBase\/2018\/03\/Puerto-Vallarta-768x512.jpg 768w, https:\/\/www.travelbymexico.com\/blog\/imgBase\/2018\/03\/Puerto-Vallarta-640x427.jpg 640w, https:\/\/www.travelbymexico.com\/blog\/imgBase\/2018\/03\/Puerto-Vallarta.jpg 1024w\" sizes=\"(max-width: 320px) 100vw, 320px\" \/>Ciudad de pel\u00edcula<\/span><\/h3>\n<p class=\"p1\"><span class=\"s1\">Algunas de las <strong>subsedes del FICPV son<\/strong>: el anfiteatro <strong>Los Arcos del Malec\u00f3n<\/strong>, los parques <strong>L\u00e1zaro C\u00e1rdenas y Los Sauces<\/strong>, la <strong>Escuela de Gastronom\u00eda Estaci\u00f3n Gourmet de la UdeG<\/strong>, la <strong>Escuela Preparatoria Regional de Puerto Vallarta<\/strong>, <strong>The Jazz Foundation<\/strong>, <strong>El Barracuda\/El Solar<\/strong>, la <strong>Biblioteca Los Mangos<\/strong>, <strong>La Isla Shopping Village<\/strong>, <strong>Villa Mercedes Petit Hotel<\/strong> y la <strong>Oficina de Proyectos Culturales (OPC)<\/strong>.<\/span><\/p>\n<p>\u00a1No te pierdas el FICPV en el mejor destino de Jalisco!<\/p>\n","protected":false},"excerpt":{"rendered":"<p>El Festival Internacional de Cine en Puerto Vallarta (FICPV) cumple 18 a\u00f1os y lo celebrar\u00e1 en grande. Del 12 al<\/p>\n","protected":false},"author":88889,"featured_media":20650,"comment_status":"closed","ping_status":"closed","sticky":false,"template":"","format":"standard","meta":[],"categories":[10514,37],"tags":[121,10702,10703,687,1068],"_links":{"self":[{"href":"https:\/\/www.travelbymexico.com\/blog\/wp-json\/wp\/v2\/posts\/20646"}],"collection":[{"href":"https:\/\/www.travelbymexico.com\/blog\/wp-json\/wp\/v2\/posts"}],"about":[{"href":"https:\/\/www.travelbymexico.com\/blog\/wp-json\/wp\/v2\/types\/post"}],"author":[{"embeddable":true,"href":"https:\/\/www.travelbymexico.com\/blog\/wp-json\/wp\/v2\/users\/88889"}],"replies":[{"embeddable":true,"href":"https:\/\/www.travelbymexico.com\/blog\/wp-json\/wp\/v2\/comments?post=20646"}],"version-history":[{"count":7,"href":"https:\/\/www.travelbymexico.com\/blog\/wp-json\/wp\/v2\/posts\/20646\/revisions"}],"predecessor-version":[{"id":20656,"href":"https:\/\/www.travelbymexico.com\/blog\/wp-json\/wp\/v2\/posts\/20646\/revisions\/20656"}],"wp:featuredmedia":[{"embeddable":true,"href":"https:\/\/www.travelbymexico.com\/blog\/wp-json\/wp\/v2\/media\/20650"}],"wp:attachment":[{"href":"https:\/\/www.travelbymexico.com\/blog\/wp-json\/wp\/v2\/media?parent=20646"}],"wp:term":[{"taxonomy":"category","embeddable":true,"href":"https:\/\/www.travelbymexico.com\/blog\/wp-json\/wp\/v2\/categories?post=20646"},{"taxonomy":"post_tag","embeddable":true,"href":"https:\/\/www.travelbymexico.com\/blog\/wp-json\/wp\/v2\/tags?post=20646"}],"curies":[{"name":"wp","href":"https:\/\/api.w.org\/{rel}","templated":true}]}}