{"id":20588,"date":"2018-02-28T00:14:30","date_gmt":"2018-02-28T06:14:30","guid":{"rendered":"http:\/\/www.travelbymexico.com\/blog\/?p=20588"},"modified":"2018-02-28T00:14:30","modified_gmt":"2018-02-28T06:14:30","slug":"circo-san-pancho-voila","status":"publish","type":"post","link":"https:\/\/www.travelbymexico.com\/blog\/20588-circo-san-pancho-voila\/","title":{"rendered":"Circo de los Ni\u00f1os de San Pancho presenta Voil\u00e1! en Riviera Nayarit"},"content":{"rendered":"<h2 class=\"p1\"><span class=\"s1\"><b>El Circo de los Ni\u00f1os de San Pancho, capital cultural de la Riviera Nayarit, presentar\u00e1 Voil\u00e1! para recaudar fondos.<\/b><\/span><\/h2>\n<p class=\"p1\"><span class=\"s1\"><strong>\u00a1Ya est\u00e1 aqu\u00ed el Circo de los Ni\u00f1os de San Pancho!<\/strong> Y en esta ocasi\u00f3n abre sus puertas para <strong>su evento anual de recaudaci\u00f3n de fondos con el espect\u00e1culo Voil\u00e1!<\/strong>, que combina <strong>circo y orquesta<\/strong> con la participaci\u00f3n de <strong>m\u00e1s de 150 j\u00f3venes artistas.<\/strong><br \/>\n<\/span><\/p>\n<p class=\"p1\"><span class=\"s1\"><strong><img loading=\"lazy\" class=\"size-medium wp-image-20593 alignright\" src=\"http:\/\/www.travelbymexico.com\/blog\/imgBase\/2018\/02\/Circo-320x144.jpg\" alt=\"\" width=\"320\" height=\"144\" srcset=\"https:\/\/www.travelbymexico.com\/blog\/imgBase\/2018\/02\/Circo-320x144.jpg 320w, https:\/\/www.travelbymexico.com\/blog\/imgBase\/2018\/02\/Circo-768x346.jpg 768w, https:\/\/www.travelbymexico.com\/blog\/imgBase\/2018\/02\/Circo-640x288.jpg 640w, https:\/\/www.travelbymexico.com\/blog\/imgBase\/2018\/02\/Circo.jpg 1440w\" sizes=\"(max-width: 320px) 100vw, 320px\" \/>El Circo de los Ni\u00f1os<\/strong> <strong>fue creado en 2011 por Gilles Ste\u2019Croix<\/strong>, cofundador del <strong>Cirque du Soleil<\/strong>, con el dise\u00f1o de <strong>Monique Voyer<\/strong>. Y lo que comenz\u00f3 como una introducci\u00f3n a las artes circenses, se ha convertido en un instituto \u00fanico en su tipo, con un equipo profesional de instructores y cada vez m\u00e1s estudiantes con el deseo de experimentar la magia del circo y otras artes esc\u00e9nicas.<\/span><\/p>\n<p class=\"p1\"><span class=\"s1\">La escuela, localizada <strong>en la localidad tur\u00edstica de San Francisco<\/strong>, en <a href=\"http:\/\/www.travelbymexico.com\/rivieranayarit\/hoteles\/\">Riviera Nayarit<\/a>, se transformar\u00e1 <strong>los d\u00edas 21, 22, 23\u00a0y 24 de marzo de 2018<\/strong> en un elaborado escenario en una producci\u00f3n \u00fanica, acompa\u00f1ados de la <strong>Orquesta Escuela de Puerto Vallarta<\/strong>.\u00a0<\/span>Los ni\u00f1os seleccionados para participar en el espect\u00e1culo viven en <strong>San Pancho<\/strong> y <strong>Sayulita<\/strong>, y muchos de ellos han sido parte del programa desde su inicio.<\/p>\n<h3>Un espect\u00e1culo en Riviera Nayarit con causa<\/h3>\n<p class=\"p1\"><span class=\"s1\"><strong><img loading=\"lazy\" class=\"size-medium wp-image-20594 alignleft\" src=\"http:\/\/www.travelbymexico.com\/blog\/imgBase\/2018\/02\/Circo-2-320x213.jpg\" alt=\"\" width=\"320\" height=\"213\" srcset=\"https:\/\/www.travelbymexico.com\/blog\/imgBase\/2018\/02\/Circo-2-320x213.jpg 320w, https:\/\/www.travelbymexico.com\/blog\/imgBase\/2018\/02\/Circo-2-768x512.jpg 768w, https:\/\/www.travelbymexico.com\/blog\/imgBase\/2018\/02\/Circo-2-640x427.jpg 640w, https:\/\/www.travelbymexico.com\/blog\/imgBase\/2018\/02\/Circo-2.jpg 1086w\" sizes=\"(max-width: 320px) 100vw, 320px\" \/>Voil\u00e1! se presentar\u00e1 en la Bodega Circo en punto de las 19:30 horas<\/strong>,<strong>\u00a0<\/strong>un espacio ideal para la pr\u00e1ctica de actividades circenses, ubicada <strong>a un costado de la Bodega 3<\/strong>, por la <strong>Avenida Tercer Mundo<\/strong>.\u00a0<\/span><\/p>\n<p>\u00a1Esta es tu oportunidad de ayudar y disfrutar! Porque no s\u00f3lo ver\u00e1s un espect\u00e1culo original en un magn\u00edfico destino de la Riviera Nayarit, sino que todas <strong>las ganancias del evento ser\u00e1n destinadas a los programas de j\u00f3venes del Circo de los Ni\u00f1os de San Pancho<\/strong>.<strong>\u00a0Los asientos son para p\u00fablico en general<\/strong>, con la excepci\u00f3n del \u00e1rea especial designada para donadores del fondo <strong>Atrapa Sue\u00f1os<\/strong>.<\/p>\n<p>Para m\u00e1s informaci\u00f3n, env\u00eda un correo electr\u00f3nico a <strong>circodelosninossp@gmail.com<\/strong> o<strong> llama al tel\u00e9fono (311) 258-4366<\/strong>.<\/p>\n<p><strong>\u00a1No te lo puedes perder!<\/strong><\/p>\n","protected":false},"excerpt":{"rendered":"<p>El Circo de los Ni\u00f1os de San Pancho, capital cultural de la Riviera Nayarit, presentar\u00e1 Voil\u00e1! para recaudar fondos. \u00a1Ya<\/p>\n","protected":false},"author":88889,"featured_media":20592,"comment_status":"closed","ping_status":"closed","sticky":false,"template":"","format":"standard","meta":[],"categories":[36,29],"tags":[10695,1592,8497,10696],"_links":{"self":[{"href":"https:\/\/www.travelbymexico.com\/blog\/wp-json\/wp\/v2\/posts\/20588"}],"collection":[{"href":"https:\/\/www.travelbymexico.com\/blog\/wp-json\/wp\/v2\/posts"}],"about":[{"href":"https:\/\/www.travelbymexico.com\/blog\/wp-json\/wp\/v2\/types\/post"}],"author":[{"embeddable":true,"href":"https:\/\/www.travelbymexico.com\/blog\/wp-json\/wp\/v2\/users\/88889"}],"replies":[{"embeddable":true,"href":"https:\/\/www.travelbymexico.com\/blog\/wp-json\/wp\/v2\/comments?post=20588"}],"version-history":[{"count":6,"href":"https:\/\/www.travelbymexico.com\/blog\/wp-json\/wp\/v2\/posts\/20588\/revisions"}],"predecessor-version":[{"id":20597,"href":"https:\/\/www.travelbymexico.com\/blog\/wp-json\/wp\/v2\/posts\/20588\/revisions\/20597"}],"wp:featuredmedia":[{"embeddable":true,"href":"https:\/\/www.travelbymexico.com\/blog\/wp-json\/wp\/v2\/media\/20592"}],"wp:attachment":[{"href":"https:\/\/www.travelbymexico.com\/blog\/wp-json\/wp\/v2\/media?parent=20588"}],"wp:term":[{"taxonomy":"category","embeddable":true,"href":"https:\/\/www.travelbymexico.com\/blog\/wp-json\/wp\/v2\/categories?post=20588"},{"taxonomy":"post_tag","embeddable":true,"href":"https:\/\/www.travelbymexico.com\/blog\/wp-json\/wp\/v2\/tags?post=20588"}],"curies":[{"name":"wp","href":"https:\/\/api.w.org\/{rel}","templated":true}]}}